{"id":1624,"date":"2014-07-26T17:11:28","date_gmt":"2014-07-26T15:11:28","guid":{"rendered":"http:\/\/willi-junker.de\/dachs\/?p=1624"},"modified":"2014-07-26T17:11:28","modified_gmt":"2014-07-26T15:11:28","slug":"basel-tattoo-2014","status":"publish","type":"post","link":"https:\/\/willi-junker.de\/dachs\/?p=1624","title":{"rendered":"Basel Tattoo 2014"},"content":{"rendered":"<p><a href=\"https:\/\/i0.wp.com\/willi-junker.de\/dachs\/wp-content\/uploads\/2014\/07\/wpid-IMAG05651.jpg?ssl=1\"><img data-recalc-dims=\"1\" decoding=\"async\" title=\"IMAG0565.jpg\" class=\"alignnone size-full\" alt=\"image\" src=\"https:\/\/i0.wp.com\/willi-junker.de\/dachs\/wp-content\/uploads\/2014\/07\/wpid-IMAG0565.jpg?w=640&#038;ssl=1\" \/><\/a><\/p>\n<p><a href=\"https:\/\/i0.wp.com\/willi-junker.de\/dachs\/wp-content\/uploads\/2014\/07\/wpid-IMAG05661.jpg?ssl=1\"><img data-recalc-dims=\"1\" decoding=\"async\" title=\"IMAG0566.jpg\" class=\"alignnone size-full\" alt=\"image\" src=\"https:\/\/i0.wp.com\/willi-junker.de\/dachs\/wp-content\/uploads\/2014\/07\/wpid-IMAG0566.jpg?w=640&#038;ssl=1\" \/><\/a><\/p>\n<p><a href=\"https:\/\/i0.wp.com\/willi-junker.de\/dachs\/wp-content\/uploads\/2014\/07\/wpid-IMAG05671.jpg?ssl=1\"><img data-recalc-dims=\"1\" decoding=\"async\" title=\"IMAG0567.jpg\" class=\"alignnone size-full\" alt=\"image\" src=\"https:\/\/i0.wp.com\/willi-junker.de\/dachs\/wp-content\/uploads\/2014\/07\/wpid-IMAG0567.jpg?w=640&#038;ssl=1\" \/><\/a><\/p>\n<p><a href=\"https:\/\/i0.wp.com\/willi-junker.de\/dachs\/wp-content\/uploads\/2014\/07\/wpid-IMAG05681.jpg?ssl=1\"><img data-recalc-dims=\"1\" decoding=\"async\" title=\"IMAG0568.jpg\" class=\"alignnone size-full\" alt=\"image\" src=\"https:\/\/i0.wp.com\/willi-junker.de\/dachs\/wp-content\/uploads\/2014\/07\/wpid-IMAG0568.jpg?w=640&#038;ssl=1\" \/><\/a><\/p>\n<p><a href=\"https:\/\/i0.wp.com\/willi-junker.de\/dachs\/wp-content\/uploads\/2014\/07\/wpid-IMAG05691.jpg?ssl=1\"><img data-recalc-dims=\"1\" decoding=\"async\" title=\"IMAG0569.jpg\" class=\"alignnone size-full\" alt=\"image\" src=\"https:\/\/i0.wp.com\/willi-junker.de\/dachs\/wp-content\/uploads\/2014\/07\/wpid-IMAG0569.jpg?w=640&#038;ssl=1\" \/><\/a><\/p>\n<p><a href=\"https:\/\/i0.wp.com\/willi-junker.de\/dachs\/wp-content\/uploads\/2014\/07\/wpid-IMAG05701.jpg?ssl=1\"><img data-recalc-dims=\"1\" decoding=\"async\" title=\"IMAG0570.jpg\" class=\"alignnone size-full\" alt=\"image\" src=\"https:\/\/i0.wp.com\/willi-junker.de\/dachs\/wp-content\/uploads\/2014\/07\/wpid-IMAG0570.jpg?w=640&#038;ssl=1\" \/><\/a><\/p>\n<p>Stimmung gut. Luft ziemlich feucht. Mal sehen, was uns hier erwartet.<\/p>\n","protected":false},"excerpt":{"rendered":"<p>Stimmung gut. Luft ziemlich feucht. Mal sehen, was uns hier erwartet.<\/p>\n","protected":false},"author":1,"featured_media":0,"comment_status":"open","ping_status":"open","sticky":false,"template":"","format":"standard","meta":{"_crdt_document":"","jetpack_post_was_ever_published":false,"_jetpack_newsletter_access":"","_jetpack_dont_email_post_to_subs":false,"_jetpack_newsletter_tier_id":0,"_jetpack_memberships_contains_paywalled_content":false,"_jetpack_memberships_contains_paid_content":false,"footnotes":"","jetpack_publicize_message":"","jetpack_publicize_feature_enabled":true,"jetpack_social_post_already_shared":false,"jetpack_social_options":{"image_generator_settings":{"template":"highway","default_image_id":0,"font":"","enabled":false},"version":2}},"categories":[3],"tags":[],"class_list":["post-1624","post","type-post","status-publish","format-standard","hentry","category-touren"],"jetpack_publicize_connections":[],"jetpack_featured_media_url":"","jetpack_sharing_enabled":true,"jetpack_shortlink":"https:\/\/wp.me\/p73o9s-qc","jetpack-related-posts":[{"id":2743,"url":"https:\/\/willi-junker.de\/dachs\/?p=2743","url_meta":{"origin":1624,"position":0},"title":"18:30 Uhr &#8211; Kappel Langtauferer Tal &#8211; S\u00fcdtirol","author":"Willi","date":"27.08.2015","format":false,"excerpt":"Bin in S\u00fcdtirol nach 9 Stunden und 58 Minuten mit 1.955 H\u00f6henmetern und 25 km. Das war eine der knackigsten Touren, die ich je gemacht habe. Mehr sp\u00e4ter, wenn ich den Pool leer getrunken habe.","rel":"","context":"In &quot;Touren&quot;","block_context":{"text":"Touren","link":"https:\/\/willi-junker.de\/dachs\/?cat=3"},"img":{"alt_text":"","src":"","width":0,"height":0},"classes":[]},{"id":363,"url":"https:\/\/willi-junker.de\/dachs\/?p=363","url_meta":{"origin":1624,"position":1},"title":"16:00 Uhr &#8211; Erfweiler","author":"Willi","date":"28.06.2011","format":false,"excerpt":"Bin in der \"Kleinen Blume\" in Erfweiler nach 55 km 613 H\u00f6henmetern. Hab mich \u00fcberwiegend im dichten Wald aufgehalten und mich auf verschlungenen Pfaden \u00fcber die Berge bewegt. Werde jetzt meine Touren von hier aus machen. Mal gucken, was da\u00df Wetter noch so bringt. Verbrauch umgerechnet auf 100 km \/\u2026","rel":"","context":"In &quot;Touren&quot;","block_context":{"text":"Touren","link":"https:\/\/willi-junker.de\/dachs\/?cat=3"},"img":{"alt_text":"","src":"","width":0,"height":0},"classes":[]},{"id":2053,"url":"https:\/\/willi-junker.de\/dachs\/?p=2053","url_meta":{"origin":1624,"position":2},"title":"Helm Gipfel","author":"Willi","date":"27.02.2015","format":false,"excerpt":"","rel":"","context":"In &quot;Touren&quot;","block_context":{"text":"Touren","link":"https:\/\/willi-junker.de\/dachs\/?cat=3"},"img":{"alt_text":"","src":"","width":0,"height":0},"classes":[]},{"id":1983,"url":"https:\/\/willi-junker.de\/dachs\/?p=1983","url_meta":{"origin":1624,"position":3},"title":"Hindernisslauf am Erbeskopf","author":"Willi","date":"31.01.2015","format":false,"excerpt":"","rel":"","context":"In &quot;Touren&quot;","block_context":{"text":"Touren","link":"https:\/\/willi-junker.de\/dachs\/?cat=3"},"img":{"alt_text":"","src":"","width":0,"height":0},"classes":[]},{"id":2022,"url":"https:\/\/willi-junker.de\/dachs\/?p=2022","url_meta":{"origin":1624,"position":4},"title":"Fast am Tagesziel","author":"Willi","date":"26.02.2015","format":false,"excerpt":"","rel":"","context":"In &quot;Touren&quot;","block_context":{"text":"Touren","link":"https:\/\/willi-junker.de\/dachs\/?cat=3"},"img":{"alt_text":"","src":"","width":0,"height":0},"classes":[]},{"id":2091,"url":"https:\/\/willi-junker.de\/dachs\/?p=2091","url_meta":{"origin":1624,"position":5},"title":"Es geht los","author":"Willi","date":"25.04.2015","format":false,"excerpt":"","rel":"","context":"In &quot;Touren&quot;","block_context":{"text":"Touren","link":"https:\/\/willi-junker.de\/dachs\/?cat=3"},"img":{"alt_text":"","src":"","width":0,"height":0},"classes":[]}],"_links":{"self":[{"href":"https:\/\/willi-junker.de\/dachs\/index.php?rest_route=\/wp\/v2\/posts\/1624","targetHints":{"allow":["GET"]}}],"collection":[{"href":"https:\/\/willi-junker.de\/dachs\/index.php?rest_route=\/wp\/v2\/posts"}],"about":[{"href":"https:\/\/willi-junker.de\/dachs\/index.php?rest_route=\/wp\/v2\/types\/post"}],"author":[{"embeddable":true,"href":"https:\/\/willi-junker.de\/dachs\/index.php?rest_route=\/wp\/v2\/users\/1"}],"replies":[{"embeddable":true,"href":"https:\/\/willi-junker.de\/dachs\/index.php?rest_route=%2Fwp%2Fv2%2Fcomments&post=1624"}],"version-history":[{"count":1,"href":"https:\/\/willi-junker.de\/dachs\/index.php?rest_route=\/wp\/v2\/posts\/1624\/revisions"}],"predecessor-version":[{"id":1625,"href":"https:\/\/willi-junker.de\/dachs\/index.php?rest_route=\/wp\/v2\/posts\/1624\/revisions\/1625"}],"wp:attachment":[{"href":"https:\/\/willi-junker.de\/dachs\/index.php?rest_route=%2Fwp%2Fv2%2Fmedia&parent=1624"}],"wp:term":[{"taxonomy":"category","embeddable":true,"href":"https:\/\/willi-junker.de\/dachs\/index.php?rest_route=%2Fwp%2Fv2%2Fcategories&post=1624"},{"taxonomy":"post_tag","embeddable":true,"href":"https:\/\/willi-junker.de\/dachs\/index.php?rest_route=%2Fwp%2Fv2%2Ftags&post=1624"}],"curies":[{"name":"wp","href":"https:\/\/api.w.org\/{rel}","templated":true}]}}