{"id":1606,"date":"2014-07-06T18:50:12","date_gmt":"2014-07-06T16:50:12","guid":{"rendered":"http:\/\/willi-junker.de\/dachs\/?p=1606"},"modified":"2014-07-14T23:17:43","modified_gmt":"2014-07-14T21:17:43","slug":"1830-uhr-geschafft","status":"publish","type":"post","link":"https:\/\/willi-junker.de\/dachs\/?p=1606","title":{"rendered":"18:45 Uhr &#8211; geschafft"},"content":{"rendered":"<p>Sitze nach 103 km bei Fredy.<\/p>\n","protected":false},"excerpt":{"rendered":"<p>Sitze nach 103 km bei Fredy.<\/p>\n","protected":false},"author":1,"featured_media":0,"comment_status":"open","ping_status":"open","sticky":false,"template":"","format":"standard","meta":{"_crdt_document":"","jetpack_post_was_ever_published":false,"_jetpack_newsletter_access":"","_jetpack_dont_email_post_to_subs":false,"_jetpack_newsletter_tier_id":0,"_jetpack_memberships_contains_paywalled_content":false,"_jetpack_memberships_contains_paid_content":false,"footnotes":"","jetpack_publicize_message":"","jetpack_publicize_feature_enabled":true,"jetpack_social_post_already_shared":false,"jetpack_social_options":{"image_generator_settings":{"template":"highway","default_image_id":0,"font":"","enabled":false},"version":2}},"categories":[3],"tags":[],"class_list":["post-1606","post","type-post","status-publish","format-standard","hentry","category-touren"],"jetpack_publicize_connections":[],"jetpack_featured_media_url":"","jetpack_sharing_enabled":true,"jetpack_shortlink":"https:\/\/wp.me\/p73o9s-pU","jetpack-related-posts":[{"id":2441,"url":"https:\/\/willi-junker.de\/dachs\/?p=2441","url_meta":{"origin":1606,"position":0},"title":"18:45 Uhr &#8211; Pause in Frankenroda","author":"Willi","date":"29.06.2015","format":false,"excerpt":"Nach 83 km sitze ich in der Probstei Zella bei Frankenroda. Ich habe Durst. Kurz vorher bin ich durch einen tollen Felsdurchbruch. Langsam wird es nun h\u00fcgeliger. Ein Zimmer bekomme ich auch hier und um 19:45 Uhr sitze ich zum Abendessen im Biergarten. Handynetz und Internet gibt es nicht. Ich\u2026","rel":"","context":"In &quot;Touren&quot;","block_context":{"text":"Touren","link":"https:\/\/willi-junker.de\/dachs\/?cat=3"},"img":{"alt_text":"","src":"","width":0,"height":0},"classes":[]},{"id":414,"url":"https:\/\/willi-junker.de\/dachs\/?p=414","url_meta":{"origin":1606,"position":1},"title":"14:30 Uhr &#8211; Lauterecken","author":"Willi","date":"02.07.2011","format":false,"excerpt":"Sitze vor der uns bekannten Bahnhofskneipe (Radteam Tour zum Reckweiler Hof) 96 km und 690 H\u00f6henmeter. Bin noch guter Dinge, da\u00df ich heute bei Fredy noch ein Bier bekomme.","rel":"","context":"In &quot;Touren&quot;","block_context":{"text":"Touren","link":"https:\/\/willi-junker.de\/dachs\/?cat=3"},"img":{"alt_text":"","src":"","width":0,"height":0},"classes":[]},{"id":1507,"url":"https:\/\/willi-junker.de\/dachs\/?p=1507","url_meta":{"origin":1606,"position":2},"title":"16:15 Uhr &#8211; 50,5 km &#8211; Ebschied","author":"Willi","date":"08.06.2014","format":false,"excerpt":"Nach langer Durststrecke sitze ich bei Hans in Ebschied. Noch gut 2 km und die Badewanne erwartet mich.","rel":"","context":"In &quot;Touren&quot;","block_context":{"text":"Touren","link":"https:\/\/willi-junker.de\/dachs\/?cat=3"},"img":{"alt_text":"","src":"","width":0,"height":0},"classes":[]},{"id":3378,"url":"https:\/\/willi-junker.de\/dachs\/?p=3378","url_meta":{"origin":1606,"position":3},"title":"19:45 Uhr &#8211; Hermeskeil","author":"Willi","date":"23.06.2016","format":false,"excerpt":"Ich bin heute immer sch\u00f6n dem Saarland-Rad-Rundweg gefolgt. Hat mir einige zus\u00e4tzliche Kilometer und H\u00f6henmeter eingebracht. Habe aber auch Punkte angefahren, die ich sonst nie gesehen h\u00e4tte.\u00a0 War sogar fast an der Nahequelle. Den Hunnenring bei Otzenhausen habe ich nur gestreift. Ich war ewig auf dem Kamm zwischen Nahe und\u2026","rel":"","context":"In &quot;Touren&quot;","block_context":{"text":"Touren","link":"https:\/\/willi-junker.de\/dachs\/?cat=3"},"img":{"alt_text":"","src":"","width":0,"height":0},"classes":[]},{"id":1112,"url":"https:\/\/willi-junker.de\/dachs\/?p=1112","url_meta":{"origin":1606,"position":4},"title":"Skilanglauf &#8211; Nach 20 km ist der Erbeskopf erreicht","author":"Willi","date":"26.01.2013","format":false,"excerpt":"Bin heute Morgen um 8:30 Uhr am Idarkopf losgelaufen. Auf teils ungespurter Loipe bei gerade ausreichender Schneeh\u00f6he ging es recht anspruchsvoll immer der Kammlage entlang zum Erbeskopf. Unversch\u00e4mt ist, da\u00df auf ca 1 km B\u00e4ume frisch gef\u00e4llt wurden. Das hat mich bestimmt eine halbe Stunde gekostet. Au\u00dferdem wurden viele Schilder\u2026","rel":"","context":"In &quot;Touren&quot;","block_context":{"text":"Touren","link":"https:\/\/willi-junker.de\/dachs\/?cat=3"},"img":{"alt_text":"","src":"","width":0,"height":0},"classes":[]},{"id":242,"url":"https:\/\/willi-junker.de\/dachs\/?p=242","url_meta":{"origin":1606,"position":5},"title":"Radtour Oberstein &#8211; 12.06.2011","author":"Willi","date":"12.06.2011","format":false,"excerpt":"Heute Morgen ist es schweinekalt, nur 4 Grad. Daher starte ich erst gegen 08:15 Uhr mit meiner Tour nach Oberstein. \u00dcber Alterk\u00fclz, W\u00fcschheim und das Faas geht es nach Kostenz und von dort \u00fcber Niedersohren, Laufersweiler und Rhaunen nach Hottenbach. Dort mache ich eine kurze Pause und genie\u00dfe die Aussicht.\u2026","rel":"","context":"In &quot;Touren&quot;","block_context":{"text":"Touren","link":"https:\/\/willi-junker.de\/dachs\/?cat=3"},"img":{"alt_text":"Hottenbach - Blick zum Idarkopf","src":"https:\/\/i0.wp.com\/willi-junker.de\/dachs\/wp-content\/uploads\/2011\/06\/901.jpg?resize=350%2C200","width":350,"height":200,"srcset":"https:\/\/i0.wp.com\/willi-junker.de\/dachs\/wp-content\/uploads\/2011\/06\/901.jpg?resize=350%2C200 1x, https:\/\/i0.wp.com\/willi-junker.de\/dachs\/wp-content\/uploads\/2011\/06\/901.jpg?resize=525%2C300 1.5x, https:\/\/i0.wp.com\/willi-junker.de\/dachs\/wp-content\/uploads\/2011\/06\/901.jpg?resize=700%2C400 2x, https:\/\/i0.wp.com\/willi-junker.de\/dachs\/wp-content\/uploads\/2011\/06\/901.jpg?resize=1050%2C600 3x, https:\/\/i0.wp.com\/willi-junker.de\/dachs\/wp-content\/uploads\/2011\/06\/901.jpg?resize=1400%2C800 4x"},"classes":[]}],"_links":{"self":[{"href":"https:\/\/willi-junker.de\/dachs\/index.php?rest_route=\/wp\/v2\/posts\/1606","targetHints":{"allow":["GET"]}}],"collection":[{"href":"https:\/\/willi-junker.de\/dachs\/index.php?rest_route=\/wp\/v2\/posts"}],"about":[{"href":"https:\/\/willi-junker.de\/dachs\/index.php?rest_route=\/wp\/v2\/types\/post"}],"author":[{"embeddable":true,"href":"https:\/\/willi-junker.de\/dachs\/index.php?rest_route=\/wp\/v2\/users\/1"}],"replies":[{"embeddable":true,"href":"https:\/\/willi-junker.de\/dachs\/index.php?rest_route=%2Fwp%2Fv2%2Fcomments&post=1606"}],"version-history":[{"count":3,"href":"https:\/\/willi-junker.de\/dachs\/index.php?rest_route=\/wp\/v2\/posts\/1606\/revisions"}],"predecessor-version":[{"id":1611,"href":"https:\/\/willi-junker.de\/dachs\/index.php?rest_route=\/wp\/v2\/posts\/1606\/revisions\/1611"}],"wp:attachment":[{"href":"https:\/\/willi-junker.de\/dachs\/index.php?rest_route=%2Fwp%2Fv2%2Fmedia&parent=1606"}],"wp:term":[{"taxonomy":"category","embeddable":true,"href":"https:\/\/willi-junker.de\/dachs\/index.php?rest_route=%2Fwp%2Fv2%2Fcategories&post=1606"},{"taxonomy":"post_tag","embeddable":true,"href":"https:\/\/willi-junker.de\/dachs\/index.php?rest_route=%2Fwp%2Fv2%2Ftags&post=1606"}],"curies":[{"name":"wp","href":"https:\/\/api.w.org\/{rel}","templated":true}]}}