{"id":1587,"date":"2014-06-22T22:22:05","date_gmt":"2014-06-22T20:22:05","guid":{"rendered":"http:\/\/willi-junker.de\/dachs\/?p=1587"},"modified":"2014-06-22T22:22:05","modified_gmt":"2014-06-22T20:22:05","slug":"2215-uhr-hunsrueck","status":"publish","type":"post","link":"https:\/\/willi-junker.de\/dachs\/?p=1587","title":{"rendered":"22:15 Uhr &#8211; Hunsr\u00fcck"},"content":{"rendered":"<p>In ein paar Minuten verlassen wir die Autobahn. Viele Staus haben wir umfahren und einige neue Landstra\u00dfen haben wir kennengelernt.<\/p>\n<p>Wir haben 2 tolle Tage auf R\u00fcgen erlebt und hatten viel Spa\u00df.<\/p>\n","protected":false},"excerpt":{"rendered":"<p>In ein paar Minuten verlassen wir die Autobahn. Viele Staus haben wir umfahren und einige neue Landstra\u00dfen haben wir kennengelernt. Wir haben 2 tolle Tage auf R\u00fcgen erlebt und hatten viel Spa\u00df.<\/p>\n","protected":false},"author":1,"featured_media":0,"comment_status":"open","ping_status":"open","sticky":false,"template":"","format":"standard","meta":{"_crdt_document":"","jetpack_post_was_ever_published":false,"_jetpack_newsletter_access":"","_jetpack_dont_email_post_to_subs":false,"_jetpack_newsletter_tier_id":0,"_jetpack_memberships_contains_paywalled_content":false,"_jetpack_memberships_contains_paid_content":false,"footnotes":"","jetpack_publicize_message":"","jetpack_publicize_feature_enabled":true,"jetpack_social_post_already_shared":false,"jetpack_social_options":{"image_generator_settings":{"template":"highway","default_image_id":0,"font":"","enabled":false},"version":2}},"categories":[3],"tags":[],"class_list":["post-1587","post","type-post","status-publish","format-standard","hentry","category-touren"],"jetpack_publicize_connections":[],"jetpack_featured_media_url":"","jetpack_sharing_enabled":true,"jetpack_shortlink":"https:\/\/wp.me\/p73o9s-pB","jetpack-related-posts":[{"id":5185,"url":"https:\/\/willi-junker.de\/dachs\/?p=5185","url_meta":{"origin":1587,"position":0},"title":"Pf\u00e4lzer Wald &#8211; Tag 2 &#8211; Hauenstein","author":"Willi","date":"19.05.2019","format":false,"excerpt":"Die ganze Nacht und auch noch w\u00e4hrend des Fr\u00fchst\u00fccks regnet es kr\u00e4ftig. Mit den letzten Regentropfen laufen wir ins Finstertal hinein und \u00fcber tolle Trails hin\u00fcber nach Hauenstein. P\u00fcnktlich zur Er\u00f6ffnung der Schuhmeile um 13 Uhr sind wir dort. 25 Schuhgesch\u00e4fte erwarten uns. Nach gut zwei Stunden haben wir alles\u2026","rel":"","context":"In &quot;Touren&quot;","block_context":{"text":"Touren","link":"https:\/\/willi-junker.de\/dachs\/?cat=3"},"img":{"alt_text":"","src":"https:\/\/i0.wp.com\/willi-junker.de\/dachs\/wp-content\/uploads\/2019\/05\/20190519_113807-1443465982.jpg?resize=350%2C200","width":350,"height":200,"srcset":"https:\/\/i0.wp.com\/willi-junker.de\/dachs\/wp-content\/uploads\/2019\/05\/20190519_113807-1443465982.jpg?resize=350%2C200 1x, https:\/\/i0.wp.com\/willi-junker.de\/dachs\/wp-content\/uploads\/2019\/05\/20190519_113807-1443465982.jpg?resize=525%2C300 1.5x, https:\/\/i0.wp.com\/willi-junker.de\/dachs\/wp-content\/uploads\/2019\/05\/20190519_113807-1443465982.jpg?resize=700%2C400 2x, https:\/\/i0.wp.com\/willi-junker.de\/dachs\/wp-content\/uploads\/2019\/05\/20190519_113807-1443465982.jpg?resize=1050%2C600 3x, https:\/\/i0.wp.com\/willi-junker.de\/dachs\/wp-content\/uploads\/2019\/05\/20190519_113807-1443465982.jpg?resize=1400%2C800 4x"},"classes":[]},{"id":4749,"url":"https:\/\/willi-junker.de\/dachs\/?p=4749","url_meta":{"origin":1587,"position":1},"title":"Tag 1 &#8211; Radtour Radteam TuS Laubach","author":"Willi","date":"01.09.2018","format":false,"excerpt":"Heute Morgen sind wir um 9 Uhr am Gemeindehaus los geradelt. \u00dcber Laudert, Perscheid und Langscheid geht es hinab nach Oberwesel. Am Marktplatz, an der B\u00e4ckerei, gibt es Fr\u00fchst\u00fcck. Dann geht es weiter zur Kauber F\u00e4hre und auf rechtsrheiniger Seite bis nach Lorch. In Lorch endet das Wispertal. Diesem folgen\u2026","rel":"","context":"In &quot;Touren&quot;","block_context":{"text":"Touren","link":"https:\/\/willi-junker.de\/dachs\/?cat=3"},"img":{"alt_text":"","src":"https:\/\/i0.wp.com\/willi-junker.de\/dachs\/wp-content\/uploads\/2018\/09\/20180901_191148.jpg?fit=1200%2C675&ssl=1&resize=350%2C200","width":350,"height":200,"srcset":"https:\/\/i0.wp.com\/willi-junker.de\/dachs\/wp-content\/uploads\/2018\/09\/20180901_191148.jpg?fit=1200%2C675&ssl=1&resize=350%2C200 1x, https:\/\/i0.wp.com\/willi-junker.de\/dachs\/wp-content\/uploads\/2018\/09\/20180901_191148.jpg?fit=1200%2C675&ssl=1&resize=525%2C300 1.5x, https:\/\/i0.wp.com\/willi-junker.de\/dachs\/wp-content\/uploads\/2018\/09\/20180901_191148.jpg?fit=1200%2C675&ssl=1&resize=700%2C400 2x, https:\/\/i0.wp.com\/willi-junker.de\/dachs\/wp-content\/uploads\/2018\/09\/20180901_191148.jpg?fit=1200%2C675&ssl=1&resize=1050%2C600 3x"},"classes":[]},{"id":4497,"url":"https:\/\/willi-junker.de\/dachs\/?p=4497","url_meta":{"origin":1587,"position":2},"title":"Tag 2 &#8211; Radtour zum Laubachtreffen im Elsass","author":"Willi","date":"26.06.2018","format":false,"excerpt":"Heute k\u00f6nnen wir es entspannt angehen. Wir haben gestern unser Tagessoll mehr als erf\u00fcllt. Gute 100 km reichen heute definitiv. Also radeln wir im tollen Sonnenschein um 9 Uhr p\u00fcnktlich los. Das Fr\u00fchst\u00fcck im Hotel Anker hat unsere Erwartungen mehr als erf\u00fcllt. Absolut empfehlenswert. Kurz vor Mittag erreichen wir Trier.\u2026","rel":"","context":"In &quot;Touren&quot;","block_context":{"text":"Touren","link":"https:\/\/willi-junker.de\/dachs\/?cat=3"},"img":{"alt_text":"","src":"","width":0,"height":0},"classes":[]},{"id":3288,"url":"https:\/\/willi-junker.de\/dachs\/?p=3288","url_meta":{"origin":1587,"position":3},"title":"20:40 Uhr &#8211; Laubach","author":"Willi","date":"26.05.2016","format":false,"excerpt":"Nach 92 km haben wir Laubach erreicht. Wir haben daf\u00fcr gut 10 Stunden ben\u00f6tigt und 930 H\u00f6henmeter \u00fcberwunden.","rel":"","context":"In &quot;Touren&quot;","block_context":{"text":"Touren","link":"https:\/\/willi-junker.de\/dachs\/?cat=3"},"img":{"alt_text":"","src":"","width":0,"height":0},"classes":[]},{"id":3256,"url":"https:\/\/willi-junker.de\/dachs\/?p=3256","url_meta":{"origin":1587,"position":4},"title":"Durch Hunsr\u00fccker T\u00e4ler und seine Hochfl\u00e4chen","author":"Willi","date":"17.04.2016","format":false,"excerpt":"Am Sonntagmorgen geht es am Ortsausgang von Laubach in Richtung Kastellaun los. 7 Wanderer treffen sich dort um 7:00 Uhr bei letzten Regentropfen. Es hat die ganze Nacht kr\u00e4ftig geregnet. Wir folgen dem Schinderhannespfad bis nach Kastellaun und von dort geht es auf dem Saar-Hunsr\u00fcck-Steig weiter. \u00dcber den Diellaysteig steigen\u2026","rel":"","context":"In &quot;Touren&quot;","block_context":{"text":"Touren","link":"https:\/\/willi-junker.de\/dachs\/?cat=3"},"img":{"alt_text":"image","src":"https:\/\/i0.wp.com\/willi-junker.de\/dachs\/wp-content\/uploads\/2016\/04\/20160417_085921-1920x1080.jpg?resize=350%2C200","width":350,"height":200,"srcset":"https:\/\/i0.wp.com\/willi-junker.de\/dachs\/wp-content\/uploads\/2016\/04\/20160417_085921-1920x1080.jpg?resize=350%2C200 1x, https:\/\/i0.wp.com\/willi-junker.de\/dachs\/wp-content\/uploads\/2016\/04\/20160417_085921-1920x1080.jpg?resize=525%2C300 1.5x, https:\/\/i0.wp.com\/willi-junker.de\/dachs\/wp-content\/uploads\/2016\/04\/20160417_085921-1920x1080.jpg?resize=700%2C400 2x, https:\/\/i0.wp.com\/willi-junker.de\/dachs\/wp-content\/uploads\/2016\/04\/20160417_085921-1920x1080.jpg?resize=1050%2C600 3x, https:\/\/i0.wp.com\/willi-junker.de\/dachs\/wp-content\/uploads\/2016\/04\/20160417_085921-1920x1080.jpg?resize=1400%2C800 4x"},"classes":[]},{"id":495,"url":"https:\/\/willi-junker.de\/dachs\/?p=495","url_meta":{"origin":1587,"position":5},"title":"Auf zur Puez-H\u00fctte","author":"Willi","date":"01.09.2011","format":false,"excerpt":"Heute ist es bedeckt und k\u00fchl. \u00dcber Nacht haben wir unerwartet Zuwachs erhalten. An unserem Tisch standen drei Gedecke. Rainer Goebel ist schon da. Mit ihm hatten wir erst Freitagabend gerechnet. Nach drei Stunden haben wir die Puez-H\u00fctte erreicht, die letzten Meter bei leichtem Nieselregen. Wir waren schon auf dem\u2026","rel":"","context":"In &quot;Touren&quot;","block_context":{"text":"Touren","link":"https:\/\/willi-junker.de\/dachs\/?cat=3"},"img":{"alt_text":"","src":"","width":0,"height":0},"classes":[]}],"_links":{"self":[{"href":"https:\/\/willi-junker.de\/dachs\/index.php?rest_route=\/wp\/v2\/posts\/1587","targetHints":{"allow":["GET"]}}],"collection":[{"href":"https:\/\/willi-junker.de\/dachs\/index.php?rest_route=\/wp\/v2\/posts"}],"about":[{"href":"https:\/\/willi-junker.de\/dachs\/index.php?rest_route=\/wp\/v2\/types\/post"}],"author":[{"embeddable":true,"href":"https:\/\/willi-junker.de\/dachs\/index.php?rest_route=\/wp\/v2\/users\/1"}],"replies":[{"embeddable":true,"href":"https:\/\/willi-junker.de\/dachs\/index.php?rest_route=%2Fwp%2Fv2%2Fcomments&post=1587"}],"version-history":[{"count":1,"href":"https:\/\/willi-junker.de\/dachs\/index.php?rest_route=\/wp\/v2\/posts\/1587\/revisions"}],"predecessor-version":[{"id":1588,"href":"https:\/\/willi-junker.de\/dachs\/index.php?rest_route=\/wp\/v2\/posts\/1587\/revisions\/1588"}],"wp:attachment":[{"href":"https:\/\/willi-junker.de\/dachs\/index.php?rest_route=%2Fwp%2Fv2%2Fmedia&parent=1587"}],"wp:term":[{"taxonomy":"category","embeddable":true,"href":"https:\/\/willi-junker.de\/dachs\/index.php?rest_route=%2Fwp%2Fv2%2Fcategories&post=1587"},{"taxonomy":"post_tag","embeddable":true,"href":"https:\/\/willi-junker.de\/dachs\/index.php?rest_route=%2Fwp%2Fv2%2Ftags&post=1587"}],"curies":[{"name":"wp","href":"https:\/\/api.w.org\/{rel}","templated":true}]}}