{"id":1581,"date":"2014-06-22T09:12:28","date_gmt":"2014-06-22T07:12:28","guid":{"rendered":"http:\/\/willi-junker.de\/dachs\/?p=1581"},"modified":"2014-06-22T11:37:06","modified_gmt":"2014-06-22T09:37:06","slug":"0900-uhr-abfahrt-in-richtung-hunsrueck","status":"publish","type":"post","link":"https:\/\/willi-junker.de\/dachs\/?p=1581","title":{"rendered":"09:00 Uhr &#8211; Abfahrt in Richtung Hunsr\u00fcck"},"content":{"rendered":"<p><!--more--><br \/>\nP\u00fcnktlich treten wir die R\u00fcckreise an. Auch heute ist wieder Sonnenschein. Gestern Abend, nach dem Buffet konnten wir gemeinsam das Spiel Deutschland &#8211; Ghana &#8222;genie\u00dfen&#8220;. Danach, wie jeden Abend, Abschluss im &#8222;Scheele&#8217;s Labor&#8220;.<\/p>\n","protected":false},"excerpt":{"rendered":"","protected":false},"author":1,"featured_media":0,"comment_status":"open","ping_status":"open","sticky":false,"template":"","format":"standard","meta":{"_crdt_document":"","jetpack_post_was_ever_published":false,"_jetpack_newsletter_access":"","_jetpack_dont_email_post_to_subs":false,"_jetpack_newsletter_tier_id":0,"_jetpack_memberships_contains_paywalled_content":false,"_jetpack_memberships_contains_paid_content":false,"footnotes":"","jetpack_publicize_message":"","jetpack_publicize_feature_enabled":true,"jetpack_social_post_already_shared":false,"jetpack_social_options":{"image_generator_settings":{"template":"highway","default_image_id":0,"font":"","enabled":false},"version":2}},"categories":[3],"tags":[],"class_list":["post-1581","post","type-post","status-publish","format-standard","hentry","category-touren"],"jetpack_publicize_connections":[],"jetpack_featured_media_url":"","jetpack_sharing_enabled":true,"jetpack_shortlink":"https:\/\/wp.me\/p73o9s-pv","jetpack-related-posts":[{"id":4798,"url":"https:\/\/willi-junker.de\/dachs\/?p=4798","url_meta":{"origin":1581,"position":0},"title":"Kurztrip nach Br\u00fcssel","author":"Willi","date":"22.09.2018","format":false,"excerpt":"Am Freitagnachmittag geht es mal ausnahmsweise nicht mit eigener Kraft in Richtung Belgien. Br\u00fcssel erreichen wir mit Scherer-Reisen gegen 21:30 Uhr. Nach dem Zimmerbezug klingt f\u00fcr mich der Abend an der Hotelbar aus. Am Samstag gibt es zuerst eine Stadtrundfahrt und danach den Besuch einer Schokoladenmanufaktur. Der Abend in der\u2026","rel":"","context":"In &quot;Touren&quot;","block_context":{"text":"Touren","link":"https:\/\/willi-junker.de\/dachs\/?cat=3"},"img":{"alt_text":"","src":"https:\/\/i0.wp.com\/willi-junker.de\/dachs\/wp-content\/uploads\/2018\/09\/1220066.jpg?fit=1200%2C675&ssl=1&resize=350%2C200","width":350,"height":200,"srcset":"https:\/\/i0.wp.com\/willi-junker.de\/dachs\/wp-content\/uploads\/2018\/09\/1220066.jpg?fit=1200%2C675&ssl=1&resize=350%2C200 1x, https:\/\/i0.wp.com\/willi-junker.de\/dachs\/wp-content\/uploads\/2018\/09\/1220066.jpg?fit=1200%2C675&ssl=1&resize=525%2C300 1.5x, https:\/\/i0.wp.com\/willi-junker.de\/dachs\/wp-content\/uploads\/2018\/09\/1220066.jpg?fit=1200%2C675&ssl=1&resize=700%2C400 2x, https:\/\/i0.wp.com\/willi-junker.de\/dachs\/wp-content\/uploads\/2018\/09\/1220066.jpg?fit=1200%2C675&ssl=1&resize=1050%2C600 3x"},"classes":[]},{"id":4535,"url":"https:\/\/willi-junker.de\/dachs\/?p=4535","url_meta":{"origin":1581,"position":1},"title":"Tag 4 &#8211; Radtour zum Laubachtreffen im Elsass","author":"Willi","date":"28.06.2018","format":false,"excerpt":"Nach dem tollen Abend gestern in Luneville starten wir auch heute Morgen wieder um kurz nach neun Uhr. Zuerst m\u00fcssen wir wieder zur\u00fcck an den Rhein-Marne-Kanal. Da geht es \u00fcber 20 km ordentlich bergauf und bergab.Die ersten Kilometer am Kanal sind aber auch nicht viel besser. Teils auf tollem Radweg\u2026","rel":"","context":"In &quot;Touren&quot;","block_context":{"text":"Touren","link":"https:\/\/willi-junker.de\/dachs\/?cat=3"},"img":{"alt_text":"","src":"","width":0,"height":0},"classes":[]},{"id":5282,"url":"https:\/\/willi-junker.de\/dachs\/?p=5282","url_meta":{"origin":1581,"position":2},"title":"Mal wieder in S\u00fcdtirol","author":"Willi","date":"26.10.2019","format":false,"excerpt":"Nach einer n\u00e4chtlichen Anreise sind wir am Morgen am Reschensee. In der Nacht haben wir eine Pause am Alatsee eingelegt. Ein toller Morgen. Eine weitere Pause war am Hahntennjoch. Jetzt genie\u00dfen wir S\u00fcdtirol und unerwartet landen wir zum Sonnenuntergang noch am Mendelpass. Am Abend ist dann noch kurz T\u00f6rggelen angesagt.","rel":"","context":"In &quot;Touren&quot;","block_context":{"text":"Touren","link":"https:\/\/willi-junker.de\/dachs\/?cat=3"},"img":{"alt_text":"","src":"https:\/\/i0.wp.com\/willi-junker.de\/dachs\/wp-content\/uploads\/2019\/10\/20191026_074615-980694743.jpg?resize=350%2C200","width":350,"height":200,"srcset":"https:\/\/i0.wp.com\/willi-junker.de\/dachs\/wp-content\/uploads\/2019\/10\/20191026_074615-980694743.jpg?resize=350%2C200 1x, https:\/\/i0.wp.com\/willi-junker.de\/dachs\/wp-content\/uploads\/2019\/10\/20191026_074615-980694743.jpg?resize=525%2C300 1.5x, https:\/\/i0.wp.com\/willi-junker.de\/dachs\/wp-content\/uploads\/2019\/10\/20191026_074615-980694743.jpg?resize=700%2C400 2x, https:\/\/i0.wp.com\/willi-junker.de\/dachs\/wp-content\/uploads\/2019\/10\/20191026_074615-980694743.jpg?resize=1050%2C600 3x, https:\/\/i0.wp.com\/willi-junker.de\/dachs\/wp-content\/uploads\/2019\/10\/20191026_074615-980694743.jpg?resize=1400%2C800 4x"},"classes":[]},{"id":1802,"url":"https:\/\/willi-junker.de\/dachs\/?p=1802","url_meta":{"origin":1581,"position":3},"title":"Gem\u00fcnden","author":"Willi","date":"07.09.2014","format":false,"excerpt":"Nach einem netten Abend in Meisenheim sind wir heute Morgen um 09:15 Uhr in Richtung Heimat gestartet. Die meisten H\u00f6henmeter sind geschafft. Wir sitzen auf der Terrasse des Gem\u00fcndener Hofs.","rel":"","context":"In &quot;Touren&quot;","block_context":{"text":"Touren","link":"https:\/\/willi-junker.de\/dachs\/?cat=3"},"img":{"alt_text":"","src":"","width":0,"height":0},"classes":[]},{"id":1170,"url":"https:\/\/willi-junker.de\/dachs\/?p=1170","url_meta":{"origin":1581,"position":4},"title":"Skigebiet Cortina","author":"Willi","date":"01.03.2013","format":false,"excerpt":"Heute sind wir rund um den Lagazoi unterwegs am Falzaregopass. Das Wetter ist toll und die Stimmung gut. Am Abend treffen wir uns in Pedraces. Von dort geht es dann mit Nobis zur\u00fcck zum Hotel Weiher.","rel":"","context":"In &quot;Touren&quot;","block_context":{"text":"Touren","link":"https:\/\/willi-junker.de\/dachs\/?cat=3"},"img":{"alt_text":"","src":"","width":0,"height":0},"classes":[]},{"id":1173,"url":"https:\/\/willi-junker.de\/dachs\/?p=1173","url_meta":{"origin":1581,"position":5},"title":"Letzter Skitag.","author":"Willi","date":"02.03.2013","format":false,"excerpt":"Ich hatte schon gestern den letzten Skitag. Heute gehen wir zu f\u00fcnft spazieren, ich erk\u00e4ltungsbedingt. Wir sind hoch zum Langlaufzentrum Pfalzen. Der Rest der Gruppe ist auf dem Kronplatz. Heute Abend, nach dem Abendessen, gehts zur\u00fcck in den Hunsr\u00fcck.","rel":"","context":"In &quot;Touren&quot;","block_context":{"text":"Touren","link":"https:\/\/willi-junker.de\/dachs\/?cat=3"},"img":{"alt_text":"","src":"","width":0,"height":0},"classes":[]}],"_links":{"self":[{"href":"https:\/\/willi-junker.de\/dachs\/index.php?rest_route=\/wp\/v2\/posts\/1581","targetHints":{"allow":["GET"]}}],"collection":[{"href":"https:\/\/willi-junker.de\/dachs\/index.php?rest_route=\/wp\/v2\/posts"}],"about":[{"href":"https:\/\/willi-junker.de\/dachs\/index.php?rest_route=\/wp\/v2\/types\/post"}],"author":[{"embeddable":true,"href":"https:\/\/willi-junker.de\/dachs\/index.php?rest_route=\/wp\/v2\/users\/1"}],"replies":[{"embeddable":true,"href":"https:\/\/willi-junker.de\/dachs\/index.php?rest_route=%2Fwp%2Fv2%2Fcomments&post=1581"}],"version-history":[{"count":2,"href":"https:\/\/willi-junker.de\/dachs\/index.php?rest_route=\/wp\/v2\/posts\/1581\/revisions"}],"predecessor-version":[{"id":1583,"href":"https:\/\/willi-junker.de\/dachs\/index.php?rest_route=\/wp\/v2\/posts\/1581\/revisions\/1583"}],"wp:attachment":[{"href":"https:\/\/willi-junker.de\/dachs\/index.php?rest_route=%2Fwp%2Fv2%2Fmedia&parent=1581"}],"wp:term":[{"taxonomy":"category","embeddable":true,"href":"https:\/\/willi-junker.de\/dachs\/index.php?rest_route=%2Fwp%2Fv2%2Fcategories&post=1581"},{"taxonomy":"post_tag","embeddable":true,"href":"https:\/\/willi-junker.de\/dachs\/index.php?rest_route=%2Fwp%2Fv2%2Ftags&post=1581"}],"curies":[{"name":"wp","href":"https:\/\/api.w.org\/{rel}","templated":true}]}}