{"id":1578,"date":"2014-06-21T15:00:00","date_gmt":"2014-06-21T13:00:00","guid":{"rendered":"http:\/\/willi-junker.de\/dachs\/?p=1578"},"modified":"2014-06-21T18:10:41","modified_gmt":"2014-06-21T16:10:41","slug":"1500-uhr-koenigsstuhl","status":"publish","type":"post","link":"https:\/\/willi-junker.de\/dachs\/?p=1578","title":{"rendered":"15:00 Uhr &#8211; K\u00f6nigsstuhl"},"content":{"rendered":"<p>Als n\u00e4chstes geht es zum K\u00f6nigsstuhl. Ihn sehen wir bei einer halbst\u00fcndigen Wanderung.<\/p>\n<p><a href=\"https:\/\/i0.wp.com\/willi-junker.de\/dachs\/wp-content\/uploads\/2014\/06\/wpid-IMAG05131.jpg?ssl=1\"><img data-recalc-dims=\"1\" decoding=\"async\" title=\"IMAG0513.jpg\" class=\"alignnone size-full\" alt=\"image\" src=\"https:\/\/i0.wp.com\/willi-junker.de\/dachs\/wp-content\/uploads\/2014\/06\/wpid-IMAG0513.jpg?w=640&#038;ssl=1\" \/><\/a><\/p>\n","protected":false},"excerpt":{"rendered":"<p>Als n\u00e4chstes geht es zum K\u00f6nigsstuhl. Ihn sehen wir bei einer halbst\u00fcndigen Wanderung.<\/p>\n","protected":false},"author":1,"featured_media":0,"comment_status":"open","ping_status":"open","sticky":false,"template":"","format":"standard","meta":{"_crdt_document":"","jetpack_post_was_ever_published":false,"_jetpack_newsletter_access":"","_jetpack_dont_email_post_to_subs":false,"_jetpack_newsletter_tier_id":0,"_jetpack_memberships_contains_paywalled_content":false,"_jetpack_memberships_contains_paid_content":false,"footnotes":"","jetpack_publicize_message":"","jetpack_publicize_feature_enabled":true,"jetpack_social_post_already_shared":false,"jetpack_social_options":{"image_generator_settings":{"template":"highway","default_image_id":0,"font":"","enabled":false},"version":2}},"categories":[3],"tags":[],"class_list":["post-1578","post","type-post","status-publish","format-standard","hentry","category-touren"],"jetpack_publicize_connections":[],"jetpack_featured_media_url":"","jetpack_sharing_enabled":true,"jetpack_shortlink":"https:\/\/wp.me\/p73o9s-ps","jetpack-related-posts":[{"id":1574,"url":"https:\/\/willi-junker.de\/dachs\/?p=1574","url_meta":{"origin":1578,"position":0},"title":"16:00 Uhr &#8211; Schifffahrt zum K\u00f6nigsstuhl","author":"Willi","date":"21.06.2014","format":false,"excerpt":"Um 16 Uhr geht es auf die MS Alexander. Bei st\u00fcrmischem, aber sonnigem Wetter stechen wir in See. Von Sassnitz entlang der Kreidefelsen bis zum K\u00f6nigsstuhl und wieder zur\u00fcck.","rel":"","context":"In &quot;Touren&quot;","block_context":{"text":"Touren","link":"https:\/\/willi-junker.de\/dachs\/?cat=3"},"img":{"alt_text":"","src":"","width":0,"height":0},"classes":[]},{"id":728,"url":"https:\/\/willi-junker.de\/dachs\/?p=728","url_meta":{"origin":1578,"position":1},"title":"Wanderung von Bingen nach Laubach","author":"Willi","date":"28.05.2012","format":false,"excerpt":"Um 6.00 Uhr geht es in Laubach los. Um 07:00 Uhr stehen wir startbereit in Bingen am Bahnhof. \u00dcber das Forsthaus Heilig Kreuz und das Schweizer Haus geht es ins Morgenbachtal und zum J\u00e4gerhaus. Nach kurzer Rast geht es auf den Salzkopf und weiter zur Lauschh\u00fctte (15 Km; 11:30 Uhr).\u2026","rel":"","context":"In &quot;Touren&quot;","block_context":{"text":"Touren","link":"https:\/\/willi-junker.de\/dachs\/?cat=3"},"img":{"alt_text":"","src":"","width":0,"height":0},"classes":[]},{"id":2112,"url":"https:\/\/willi-junker.de\/dachs\/?p=2112","url_meta":{"origin":1578,"position":2},"title":"2. Trainingseinheit f\u00fcr die 24 Stunden von RLP","author":"Willi","date":"04.06.2015","format":false,"excerpt":"Heute Morgen um 07.00 Uhr geht es los. Start in Laubach. Mit dabei sind noch Andre und Patrick. \u00dcber den neuen Schinderhannespfad geht es mit Einschluss des Kyrill- und des Burgstadtpfades auf die Hohe Buch. Von dort \u00fcber den Saar-Hunsr\u00fcck-Steig zum Diellaysteig und auf den Masdascher Burgherrrensteig. Ihn verlassen wir\u2026","rel":"","context":"In &quot;Touren&quot;","block_context":{"text":"Touren","link":"https:\/\/willi-junker.de\/dachs\/?cat=3"},"img":{"alt_text":"Auf dem Saar-Hunsr\u00fcck-Steig","src":"https:\/\/i0.wp.com\/willi-junker.de\/dachs\/wp-content\/uploads\/2015\/06\/S1460022_Bildgr%C3%B6%C3%9Fe-%C3%A4ndern-500x281.jpg?resize=350%2C200","width":350,"height":200},"classes":[]},{"id":1777,"url":"https:\/\/willi-junker.de\/dachs\/?p=1777","url_meta":{"origin":1578,"position":3},"title":"Letzter Wandertag &#8211; Stevia","author":"Willi","date":"28.08.2014","format":false,"excerpt":"Wie fast in jedem Jahr steht noch ein Besuch der Stevia und speziell dem H\u00fcttenwirt aus. So mache ich mich heute Morgen auf dem La Palota Weg hinauf. Bis zum Erreichen des ersten Blocks geht es steile 600 H\u00f6henmeter aufw\u00e4rts. Die Aussicht und vor Allem der Tiefblick nach Wolkenstein ist\u2026","rel":"","context":"In &quot;Touren&quot;","block_context":{"text":"Touren","link":"https:\/\/willi-junker.de\/dachs\/?cat=3"},"img":{"alt_text":"","src":"","width":0,"height":0},"classes":[]},{"id":3283,"url":"https:\/\/willi-junker.de\/dachs\/?p=3283","url_meta":{"origin":1578,"position":4},"title":"18:50 Uhr &#8211; Pfalzfeld","author":"Willi","date":"26.05.2016","format":false,"excerpt":"Nach dem versp\u00e4teten Mittagessen in Boppard fahren wir mit den R\u00e4dern ins M\u00fchlental hinein und etwas sp\u00e4ter in das Wei\u00dfertal. Hier folgen wir dem M\u00fchltalbach bis zu seiner Quelle an der Autobahn bei Buchholz. Es geht best\u00e4ndig kr\u00e4ftig bergan auf geschottertem Weg. Nach Buchholz durchfahren wir das Industriegebiet Hellerwald bis\u2026","rel":"","context":"In &quot;Touren&quot;","block_context":{"text":"Touren","link":"https:\/\/willi-junker.de\/dachs\/?cat=3"},"img":{"alt_text":"","src":"","width":0,"height":0},"classes":[]},{"id":5295,"url":"https:\/\/willi-junker.de\/dachs\/?p=5295","url_meta":{"origin":1578,"position":5},"title":"Nonstal und Ultental","author":"Willi","date":"28.10.2019","format":false,"excerpt":"Das sch\u00f6ne Wetter vom Vortag ist weg. Es ist bew\u00f6lkt und hat in der Nacht sogar ein wenig geregnet. Als wir nach neun Uhr starten ist Regen aber kein Thema mehr. Wir fahren hinauf zum Mendelpass und hinab ins Trentinische Nonstal. Die Aussicht ist phantastisch, trotz der hohen Wolkendecke. Wir\u2026","rel":"","context":"In &quot;Touren&quot;","block_context":{"text":"Touren","link":"https:\/\/willi-junker.de\/dachs\/?cat=3"},"img":{"alt_text":"","src":"https:\/\/i0.wp.com\/willi-junker.de\/dachs\/wp-content\/uploads\/2019\/10\/20191028_121003195679631.jpg?resize=350%2C200","width":350,"height":200,"srcset":"https:\/\/i0.wp.com\/willi-junker.de\/dachs\/wp-content\/uploads\/2019\/10\/20191028_121003195679631.jpg?resize=350%2C200 1x, https:\/\/i0.wp.com\/willi-junker.de\/dachs\/wp-content\/uploads\/2019\/10\/20191028_121003195679631.jpg?resize=525%2C300 1.5x, https:\/\/i0.wp.com\/willi-junker.de\/dachs\/wp-content\/uploads\/2019\/10\/20191028_121003195679631.jpg?resize=700%2C400 2x, https:\/\/i0.wp.com\/willi-junker.de\/dachs\/wp-content\/uploads\/2019\/10\/20191028_121003195679631.jpg?resize=1050%2C600 3x, https:\/\/i0.wp.com\/willi-junker.de\/dachs\/wp-content\/uploads\/2019\/10\/20191028_121003195679631.jpg?resize=1400%2C800 4x"},"classes":[]}],"_links":{"self":[{"href":"https:\/\/willi-junker.de\/dachs\/index.php?rest_route=\/wp\/v2\/posts\/1578","targetHints":{"allow":["GET"]}}],"collection":[{"href":"https:\/\/willi-junker.de\/dachs\/index.php?rest_route=\/wp\/v2\/posts"}],"about":[{"href":"https:\/\/willi-junker.de\/dachs\/index.php?rest_route=\/wp\/v2\/types\/post"}],"author":[{"embeddable":true,"href":"https:\/\/willi-junker.de\/dachs\/index.php?rest_route=\/wp\/v2\/users\/1"}],"replies":[{"embeddable":true,"href":"https:\/\/willi-junker.de\/dachs\/index.php?rest_route=%2Fwp%2Fv2%2Fcomments&post=1578"}],"version-history":[{"count":1,"href":"https:\/\/willi-junker.de\/dachs\/index.php?rest_route=\/wp\/v2\/posts\/1578\/revisions"}],"predecessor-version":[{"id":1579,"href":"https:\/\/willi-junker.de\/dachs\/index.php?rest_route=\/wp\/v2\/posts\/1578\/revisions\/1579"}],"wp:attachment":[{"href":"https:\/\/willi-junker.de\/dachs\/index.php?rest_route=%2Fwp%2Fv2%2Fmedia&parent=1578"}],"wp:term":[{"taxonomy":"category","embeddable":true,"href":"https:\/\/willi-junker.de\/dachs\/index.php?rest_route=%2Fwp%2Fv2%2Fcategories&post=1578"},{"taxonomy":"post_tag","embeddable":true,"href":"https:\/\/willi-junker.de\/dachs\/index.php?rest_route=%2Fwp%2Fv2%2Ftags&post=1578"}],"curies":[{"name":"wp","href":"https:\/\/api.w.org\/{rel}","templated":true}]}}