{"id":1562,"date":"2014-06-21T12:00:00","date_gmt":"2014-06-21T10:00:00","guid":{"rendered":"http:\/\/willi-junker.de\/dachs\/?p=1562"},"modified":"2014-06-22T09:01:22","modified_gmt":"2014-06-22T07:01:22","slug":"1200-uhr-kap-arcona","status":"publish","type":"post","link":"https:\/\/willi-junker.de\/dachs\/?p=1562","title":{"rendered":"12:00 Uhr &#8211; Kap Arkona"},"content":{"rendered":"<p><a href=\"https:\/\/i0.wp.com\/willi-junker.de\/dachs\/wp-content\/uploads\/2014\/06\/wpid-IMAG05071.jpg?ssl=1\"><img data-recalc-dims=\"1\" decoding=\"async\" title=\"IMAG0507.jpg\" class=\"alignnone size-full\" alt=\"image\" src=\"https:\/\/i0.wp.com\/willi-junker.de\/dachs\/wp-content\/uploads\/2014\/06\/wpid-IMAG0507.jpg?w=640&#038;ssl=1\" \/><\/a><\/p>\n<p><a href=\"https:\/\/i0.wp.com\/willi-junker.de\/dachs\/wp-content\/uploads\/2014\/06\/wpid-IMAG05091.jpg?ssl=1\"><img data-recalc-dims=\"1\" decoding=\"async\" title=\"IMAG0509.jpg\" class=\"alignnone size-full\" alt=\"image\" src=\"https:\/\/i0.wp.com\/willi-junker.de\/dachs\/wp-content\/uploads\/2014\/06\/wpid-IMAG0509.jpg?w=640&#038;ssl=1\" \/><\/a><\/p>\n<p>Sturm und Sonnenschein. Klasse.<\/p>\n","protected":false},"excerpt":{"rendered":"<p>Sturm und Sonnenschein. Klasse.<\/p>\n","protected":false},"author":1,"featured_media":0,"comment_status":"open","ping_status":"open","sticky":false,"template":"","format":"standard","meta":{"_crdt_document":"","jetpack_post_was_ever_published":false,"_jetpack_newsletter_access":"","_jetpack_dont_email_post_to_subs":false,"_jetpack_newsletter_tier_id":0,"_jetpack_memberships_contains_paywalled_content":false,"_jetpack_memberships_contains_paid_content":false,"footnotes":"","jetpack_publicize_message":"","jetpack_publicize_feature_enabled":true,"jetpack_social_post_already_shared":false,"jetpack_social_options":{"image_generator_settings":{"template":"highway","default_image_id":0,"font":"","enabled":false},"version":2}},"categories":[3],"tags":[],"class_list":["post-1562","post","type-post","status-publish","format-standard","hentry","category-touren"],"jetpack_publicize_connections":[],"jetpack_featured_media_url":"","jetpack_sharing_enabled":true,"jetpack_shortlink":"https:\/\/wp.me\/p73o9s-pc","jetpack-related-posts":[{"id":1445,"url":"https:\/\/willi-junker.de\/dachs\/?p=1445","url_meta":{"origin":1562,"position":0},"title":"Wir sind auf dem Heimweg","author":"Willi","date":"08.12.2013","format":false,"excerpt":"Ab 15:00 Uhr treffen wir uns am Bus. Kurz nach 16:00 Uhr sind wir abreisebereit und treten den Heimweg an. Wir hatten 2 sch\u00f6ne Skitage und heute zum Abschluss strahlenden Sonnenschein. Au\u00dferdem kamen alle wieder wohlbehalten an den Bus.","rel":"","context":"In &quot;Touren&quot;","block_context":{"text":"Touren","link":"https:\/\/willi-junker.de\/dachs\/?cat=3"},"img":{"alt_text":"","src":"","width":0,"height":0},"classes":[]},{"id":402,"url":"https:\/\/willi-junker.de\/dachs\/?p=402","url_meta":{"origin":1562,"position":1},"title":"14:00 Uhr &#8211; B\u00e4renbrunner Hof","author":"Willi","date":"01.07.2011","format":false,"excerpt":"Nach dem 2. Gewitter und dem 3. Regenschauer sitze ich nun bei strahlendem Sonnenschein auf der Terrasse des B\u00e4renbrunner Hofes. Gehe dann weiter Richtung Wasgauh\u00fctte.","rel":"","context":"In &quot;Touren&quot;","block_context":{"text":"Touren","link":"https:\/\/willi-junker.de\/dachs\/?cat=3"},"img":{"alt_text":"","src":"","width":0,"height":0},"classes":[]},{"id":3019,"url":"https:\/\/willi-junker.de\/dachs\/?p=3019","url_meta":{"origin":1562,"position":2},"title":"18:00 Uhr &#8211; Laubacher Hof","author":"Willi","date":"06.09.2015","format":false,"excerpt":"Wir sind wieder im Lande. Ne klasse Tour bei optimalem Wetter. Auf den Hunsr\u00fcck hoch ging es mit dem Zug und ab Emmelshausen \u00fcber den Radweg.","rel":"","context":"In &quot;Touren&quot;","block_context":{"text":"Touren","link":"https:\/\/willi-junker.de\/dachs\/?cat=3"},"img":{"alt_text":"","src":"","width":0,"height":0},"classes":[]},{"id":3819,"url":"https:\/\/willi-junker.de\/dachs\/?p=3819","url_meta":{"origin":1562,"position":3},"title":"4. Skitag &#8211; Seiser Alm","author":"Willi","date":"07.03.2017","format":false,"excerpt":"09:25 Uhr - Monte Pana im Skibus. Bin \u00fcber den Ciampinoi und den Piz Sella hier her\u00fcber. Tolle 4,4 km lange Abfahrt hier her\u00fcber.\u00a0 Weiter geht's \u00fcber die Saltria und die Williamsh\u00fctte nach Compatsch und den Puflatsch (11 Uhr). Dann folgt noch ein Abstecher zur Arnikah\u00fctte. Hier habe ich mich\u2026","rel":"","context":"In &quot;Touren&quot;","block_context":{"text":"Touren","link":"https:\/\/willi-junker.de\/dachs\/?cat=3"},"img":{"alt_text":"","src":"https:\/\/i0.wp.com\/willi-junker.de\/dachs\/wp-content\/uploads\/2017\/03\/wp-image-49103105jpg.jpg?resize=350%2C200","width":350,"height":200,"srcset":"https:\/\/i0.wp.com\/willi-junker.de\/dachs\/wp-content\/uploads\/2017\/03\/wp-image-49103105jpg.jpg?resize=350%2C200 1x, https:\/\/i0.wp.com\/willi-junker.de\/dachs\/wp-content\/uploads\/2017\/03\/wp-image-49103105jpg.jpg?resize=525%2C300 1.5x, https:\/\/i0.wp.com\/willi-junker.de\/dachs\/wp-content\/uploads\/2017\/03\/wp-image-49103105jpg.jpg?resize=700%2C400 2x"},"classes":[]},{"id":4798,"url":"https:\/\/willi-junker.de\/dachs\/?p=4798","url_meta":{"origin":1562,"position":4},"title":"Kurztrip nach Br\u00fcssel","author":"Willi","date":"22.09.2018","format":false,"excerpt":"Am Freitagnachmittag geht es mal ausnahmsweise nicht mit eigener Kraft in Richtung Belgien. Br\u00fcssel erreichen wir mit Scherer-Reisen gegen 21:30 Uhr. Nach dem Zimmerbezug klingt f\u00fcr mich der Abend an der Hotelbar aus. Am Samstag gibt es zuerst eine Stadtrundfahrt und danach den Besuch einer Schokoladenmanufaktur. Der Abend in der\u2026","rel":"","context":"In &quot;Touren&quot;","block_context":{"text":"Touren","link":"https:\/\/willi-junker.de\/dachs\/?cat=3"},"img":{"alt_text":"","src":"https:\/\/i0.wp.com\/willi-junker.de\/dachs\/wp-content\/uploads\/2018\/09\/1220066.jpg?fit=1200%2C675&ssl=1&resize=350%2C200","width":350,"height":200,"srcset":"https:\/\/i0.wp.com\/willi-junker.de\/dachs\/wp-content\/uploads\/2018\/09\/1220066.jpg?fit=1200%2C675&ssl=1&resize=350%2C200 1x, https:\/\/i0.wp.com\/willi-junker.de\/dachs\/wp-content\/uploads\/2018\/09\/1220066.jpg?fit=1200%2C675&ssl=1&resize=525%2C300 1.5x, https:\/\/i0.wp.com\/willi-junker.de\/dachs\/wp-content\/uploads\/2018\/09\/1220066.jpg?fit=1200%2C675&ssl=1&resize=700%2C400 2x, https:\/\/i0.wp.com\/willi-junker.de\/dachs\/wp-content\/uploads\/2018\/09\/1220066.jpg?fit=1200%2C675&ssl=1&resize=1050%2C600 3x"},"classes":[]},{"id":1581,"url":"https:\/\/willi-junker.de\/dachs\/?p=1581","url_meta":{"origin":1562,"position":5},"title":"09:00 Uhr &#8211; Abfahrt in Richtung Hunsr\u00fcck","author":"Willi","date":"22.06.2014","format":false,"excerpt":"P\u00fcnktlich treten wir die R\u00fcckreise an. Auch heute ist wieder Sonnenschein. Gestern Abend, nach dem Buffet konnten wir gemeinsam das Spiel Deutschland - Ghana \"genie\u00dfen\". Danach, wie jeden Abend, Abschluss im \"Scheele's Labor\".","rel":"","context":"In &quot;Touren&quot;","block_context":{"text":"Touren","link":"https:\/\/willi-junker.de\/dachs\/?cat=3"},"img":{"alt_text":"","src":"","width":0,"height":0},"classes":[]}],"_links":{"self":[{"href":"https:\/\/willi-junker.de\/dachs\/index.php?rest_route=\/wp\/v2\/posts\/1562","targetHints":{"allow":["GET"]}}],"collection":[{"href":"https:\/\/willi-junker.de\/dachs\/index.php?rest_route=\/wp\/v2\/posts"}],"about":[{"href":"https:\/\/willi-junker.de\/dachs\/index.php?rest_route=\/wp\/v2\/types\/post"}],"author":[{"embeddable":true,"href":"https:\/\/willi-junker.de\/dachs\/index.php?rest_route=\/wp\/v2\/users\/1"}],"replies":[{"embeddable":true,"href":"https:\/\/willi-junker.de\/dachs\/index.php?rest_route=%2Fwp%2Fv2%2Fcomments&post=1562"}],"version-history":[{"count":2,"href":"https:\/\/willi-junker.de\/dachs\/index.php?rest_route=\/wp\/v2\/posts\/1562\/revisions"}],"predecessor-version":[{"id":1580,"href":"https:\/\/willi-junker.de\/dachs\/index.php?rest_route=\/wp\/v2\/posts\/1562\/revisions\/1580"}],"wp:attachment":[{"href":"https:\/\/willi-junker.de\/dachs\/index.php?rest_route=%2Fwp%2Fv2%2Fmedia&parent=1562"}],"wp:term":[{"taxonomy":"category","embeddable":true,"href":"https:\/\/willi-junker.de\/dachs\/index.php?rest_route=%2Fwp%2Fv2%2Fcategories&post=1562"},{"taxonomy":"post_tag","embeddable":true,"href":"https:\/\/willi-junker.de\/dachs\/index.php?rest_route=%2Fwp%2Fv2%2Ftags&post=1562"}],"curies":[{"name":"wp","href":"https:\/\/api.w.org\/{rel}","templated":true}]}}