{"id":1552,"date":"2014-06-20T15:00:00","date_gmt":"2014-06-20T13:00:00","guid":{"rendered":"http:\/\/willi-junker.de\/dachs\/?p=1552"},"modified":"2014-06-20T17:57:03","modified_gmt":"2014-06-20T15:57:03","slug":"seebad-binz","status":"publish","type":"post","link":"https:\/\/willi-junker.de\/dachs\/?p=1552","title":{"rendered":"Seebad Binz"},"content":{"rendered":"<p><a href=\"https:\/\/i0.wp.com\/willi-junker.de\/dachs\/wp-content\/uploads\/2014\/06\/wpid-IMAG04961.jpg?ssl=1\"><img data-recalc-dims=\"1\" decoding=\"async\" title=\"IMAG0496.jpg\" class=\"alignnone size-full\" alt=\"image\" src=\"https:\/\/i0.wp.com\/willi-junker.de\/dachs\/wp-content\/uploads\/2014\/06\/wpid-IMAG0496.jpg?w=640&#038;ssl=1\" \/><\/a><\/p>\n<p>Wir sitzen in der Sonne am Strand.<\/p>\n","protected":false},"excerpt":{"rendered":"<p>Wir sitzen in der Sonne am Strand.<\/p>\n","protected":false},"author":1,"featured_media":0,"comment_status":"open","ping_status":"open","sticky":false,"template":"","format":"standard","meta":{"_crdt_document":"","jetpack_post_was_ever_published":false,"_jetpack_newsletter_access":"","_jetpack_dont_email_post_to_subs":false,"_jetpack_newsletter_tier_id":0,"_jetpack_memberships_contains_paywalled_content":false,"_jetpack_memberships_contains_paid_content":false,"footnotes":"","jetpack_publicize_message":"","jetpack_publicize_feature_enabled":true,"jetpack_social_post_already_shared":false,"jetpack_social_options":{"image_generator_settings":{"template":"highway","default_image_id":0,"font":"","enabled":false},"version":2}},"categories":[3],"tags":[],"class_list":["post-1552","post","type-post","status-publish","format-standard","hentry","category-touren"],"jetpack_publicize_connections":[],"jetpack_featured_media_url":"","jetpack_sharing_enabled":true,"jetpack_shortlink":"https:\/\/wp.me\/p73o9s-p2","jetpack-related-posts":[{"id":1538,"url":"https:\/\/willi-junker.de\/dachs\/?p=1538","url_meta":{"origin":1552,"position":0},"title":"05:55 Uhr &#8211; am Ziel","author":"Willi","date":"15.06.2014","format":false,"excerpt":"Nach 74,5 km und 1.692 H\u00f6henmetern bin ich am Ziel. Hat super geklappt. Dudelsackspieler empfangen mich im Ziel. Die Dusche tut gut und das Fr\u00fchst\u00fcck ist reichhaltig. Wir drei Laubacher sitzen nun gl\u00fccklich in der Sonne.","rel":"","context":"In &quot;Touren&quot;","block_context":{"text":"Touren","link":"https:\/\/willi-junker.de\/dachs\/?cat=3"},"img":{"alt_text":"","src":"","width":0,"height":0},"classes":[]},{"id":2151,"url":"https:\/\/willi-junker.de\/dachs\/?p=2151","url_meta":{"origin":1552,"position":1},"title":"Sulzbach &#8211; Mittagessen","author":"Willi","date":"13.06.2015","format":false,"excerpt":"Nach 16 km sitzen wir in Sulzbach in der Sonne. Juhu. Nur noch 56 km ;-))","rel":"","context":"In &quot;Touren&quot;","block_context":{"text":"Touren","link":"https:\/\/willi-junker.de\/dachs\/?cat=3"},"img":{"alt_text":"","src":"","width":0,"height":0},"classes":[]},{"id":2327,"url":"https:\/\/willi-junker.de\/dachs\/?p=2327","url_meta":{"origin":1552,"position":2},"title":"12:30 Uhr &#8211; Frankenberg","author":"Willi","date":"24.06.2015","format":false,"excerpt":"Wir sitzen bei unseren s\u00fcdlichen Freunden und st\u00fctzen die Wirtschaft. Sogar die Sonne haben wir kurz gesehen.","rel":"","context":"In &quot;Touren&quot;","block_context":{"text":"Touren","link":"https:\/\/willi-junker.de\/dachs\/?cat=3"},"img":{"alt_text":"","src":"","width":0,"height":0},"classes":[]},{"id":545,"url":"https:\/\/willi-junker.de\/dachs\/?p=545","url_meta":{"origin":1552,"position":3},"title":"11:30 Uhr &#8211; Stevia","author":"Willi","date":"05.09.2011","format":false,"excerpt":"Auch heute, am letzten gemeinsamen Tag unternehmen wir noch eine Bergtour. Zum Mittagessen sitzen wir nach 800 H\u00f6henmetern beim Toni auf der Stevia H\u00fctte. Sicht gleich null und p\u00fcnktlich zum Einkehren auch Regen. Posted from WordPress for Android","rel":"","context":"In &quot;Touren&quot;","block_context":{"text":"Touren","link":"https:\/\/willi-junker.de\/dachs\/?cat=3"},"img":{"alt_text":"","src":"","width":0,"height":0},"classes":[]},{"id":2414,"url":"https:\/\/willi-junker.de\/dachs\/?p=2414","url_meta":{"origin":1552,"position":4},"title":"Auf zur letzten Runde &#8211; Sonntag","author":"Willi","date":"28.06.2015","format":false,"excerpt":"Am letzten Tag des Laubachtreffens sitzen wir um 10:00 Uhr wieder in der Halle. Die Kirche im Ort ist zu klein f\u00fcr den Gottesdienst.","rel":"","context":"In &quot;Touren&quot;","block_context":{"text":"Touren","link":"https:\/\/willi-junker.de\/dachs\/?cat=3"},"img":{"alt_text":"","src":"","width":0,"height":0},"classes":[]},{"id":2343,"url":"https:\/\/willi-junker.de\/dachs\/?p=2343","url_meta":{"origin":1552,"position":5},"title":"17:30 Uhr &#8211; Der Edersee l\u00e4sst uns heute nicht mehr los","author":"Willi","date":"24.06.2015","format":false,"excerpt":"Wir sitzen ganz vorne am See. Zimmer im Seehotel sind gebucht. Die gesamte Strecke heute hat richtig Spa\u00df gemacht.","rel":"","context":"In &quot;Touren&quot;","block_context":{"text":"Touren","link":"https:\/\/willi-junker.de\/dachs\/?cat=3"},"img":{"alt_text":"","src":"","width":0,"height":0},"classes":[]}],"_links":{"self":[{"href":"https:\/\/willi-junker.de\/dachs\/index.php?rest_route=\/wp\/v2\/posts\/1552","targetHints":{"allow":["GET"]}}],"collection":[{"href":"https:\/\/willi-junker.de\/dachs\/index.php?rest_route=\/wp\/v2\/posts"}],"about":[{"href":"https:\/\/willi-junker.de\/dachs\/index.php?rest_route=\/wp\/v2\/types\/post"}],"author":[{"embeddable":true,"href":"https:\/\/willi-junker.de\/dachs\/index.php?rest_route=\/wp\/v2\/users\/1"}],"replies":[{"embeddable":true,"href":"https:\/\/willi-junker.de\/dachs\/index.php?rest_route=%2Fwp%2Fv2%2Fcomments&post=1552"}],"version-history":[{"count":1,"href":"https:\/\/willi-junker.de\/dachs\/index.php?rest_route=\/wp\/v2\/posts\/1552\/revisions"}],"predecessor-version":[{"id":1553,"href":"https:\/\/willi-junker.de\/dachs\/index.php?rest_route=\/wp\/v2\/posts\/1552\/revisions\/1553"}],"wp:attachment":[{"href":"https:\/\/willi-junker.de\/dachs\/index.php?rest_route=%2Fwp%2Fv2%2Fmedia&parent=1552"}],"wp:term":[{"taxonomy":"category","embeddable":true,"href":"https:\/\/willi-junker.de\/dachs\/index.php?rest_route=%2Fwp%2Fv2%2Fcategories&post=1552"},{"taxonomy":"post_tag","embeddable":true,"href":"https:\/\/willi-junker.de\/dachs\/index.php?rest_route=%2Fwp%2Fv2%2Ftags&post=1552"}],"curies":[{"name":"wp","href":"https:\/\/api.w.org\/{rel}","templated":true}]}}