{"id":1538,"date":"2014-06-15T07:40:44","date_gmt":"2014-06-15T05:40:44","guid":{"rendered":"http:\/\/willi-junker.de\/dachs\/?p=1538"},"modified":"2014-06-15T07:40:44","modified_gmt":"2014-06-15T05:40:44","slug":"0555-uhr-am-ziel","status":"publish","type":"post","link":"https:\/\/willi-junker.de\/dachs\/?p=1538","title":{"rendered":"05:55 Uhr &#8211; am Ziel"},"content":{"rendered":"<p>Nach 74,5 km und 1.692 H\u00f6henmetern bin ich am Ziel. Hat super geklappt. Dudelsackspieler empfangen mich im Ziel. Die Dusche tut gut und das Fr\u00fchst\u00fcck ist reichhaltig.<\/p>\n<p>Wir drei Laubacher sitzen nun gl\u00fccklich in der Sonne.<\/p>\n<p><a href=\"https:\/\/i0.wp.com\/willi-junker.de\/dachs\/wp-content\/uploads\/2014\/06\/wpid-IMAG04881.jpg?ssl=1\"><img data-recalc-dims=\"1\" decoding=\"async\" title=\"IMAG0488.jpg\" class=\"alignnone size-full\" alt=\"image\" src=\"https:\/\/i0.wp.com\/willi-junker.de\/dachs\/wp-content\/uploads\/2014\/06\/wpid-IMAG0488.jpg?w=640&#038;ssl=1\" \/><\/a><\/p>\n","protected":false},"excerpt":{"rendered":"<p>Nach 74,5 km und 1.692 H\u00f6henmetern bin ich am Ziel. Hat super geklappt. Dudelsackspieler empfangen mich im Ziel. Die Dusche tut gut und das Fr\u00fchst\u00fcck ist reichhaltig. Wir drei Laubacher sitzen nun gl\u00fccklich in der Sonne.<\/p>\n","protected":false},"author":1,"featured_media":0,"comment_status":"open","ping_status":"open","sticky":false,"template":"","format":"standard","meta":{"_crdt_document":"","jetpack_post_was_ever_published":false,"_jetpack_newsletter_access":"","_jetpack_dont_email_post_to_subs":false,"_jetpack_newsletter_tier_id":0,"_jetpack_memberships_contains_paywalled_content":false,"_jetpack_memberships_contains_paid_content":false,"footnotes":"","jetpack_publicize_message":"","jetpack_publicize_feature_enabled":true,"jetpack_social_post_already_shared":false,"jetpack_social_options":{"image_generator_settings":{"template":"highway","default_image_id":0,"font":"","enabled":false},"version":2}},"categories":[3],"tags":[],"class_list":["post-1538","post","type-post","status-publish","format-standard","hentry","category-touren"],"jetpack_publicize_connections":[],"jetpack_featured_media_url":"","jetpack_sharing_enabled":true,"jetpack_shortlink":"https:\/\/wp.me\/p73o9s-oO","jetpack-related-posts":[{"id":3469,"url":"https:\/\/willi-junker.de\/dachs\/?p=3469","url_meta":{"origin":1538,"position":0},"title":"19:30 Uhr &#8211; Am Ziel &#8211; Wolkenstein\u00a0","author":"Willi","date":"08.09.2016","format":false,"excerpt":"Nach langer Tour \u00fcber die Alm und \u00fcber Monte Pana und La Selva bin ich am Ziel. Fast 30 km und \u00fcber 900 H\u00f6henmeter. Die Dusche und das Sal F\u00ebur rufen.","rel":"","context":"In &quot;Touren&quot;","block_context":{"text":"Touren","link":"https:\/\/willi-junker.de\/dachs\/?cat=3"},"img":{"alt_text":"","src":"https:\/\/i0.wp.com\/willi-junker.de\/dachs\/wp-content\/uploads\/2016\/09\/wp-image-1865210820jpg.jpg?resize=350%2C200","width":350,"height":200,"srcset":"https:\/\/i0.wp.com\/willi-junker.de\/dachs\/wp-content\/uploads\/2016\/09\/wp-image-1865210820jpg.jpg?resize=350%2C200 1x, https:\/\/i0.wp.com\/willi-junker.de\/dachs\/wp-content\/uploads\/2016\/09\/wp-image-1865210820jpg.jpg?resize=525%2C300 1.5x, https:\/\/i0.wp.com\/willi-junker.de\/dachs\/wp-content\/uploads\/2016\/09\/wp-image-1865210820jpg.jpg?resize=700%2C400 2x"},"classes":[]},{"id":2393,"url":"https:\/\/willi-junker.de\/dachs\/?p=2393","url_meta":{"origin":1538,"position":1},"title":"10:15 Uhr &#8211; Wir sind alle Laubacher","author":"Willi","date":"26.06.2015","format":false,"excerpt":"Wir sind am Ziel, eigentlich. Sind aber \u00fcber das Ziel hinausgeschossen und sitzen in Witzenhausen im Biergarten.","rel":"","context":"In &quot;Touren&quot;","block_context":{"text":"Touren","link":"https:\/\/willi-junker.de\/dachs\/?cat=3"},"img":{"alt_text":"","src":"","width":0,"height":0},"classes":[]},{"id":2187,"url":"https:\/\/willi-junker.de\/dachs\/?p=2187","url_meta":{"origin":1538,"position":2},"title":"04:15 Uhr &#8211; Schneppenbach &#8211; Der L\u00fctzelsoon erwartet uns","author":"Willi","date":"14.06.2015","format":false,"excerpt":"Jetzt nur noch durch den L\u00fctzelsoon, dann ist das Ziel in unmittelbarer N\u00e4he. Die Nacht war schneller vorbei als erwartet und am Nordosthimmel wird es schon deutlich heller. \u00a0","rel":"","context":"In &quot;Touren&quot;","block_context":{"text":"Touren","link":"https:\/\/willi-junker.de\/dachs\/?cat=3"},"img":{"alt_text":"2015_24h_rlp_148","src":"https:\/\/i0.wp.com\/willi-junker.de\/dachs\/wp-content\/uploads\/2015\/06\/2015_24h_rlp_148-500x281.jpg?resize=350%2C200","width":350,"height":200},"classes":[]},{"id":3580,"url":"https:\/\/willi-junker.de\/dachs\/?p=3580","url_meta":{"origin":1538,"position":3},"title":"11:40 Uhr \u00a0&#8211; Refugio Gardenacia","author":"Willi","date":"13.09.2016","format":false,"excerpt":"Nach 1 Stunde und 40 Minuten wandern habe ich das erste Ziel erreicht. Das Ziel aller Radfahrer in Italien, die \"M\u00fcr Dl Giat\", die Katzenmauer. Sie ist die letzte knallharte Pr\u00fcfung beim Dolomiten Radmarthon und in diesem Jahr wurden auch die Profis beim Giro d'Italia dar\u00fcber gejagt. Im Winter, beim\u2026","rel":"","context":"In &quot;Touren&quot;","block_context":{"text":"Touren","link":"https:\/\/willi-junker.de\/dachs\/?cat=3"},"img":{"alt_text":"","src":"https:\/\/i0.wp.com\/willi-junker.de\/dachs\/wp-content\/uploads\/2016\/09\/wp-image-1012111160jpg.jpg?resize=350%2C200","width":350,"height":200,"srcset":"https:\/\/i0.wp.com\/willi-junker.de\/dachs\/wp-content\/uploads\/2016\/09\/wp-image-1012111160jpg.jpg?resize=350%2C200 1x, https:\/\/i0.wp.com\/willi-junker.de\/dachs\/wp-content\/uploads\/2016\/09\/wp-image-1012111160jpg.jpg?resize=525%2C300 1.5x, https:\/\/i0.wp.com\/willi-junker.de\/dachs\/wp-content\/uploads\/2016\/09\/wp-image-1012111160jpg.jpg?resize=700%2C400 2x"},"classes":[]},{"id":2193,"url":"https:\/\/willi-junker.de\/dachs\/?p=2193","url_meta":{"origin":1538,"position":4},"title":"06:02 Uhr &#8211; alle 6 im Ziel","author":"Willi","date":"14.06.2015","format":false,"excerpt":"Herrlicher Sonnenaufgang und tolles Fr\u00fchst\u00fcck nach dem Duschen.","rel":"","context":"In &quot;Touren&quot;","block_context":{"text":"Touren","link":"https:\/\/willi-junker.de\/dachs\/?cat=3"},"img":{"alt_text":"2015_24h_rlp_155","src":"https:\/\/i0.wp.com\/willi-junker.de\/dachs\/wp-content\/uploads\/2015\/06\/2015_24h_rlp_155-500x281.jpg?resize=350%2C200","width":350,"height":200},"classes":[]},{"id":1835,"url":"https:\/\/willi-junker.de\/dachs\/?p=1835","url_meta":{"origin":1538,"position":5},"title":"Teide Extreme Triathlon","author":"Willi","date":"04.10.2014","format":false,"excerpt":"Bin heute mitten in dieser Veranstaltung gelandet. Start und Ziel sind in gut 1 km s\u00fcdlich. Die Radstrecke geht vor dem Hotel entlang und die L\u00e4ufer laufen direkt zwischen Hotel und Strand entlang. Der Stra\u00dfenverkehr ist seit heute Morgen zusammengebrochen.","rel":"","context":"In &quot;Touren&quot;","block_context":{"text":"Touren","link":"https:\/\/willi-junker.de\/dachs\/?cat=3"},"img":{"alt_text":"","src":"","width":0,"height":0},"classes":[]}],"_links":{"self":[{"href":"https:\/\/willi-junker.de\/dachs\/index.php?rest_route=\/wp\/v2\/posts\/1538","targetHints":{"allow":["GET"]}}],"collection":[{"href":"https:\/\/willi-junker.de\/dachs\/index.php?rest_route=\/wp\/v2\/posts"}],"about":[{"href":"https:\/\/willi-junker.de\/dachs\/index.php?rest_route=\/wp\/v2\/types\/post"}],"author":[{"embeddable":true,"href":"https:\/\/willi-junker.de\/dachs\/index.php?rest_route=\/wp\/v2\/users\/1"}],"replies":[{"embeddable":true,"href":"https:\/\/willi-junker.de\/dachs\/index.php?rest_route=%2Fwp%2Fv2%2Fcomments&post=1538"}],"version-history":[{"count":1,"href":"https:\/\/willi-junker.de\/dachs\/index.php?rest_route=\/wp\/v2\/posts\/1538\/revisions"}],"predecessor-version":[{"id":1539,"href":"https:\/\/willi-junker.de\/dachs\/index.php?rest_route=\/wp\/v2\/posts\/1538\/revisions\/1539"}],"wp:attachment":[{"href":"https:\/\/willi-junker.de\/dachs\/index.php?rest_route=%2Fwp%2Fv2%2Fmedia&parent=1538"}],"wp:term":[{"taxonomy":"category","embeddable":true,"href":"https:\/\/willi-junker.de\/dachs\/index.php?rest_route=%2Fwp%2Fv2%2Fcategories&post=1538"},{"taxonomy":"post_tag","embeddable":true,"href":"https:\/\/willi-junker.de\/dachs\/index.php?rest_route=%2Fwp%2Fv2%2Ftags&post=1538"}],"curies":[{"name":"wp","href":"https:\/\/api.w.org\/{rel}","templated":true}]}}