{"id":1534,"date":"2014-06-15T05:42:44","date_gmt":"2014-06-15T03:42:44","guid":{"rendered":"http:\/\/willi-junker.de\/dachs\/?p=1534"},"modified":"2014-06-24T00:16:11","modified_gmt":"2014-06-23T22:16:11","slug":"0535-uhr-fast-am-ziel","status":"publish","type":"post","link":"https:\/\/willi-junker.de\/dachs\/?p=1534","title":{"rendered":"05:35 Uhr &#8211; Fast am Ziel"},"content":{"rendered":"<p><a href=\"https:\/\/i0.wp.com\/willi-junker.de\/dachs\/wp-content\/uploads\/2014\/06\/wpid-IMAG04871.jpg?ssl=1\"><img data-recalc-dims=\"1\" decoding=\"async\" title=\"IMAG0487.jpg\" class=\"alignnone size-full\" alt=\"image\" src=\"https:\/\/i0.wp.com\/willi-junker.de\/dachs\/wp-content\/uploads\/2014\/06\/wpid-IMAG0487.jpg?w=640&#038;ssl=1\" \/><\/a><\/p>\n<p>Hennweiler ist schon in Sicht. Die V\u00f6glein zwitschern und es gab gerade Sekt. Die Stimmung ist noch immer gut.<\/p>\n","protected":false},"excerpt":{"rendered":"<p>Hennweiler ist schon in Sicht. Die V\u00f6glein zwitschern und es gab gerade Sekt. Die Stimmung ist noch immer gut.<\/p>\n","protected":false},"author":1,"featured_media":0,"comment_status":"open","ping_status":"open","sticky":false,"template":"","format":"standard","meta":{"_crdt_document":"","jetpack_post_was_ever_published":false,"_jetpack_newsletter_access":"","_jetpack_dont_email_post_to_subs":false,"_jetpack_newsletter_tier_id":0,"_jetpack_memberships_contains_paywalled_content":false,"_jetpack_memberships_contains_paid_content":false,"footnotes":"","jetpack_publicize_message":"","jetpack_publicize_feature_enabled":true,"jetpack_social_post_already_shared":false,"jetpack_social_options":{"image_generator_settings":{"template":"highway","default_image_id":0,"font":"","enabled":false},"version":2}},"categories":[3],"tags":[],"class_list":["post-1534","post","type-post","status-publish","format-standard","hentry","category-touren"],"jetpack_publicize_connections":[],"jetpack_featured_media_url":"","jetpack_sharing_enabled":true,"jetpack_shortlink":"https:\/\/wp.me\/p73o9s-oK","jetpack-related-posts":[{"id":3977,"url":"https:\/\/willi-junker.de\/dachs\/?p=3977","url_meta":{"origin":1534,"position":0},"title":"24 Stunden von Rheinland-Pfalz 2017 &#8211; wieder in Hennweiler\u00a0","author":"Willi","date":"17.06.2017","format":false,"excerpt":"Seit heute Morgen um 06:00 stehe ich wieder mit meinem Auto unter den schattigen B\u00e4umen an der L\u00fctzelsoonhalle in Hennweiler. Wir haben wieder eine sch\u00f6ne Gruppe zusammen bekommen und nach dem gemeinsamen Fr\u00fchst\u00fcck und der Verabschiedung durch die Pipe-Spieler geht es um 08:30 Uhr los. Das Wetter ist absolut ideal.\u2026","rel":"","context":"In &quot;Touren&quot;","block_context":{"text":"Touren","link":"https:\/\/willi-junker.de\/dachs\/?cat=3"},"img":{"alt_text":"","src":"https:\/\/i0.wp.com\/willi-junker.de\/dachs\/wp-content\/uploads\/2017\/06\/5172017214252.jpg?resize=350%2C200","width":350,"height":200,"srcset":"https:\/\/i0.wp.com\/willi-junker.de\/dachs\/wp-content\/uploads\/2017\/06\/5172017214252.jpg?resize=350%2C200 1x, https:\/\/i0.wp.com\/willi-junker.de\/dachs\/wp-content\/uploads\/2017\/06\/5172017214252.jpg?resize=525%2C300 1.5x, https:\/\/i0.wp.com\/willi-junker.de\/dachs\/wp-content\/uploads\/2017\/06\/5172017214252.jpg?resize=700%2C400 2x, https:\/\/i0.wp.com\/willi-junker.de\/dachs\/wp-content\/uploads\/2017\/06\/5172017214252.jpg?resize=1050%2C600 3x, https:\/\/i0.wp.com\/willi-junker.de\/dachs\/wp-content\/uploads\/2017\/06\/5172017214252.jpg?resize=1400%2C800 4x"},"classes":[]},{"id":4192,"url":"https:\/\/willi-junker.de\/dachs\/?p=4192","url_meta":{"origin":1534,"position":1},"title":"Tag 9 &#8211; Ein etwas verungl\u00fcckter Ruhetag","author":"Willi","date":"26.07.2017","format":false,"excerpt":"Nach der langen Tour gestern gehe ich es heute sehr ruhig an. Gegen halb zehn laufe ich in Richtung Bus und fahre hinab nach St. Ulrich. Von dort geht es dann zur Standseilbahn Rasch\u00f6tz. Beim Hinauflaufen wundere ich mich \u00fcber die mir entgegenkommenden Gruppen. F\u00fcr abends w\u00e4re das normal aber\u2026","rel":"","context":"In &quot;Touren&quot;","block_context":{"text":"Touren","link":"https:\/\/willi-junker.de\/dachs\/?cat=3"},"img":{"alt_text":"","src":"https:\/\/i0.wp.com\/willi-junker.de\/dachs\/wp-content\/uploads\/2017\/07\/wp-image-1614477091.jpg?resize=350%2C200","width":350,"height":200,"srcset":"https:\/\/i0.wp.com\/willi-junker.de\/dachs\/wp-content\/uploads\/2017\/07\/wp-image-1614477091.jpg?resize=350%2C200 1x, https:\/\/i0.wp.com\/willi-junker.de\/dachs\/wp-content\/uploads\/2017\/07\/wp-image-1614477091.jpg?resize=525%2C300 1.5x, https:\/\/i0.wp.com\/willi-junker.de\/dachs\/wp-content\/uploads\/2017\/07\/wp-image-1614477091.jpg?resize=700%2C400 2x, https:\/\/i0.wp.com\/willi-junker.de\/dachs\/wp-content\/uploads\/2017\/07\/wp-image-1614477091.jpg?resize=1050%2C600 3x, https:\/\/i0.wp.com\/willi-junker.de\/dachs\/wp-content\/uploads\/2017\/07\/wp-image-1614477091.jpg?resize=1400%2C800 4x"},"classes":[]},{"id":2187,"url":"https:\/\/willi-junker.de\/dachs\/?p=2187","url_meta":{"origin":1534,"position":2},"title":"04:15 Uhr &#8211; Schneppenbach &#8211; Der L\u00fctzelsoon erwartet uns","author":"Willi","date":"14.06.2015","format":false,"excerpt":"Jetzt nur noch durch den L\u00fctzelsoon, dann ist das Ziel in unmittelbarer N\u00e4he. Die Nacht war schneller vorbei als erwartet und am Nordosthimmel wird es schon deutlich heller. \u00a0","rel":"","context":"In &quot;Touren&quot;","block_context":{"text":"Touren","link":"https:\/\/willi-junker.de\/dachs\/?cat=3"},"img":{"alt_text":"2015_24h_rlp_148","src":"https:\/\/i0.wp.com\/willi-junker.de\/dachs\/wp-content\/uploads\/2015\/06\/2015_24h_rlp_148-500x281.jpg?resize=350%2C200","width":350,"height":200},"classes":[]},{"id":4153,"url":"https:\/\/willi-junker.de\/dachs\/?p=4153","url_meta":{"origin":1534,"position":3},"title":"Tag 8 &#8211; Umrundung Langkofelstock","author":"Willi","date":"25.07.2017","format":false,"excerpt":"Heute gibt es um 07:15 Uhr Fr\u00fchst\u00fcck. Abmarsch ist um 08:10 Uhr. Um 08:26 Uhr steigen wir in den total \u00fcberf\u00fcllten Bus zum Sellapass. Beinahe waren auch nur 50% von uns in den Bus gekommen. Es ist saukalt, aber sonnig. Der Rest der Familie f\u00e4hrt vom Sella-Joch mit dem Lift\u2026","rel":"","context":"In &quot;Touren&quot;","block_context":{"text":"Touren","link":"https:\/\/willi-junker.de\/dachs\/?cat=3"},"img":{"alt_text":"","src":"https:\/\/i0.wp.com\/willi-junker.de\/dachs\/wp-content\/uploads\/2017\/07\/wp-image-1084737681.jpg?resize=350%2C200","width":350,"height":200,"srcset":"https:\/\/i0.wp.com\/willi-junker.de\/dachs\/wp-content\/uploads\/2017\/07\/wp-image-1084737681.jpg?resize=350%2C200 1x, https:\/\/i0.wp.com\/willi-junker.de\/dachs\/wp-content\/uploads\/2017\/07\/wp-image-1084737681.jpg?resize=525%2C300 1.5x, https:\/\/i0.wp.com\/willi-junker.de\/dachs\/wp-content\/uploads\/2017\/07\/wp-image-1084737681.jpg?resize=700%2C400 2x, https:\/\/i0.wp.com\/willi-junker.de\/dachs\/wp-content\/uploads\/2017\/07\/wp-image-1084737681.jpg?resize=1050%2C600 3x, https:\/\/i0.wp.com\/willi-junker.de\/dachs\/wp-content\/uploads\/2017\/07\/wp-image-1084737681.jpg?resize=1400%2C800 4x"},"classes":[]},{"id":3343,"url":"https:\/\/willi-junker.de\/dachs\/?p=3343","url_meta":{"origin":1534,"position":4},"title":"3. und letzte Runde geschafft","author":"Willi","date":"19.06.2016","format":false,"excerpt":"Um 06:08 Uhr am Morgen erreichen wir den Wanderparkplatz in Hennweiler. Somit ist auch die Nachtrunde abgeschlossen und fast 80 km sind erwandert. Im der Nacht wurden wir in den Gemeindeh\u00e4usern von Bollenbach und Bruschied begr\u00fc\u00dft. Auch an diversen anderen Orten, zum Teil mitten im Wald, wurden wir herzlich in\u2026","rel":"","context":"In &quot;Touren&quot;","block_context":{"text":"Touren","link":"https:\/\/willi-junker.de\/dachs\/?cat=3"},"img":{"alt_text":"","src":"","width":0,"height":0},"classes":[]},{"id":3592,"url":"https:\/\/willi-junker.de\/dachs\/?p=3592","url_meta":{"origin":1534,"position":5},"title":"16:00 Uhr \u00a0&#8211; Mal wieder Puezh\u00fctte","author":"Willi","date":"13.09.2016","format":false,"excerpt":"Gerade zieht die 16:00 Uhr-Regenwolke dr\u00fcber. Ich bin wohl der letzte Tagesgast hier oben. Der Rest bleibt \u00fcber Nacht und ich darf noch gut 2-3 Stunden absteigen. Das Ziel ist eigentlich zum Greifen nah, aber es liegt noch ein ganz sch\u00f6n langes St\u00fcck Weg vor mir.","rel":"","context":"In &quot;Touren&quot;","block_context":{"text":"Touren","link":"https:\/\/willi-junker.de\/dachs\/?cat=3"},"img":{"alt_text":"","src":"https:\/\/i0.wp.com\/willi-junker.de\/dachs\/wp-content\/uploads\/2016\/09\/wp-image-53803913jpg.jpg?resize=350%2C200","width":350,"height":200,"srcset":"https:\/\/i0.wp.com\/willi-junker.de\/dachs\/wp-content\/uploads\/2016\/09\/wp-image-53803913jpg.jpg?resize=350%2C200 1x, https:\/\/i0.wp.com\/willi-junker.de\/dachs\/wp-content\/uploads\/2016\/09\/wp-image-53803913jpg.jpg?resize=525%2C300 1.5x, https:\/\/i0.wp.com\/willi-junker.de\/dachs\/wp-content\/uploads\/2016\/09\/wp-image-53803913jpg.jpg?resize=700%2C400 2x"},"classes":[]}],"_links":{"self":[{"href":"https:\/\/willi-junker.de\/dachs\/index.php?rest_route=\/wp\/v2\/posts\/1534","targetHints":{"allow":["GET"]}}],"collection":[{"href":"https:\/\/willi-junker.de\/dachs\/index.php?rest_route=\/wp\/v2\/posts"}],"about":[{"href":"https:\/\/willi-junker.de\/dachs\/index.php?rest_route=\/wp\/v2\/types\/post"}],"author":[{"embeddable":true,"href":"https:\/\/willi-junker.de\/dachs\/index.php?rest_route=\/wp\/v2\/users\/1"}],"replies":[{"embeddable":true,"href":"https:\/\/willi-junker.de\/dachs\/index.php?rest_route=%2Fwp%2Fv2%2Fcomments&post=1534"}],"version-history":[{"count":2,"href":"https:\/\/willi-junker.de\/dachs\/index.php?rest_route=\/wp\/v2\/posts\/1534\/revisions"}],"predecessor-version":[{"id":1590,"href":"https:\/\/willi-junker.de\/dachs\/index.php?rest_route=\/wp\/v2\/posts\/1534\/revisions\/1590"}],"wp:attachment":[{"href":"https:\/\/willi-junker.de\/dachs\/index.php?rest_route=%2Fwp%2Fv2%2Fmedia&parent=1534"}],"wp:term":[{"taxonomy":"category","embeddable":true,"href":"https:\/\/willi-junker.de\/dachs\/index.php?rest_route=%2Fwp%2Fv2%2Fcategories&post=1534"},{"taxonomy":"post_tag","embeddable":true,"href":"https:\/\/willi-junker.de\/dachs\/index.php?rest_route=%2Fwp%2Fv2%2Ftags&post=1534"}],"curies":[{"name":"wp","href":"https:\/\/api.w.org\/{rel}","templated":true}]}}