{"id":1521,"date":"2014-06-14T17:47:42","date_gmt":"2014-06-14T15:47:42","guid":{"rendered":"http:\/\/willi-junker.de\/dachs\/?p=1521"},"modified":"2014-06-14T17:47:42","modified_gmt":"2014-06-14T15:47:42","slug":"kirner-dolomiten","status":"publish","type":"post","link":"https:\/\/willi-junker.de\/dachs\/?p=1521","title":{"rendered":"Kirner Dolomiten"},"content":{"rendered":"<p><a href=\"https:\/\/i0.wp.com\/willi-junker.de\/dachs\/wp-content\/uploads\/2014\/06\/wpid-IMAG04851.jpg?ssl=1\"><img data-recalc-dims=\"1\" decoding=\"async\" title=\"IMAG0485.jpg\" class=\"alignnone size-full\" alt=\"image\" src=\"https:\/\/i0.wp.com\/willi-junker.de\/dachs\/wp-content\/uploads\/2014\/06\/wpid-IMAG0485.jpg?w=640&#038;ssl=1\" \/><\/a><\/p>\n<p>Ist der Hunsr\u00fcck sch\u00f6n<\/p>\n","protected":false},"excerpt":{"rendered":"<p>Ist der Hunsr\u00fcck sch\u00f6n<\/p>\n","protected":false},"author":1,"featured_media":0,"comment_status":"open","ping_status":"open","sticky":false,"template":"","format":"standard","meta":{"_crdt_document":"","jetpack_post_was_ever_published":false,"_jetpack_newsletter_access":"","_jetpack_dont_email_post_to_subs":false,"_jetpack_newsletter_tier_id":0,"_jetpack_memberships_contains_paywalled_content":false,"_jetpack_memberships_contains_paid_content":false,"footnotes":"","jetpack_publicize_message":"","jetpack_publicize_feature_enabled":true,"jetpack_social_post_already_shared":false,"jetpack_social_options":{"image_generator_settings":{"template":"highway","default_image_id":0,"font":"","enabled":false},"version":2}},"categories":[3],"tags":[],"class_list":["post-1521","post","type-post","status-publish","format-standard","hentry","category-touren"],"jetpack_publicize_connections":[],"jetpack_featured_media_url":"","jetpack_sharing_enabled":true,"jetpack_shortlink":"https:\/\/wp.me\/p73o9s-ox","jetpack-related-posts":[{"id":5382,"url":"https:\/\/willi-junker.de\/dachs\/?p=5382","url_meta":{"origin":1521,"position":0},"title":"R\u00fcckfahrt in den Hunsr\u00fcck","author":"Willi","date":"02.11.2019","format":false,"excerpt":"Am Morgen nieselt es leicht. Die Berge rundum nicht sichtbar. Nach dem Fr\u00fchst\u00fcck ist es noch kein bisschen besser, eher noch heftiger. Von daher zahlen wir und treten die R\u00fcckreise an. Wir fahren hinauf ins Vinschgau, in Richtung Reschen. Naturns wird noch kurz zum Einkaufen genutzt. In Nauders biegen wir\u2026","rel":"","context":"In &quot;Touren&quot;","block_context":{"text":"Touren","link":"https:\/\/willi-junker.de\/dachs\/?cat=3"},"img":{"alt_text":"","src":"https:\/\/i0.wp.com\/willi-junker.de\/dachs\/wp-content\/uploads\/2019\/11\/20191102_081924936157082.jpg?resize=350%2C200&ssl=1","width":350,"height":200,"srcset":"https:\/\/i0.wp.com\/willi-junker.de\/dachs\/wp-content\/uploads\/2019\/11\/20191102_081924936157082.jpg?resize=350%2C200&ssl=1 1x, https:\/\/i0.wp.com\/willi-junker.de\/dachs\/wp-content\/uploads\/2019\/11\/20191102_081924936157082.jpg?resize=525%2C300&ssl=1 1.5x, https:\/\/i0.wp.com\/willi-junker.de\/dachs\/wp-content\/uploads\/2019\/11\/20191102_081924936157082.jpg?resize=700%2C400&ssl=1 2x, https:\/\/i0.wp.com\/willi-junker.de\/dachs\/wp-content\/uploads\/2019\/11\/20191102_081924936157082.jpg?resize=1050%2C600&ssl=1 3x, https:\/\/i0.wp.com\/willi-junker.de\/dachs\/wp-content\/uploads\/2019\/11\/20191102_081924936157082.jpg?resize=1400%2C800&ssl=1 4x"},"classes":[]},{"id":5415,"url":"https:\/\/willi-junker.de\/dachs\/?p=5415","url_meta":{"origin":1521,"position":1},"title":"21. Wintertour des TuS Laubach","author":"Willi Junker","date":"03.03.2020","format":false,"excerpt":"Wir sind wieder in den Dolomiten. Zum 21. Mal und zum 19. Mal im Hotel Issinger Weiher. Skitag eins mit dem TuS Laubach. Gestern Abend sind wir im Hunsr\u00fcck losgefahren und heute Morgen, p\u00fcnktlich zum Fr\u00fchst\u00fcck sind wir im Hotel am Issinger Weiher. Schon direkt danach geht es ins Skigebiete\u2026","rel":"","context":"In &quot;Touren&quot;","block_context":{"text":"Touren","link":"https:\/\/willi-junker.de\/dachs\/?cat=3"},"img":{"alt_text":"","src":"https:\/\/i0.wp.com\/willi-junker.de\/dachs\/wp-content\/uploads\/2020\/03\/IMG-20200303-WA0011.jpg?resize=350%2C200&ssl=1","width":350,"height":200,"srcset":"https:\/\/i0.wp.com\/willi-junker.de\/dachs\/wp-content\/uploads\/2020\/03\/IMG-20200303-WA0011.jpg?resize=350%2C200&ssl=1 1x, https:\/\/i0.wp.com\/willi-junker.de\/dachs\/wp-content\/uploads\/2020\/03\/IMG-20200303-WA0011.jpg?resize=525%2C300&ssl=1 1.5x, https:\/\/i0.wp.com\/willi-junker.de\/dachs\/wp-content\/uploads\/2020\/03\/IMG-20200303-WA0011.jpg?resize=700%2C400&ssl=1 2x, https:\/\/i0.wp.com\/willi-junker.de\/dachs\/wp-content\/uploads\/2020\/03\/IMG-20200303-WA0011.jpg?resize=1050%2C600&ssl=1 3x"},"classes":[]},{"id":1173,"url":"https:\/\/willi-junker.de\/dachs\/?p=1173","url_meta":{"origin":1521,"position":2},"title":"Letzter Skitag.","author":"Willi","date":"02.03.2013","format":false,"excerpt":"Ich hatte schon gestern den letzten Skitag. Heute gehen wir zu f\u00fcnft spazieren, ich erk\u00e4ltungsbedingt. Wir sind hoch zum Langlaufzentrum Pfalzen. Der Rest der Gruppe ist auf dem Kronplatz. Heute Abend, nach dem Abendessen, gehts zur\u00fcck in den Hunsr\u00fcck.","rel":"","context":"In &quot;Touren&quot;","block_context":{"text":"Touren","link":"https:\/\/willi-junker.de\/dachs\/?cat=3"},"img":{"alt_text":"","src":"","width":0,"height":0},"classes":[]},{"id":1796,"url":"https:\/\/willi-junker.de\/dachs\/?p=1796","url_meta":{"origin":1521,"position":3},"title":"Radtour &#8211; Radteam nach Meisenheim","author":"Willi","date":"06.09.2014","format":false,"excerpt":"Heute Morgen sind wir nach gemeinsamen Fr\u00fchst\u00fcck in Richtung Meisenheim gestartet. Gegen Mittag haben wir eine Pause in den Kirner Dolomiten eingelegt. Nach Mittag nochmals in Kirchroth. Jetzt sitzen wir auf der Terrasse des Hotels in Meisenheim. Heute haben wir ca. 75 km gefahren.","rel":"","context":"In &quot;Touren&quot;","block_context":{"text":"Touren","link":"https:\/\/willi-junker.de\/dachs\/?cat=3"},"img":{"alt_text":"","src":"","width":0,"height":0},"classes":[]},{"id":4839,"url":"https:\/\/willi-junker.de\/dachs\/?p=4839","url_meta":{"origin":1521,"position":4},"title":"Saar-Hunsr\u00fcck-Steig r\u00fcckw\u00e4rts &#8211; Tag 2 &#8211; Etappe 22 und 21","author":"Willi","date":"10.10.2018","format":false,"excerpt":"Kurz nach halb neun starte ich im nebligen Brodenbach. Die Mosel ist nicht zu sehen. Nach ca. 1,5 km bin ich wieder auf dem Saar-Hunsr\u00fcck-Steig. Es geht steil hinauf nach Morshausen. Am Ehrenburgblick stehe ich leider noch immer im Nebel. Der Nebel rundum gibt der Landschaft einen mystischen Hauch. Richtig\u2026","rel":"","context":"In &quot;Touren&quot;","block_context":{"text":"Touren","link":"https:\/\/willi-junker.de\/dachs\/?cat=3"},"img":{"alt_text":"","src":"https:\/\/i0.wp.com\/willi-junker.de\/dachs\/wp-content\/uploads\/2018\/10\/20181010_0918091479369735.jpg?resize=350%2C200","width":350,"height":200,"srcset":"https:\/\/i0.wp.com\/willi-junker.de\/dachs\/wp-content\/uploads\/2018\/10\/20181010_0918091479369735.jpg?resize=350%2C200 1x, https:\/\/i0.wp.com\/willi-junker.de\/dachs\/wp-content\/uploads\/2018\/10\/20181010_0918091479369735.jpg?resize=525%2C300 1.5x, https:\/\/i0.wp.com\/willi-junker.de\/dachs\/wp-content\/uploads\/2018\/10\/20181010_0918091479369735.jpg?resize=700%2C400 2x, https:\/\/i0.wp.com\/willi-junker.de\/dachs\/wp-content\/uploads\/2018\/10\/20181010_0918091479369735.jpg?resize=1050%2C600 3x, https:\/\/i0.wp.com\/willi-junker.de\/dachs\/wp-content\/uploads\/2018\/10\/20181010_0918091479369735.jpg?resize=1400%2C800 4x"},"classes":[]},{"id":3038,"url":"https:\/\/willi-junker.de\/dachs\/?p=3038","url_meta":{"origin":1521,"position":5},"title":"08:00 Boppard &#8211; Zu Fu\u00df zur\u00fcck in den Hunsr\u00fcck","author":"Willi","date":"08.11.2015","format":false,"excerpt":"Ich stehe in Boppard am Rhein. Die Sonne ist gerade aufgegangen. Von hier laufe ich zu Fu\u00df bis nach Laubach. D\u00fcrfte in etwa eine Marathondistanz bei rauskommen. Das Wetter ist toll. Im Rheintal wabert noch leicht der Nebel. Auf Hunsr\u00fcck- und Taunush\u00f6hen ist es sonnig.","rel":"","context":"In &quot;Touren&quot;","block_context":{"text":"Touren","link":"https:\/\/willi-junker.de\/dachs\/?cat=3"},"img":{"alt_text":"","src":"","width":0,"height":0},"classes":[]}],"_links":{"self":[{"href":"https:\/\/willi-junker.de\/dachs\/index.php?rest_route=\/wp\/v2\/posts\/1521","targetHints":{"allow":["GET"]}}],"collection":[{"href":"https:\/\/willi-junker.de\/dachs\/index.php?rest_route=\/wp\/v2\/posts"}],"about":[{"href":"https:\/\/willi-junker.de\/dachs\/index.php?rest_route=\/wp\/v2\/types\/post"}],"author":[{"embeddable":true,"href":"https:\/\/willi-junker.de\/dachs\/index.php?rest_route=\/wp\/v2\/users\/1"}],"replies":[{"embeddable":true,"href":"https:\/\/willi-junker.de\/dachs\/index.php?rest_route=%2Fwp%2Fv2%2Fcomments&post=1521"}],"version-history":[{"count":1,"href":"https:\/\/willi-junker.de\/dachs\/index.php?rest_route=\/wp\/v2\/posts\/1521\/revisions"}],"predecessor-version":[{"id":1522,"href":"https:\/\/willi-junker.de\/dachs\/index.php?rest_route=\/wp\/v2\/posts\/1521\/revisions\/1522"}],"wp:attachment":[{"href":"https:\/\/willi-junker.de\/dachs\/index.php?rest_route=%2Fwp%2Fv2%2Fmedia&parent=1521"}],"wp:term":[{"taxonomy":"category","embeddable":true,"href":"https:\/\/willi-junker.de\/dachs\/index.php?rest_route=%2Fwp%2Fv2%2Fcategories&post=1521"},{"taxonomy":"post_tag","embeddable":true,"href":"https:\/\/willi-junker.de\/dachs\/index.php?rest_route=%2Fwp%2Fv2%2Ftags&post=1521"}],"curies":[{"name":"wp","href":"https:\/\/api.w.org\/{rel}","templated":true}]}}