{"id":149,"date":"2011-01-02T20:22:41","date_gmt":"2011-01-02T18:22:41","guid":{"rendered":"http:\/\/willi-junker.de\/dachs\/?p=149"},"modified":"2014-09-14T17:19:23","modified_gmt":"2014-09-14T15:19:23","slug":"skitour-am-02-01-2010","status":"publish","type":"post","link":"https:\/\/willi-junker.de\/dachs\/?p=149","title":{"rendered":"Skitour am 02.01.2010"},"content":{"rendered":"<p>Heute will ich mal etwas mehr laufen. Das Wetter ist ganz ok, die Loipe zum Teil stark gefroren. Besonders an den R\u00e4ndern, was den Schuhen stark zusetzt. In 8:53 Stunden drehe ich 4 n\u00f6rdliche und eine s\u00fcdliche Runde und lege dabei 51 km zur\u00fcck.<\/p>\n<div id=\"attachment_152\" style=\"width: 512px\" class=\"wp-caption alignnone\"><a rel=\"attachment wp-att-152\" href=\"https:\/\/willi-junker.de\/dachs\/?attachment_id=152\"><img data-recalc-dims=\"1\" loading=\"lazy\" decoding=\"async\" aria-describedby=\"caption-attachment-152\" data-attachment-id=\"152\" data-permalink=\"https:\/\/willi-junker.de\/dachs\/?attachment_id=152\" data-orig-file=\"https:\/\/i0.wp.com\/willi-junker.de\/dachs\/wp-content\/uploads\/2011\/01\/2011_01_02_1.jpg?fit=1024%2C684&amp;ssl=1\" data-orig-size=\"1024,684\" data-comments-opened=\"1\" data-image-meta=\"{&quot;aperture&quot;:&quot;8&quot;,&quot;credit&quot;:&quot;&quot;,&quot;camera&quot;:&quot;SP500UZ&quot;,&quot;caption&quot;:&quot;&quot;,&quot;created_timestamp&quot;:&quot;1293978350&quot;,&quot;copyright&quot;:&quot;&quot;,&quot;focal_length&quot;:&quot;6.3&quot;,&quot;iso&quot;:&quot;80&quot;,&quot;shutter_speed&quot;:&quot;0.001&quot;,&quot;title&quot;:&quot;OLYMPUS DIGITAL CAMERA&quot;}\" data-image-title=\"Loipe bei Bubach\" data-image-description=\"\" data-image-caption=\"&lt;p&gt;Loipe bei Bubach&lt;\/p&gt;\n\" data-large-file=\"https:\/\/i0.wp.com\/willi-junker.de\/dachs\/wp-content\/uploads\/2011\/01\/2011_01_02_1.jpg?fit=500%2C334&amp;ssl=1\" class=\"size-full wp-image-152  \" title=\"Loipe bei Bubach\" src=\"https:\/\/i0.wp.com\/willi-junker.de\/dachs\/wp-content\/uploads\/2011\/01\/2011_01_02_1.jpg?resize=502%2C335&#038;ssl=1\" alt=\"Loipe bei Bubach\" width=\"502\" height=\"335\" srcset=\"https:\/\/i0.wp.com\/willi-junker.de\/dachs\/wp-content\/uploads\/2011\/01\/2011_01_02_1.jpg?w=1024&amp;ssl=1 1024w, https:\/\/i0.wp.com\/willi-junker.de\/dachs\/wp-content\/uploads\/2011\/01\/2011_01_02_1.jpg?resize=300%2C200&amp;ssl=1 300w\" sizes=\"auto, (max-width: 502px) 100vw, 502px\" \/><\/a><p id=\"caption-attachment-152\" class=\"wp-caption-text\">Loipe bei Bubach<\/p><\/div>\n<div id=\"attachment_153\" style=\"width: 512px\" class=\"wp-caption alignnone\"><a rel=\"attachment wp-att-153\" href=\"https:\/\/willi-junker.de\/dachs\/?attachment_id=153\"><img data-recalc-dims=\"1\" loading=\"lazy\" decoding=\"async\" aria-describedby=\"caption-attachment-153\" data-attachment-id=\"153\" data-permalink=\"https:\/\/willi-junker.de\/dachs\/?attachment_id=153\" data-orig-file=\"https:\/\/i0.wp.com\/willi-junker.de\/dachs\/wp-content\/uploads\/2011\/01\/2011_01_02_2.jpg?fit=1024%2C684&amp;ssl=1\" data-orig-size=\"1024,684\" data-comments-opened=\"1\" data-image-meta=\"{&quot;aperture&quot;:&quot;5&quot;,&quot;credit&quot;:&quot;&quot;,&quot;camera&quot;:&quot;SP500UZ&quot;,&quot;caption&quot;:&quot;&quot;,&quot;created_timestamp&quot;:&quot;1293978359&quot;,&quot;copyright&quot;:&quot;&quot;,&quot;focal_length&quot;:&quot;6.3&quot;,&quot;iso&quot;:&quot;80&quot;,&quot;shutter_speed&quot;:&quot;0.00125&quot;,&quot;title&quot;:&quot;OLYMPUS DIGITAL CAMERA&quot;}\" data-image-title=\"Bubach\" data-image-description=\"\" data-image-caption=\"&lt;p&gt;Bubach&lt;\/p&gt;\n\" data-large-file=\"https:\/\/i0.wp.com\/willi-junker.de\/dachs\/wp-content\/uploads\/2011\/01\/2011_01_02_2.jpg?fit=500%2C334&amp;ssl=1\" class=\"size-full wp-image-153  \" title=\"Bubach\" src=\"https:\/\/i0.wp.com\/willi-junker.de\/dachs\/wp-content\/uploads\/2011\/01\/2011_01_02_2.jpg?resize=502%2C335&#038;ssl=1\" alt=\"Bubach\" width=\"502\" height=\"335\" srcset=\"https:\/\/i0.wp.com\/willi-junker.de\/dachs\/wp-content\/uploads\/2011\/01\/2011_01_02_2.jpg?w=1024&amp;ssl=1 1024w, https:\/\/i0.wp.com\/willi-junker.de\/dachs\/wp-content\/uploads\/2011\/01\/2011_01_02_2.jpg?resize=300%2C200&amp;ssl=1 300w\" sizes=\"auto, (max-width: 502px) 100vw, 502px\" \/><\/a><p id=\"caption-attachment-153\" class=\"wp-caption-text\">Bubach<\/p><\/div>\n<div id=\"attachment_154\" style=\"width: 512px\" class=\"wp-caption alignnone\"><a rel=\"attachment wp-att-154\" href=\"https:\/\/willi-junker.de\/dachs\/?attachment_id=154\"><img data-recalc-dims=\"1\" loading=\"lazy\" decoding=\"async\" aria-describedby=\"caption-attachment-154\" data-attachment-id=\"154\" data-permalink=\"https:\/\/willi-junker.de\/dachs\/?attachment_id=154\" data-orig-file=\"https:\/\/i0.wp.com\/willi-junker.de\/dachs\/wp-content\/uploads\/2011\/01\/2011_01_02_3.jpg?fit=1024%2C684&amp;ssl=1\" data-orig-size=\"1024,684\" data-comments-opened=\"1\" data-image-meta=\"{&quot;aperture&quot;:&quot;8&quot;,&quot;credit&quot;:&quot;&quot;,&quot;camera&quot;:&quot;SP500UZ&quot;,&quot;caption&quot;:&quot;&quot;,&quot;created_timestamp&quot;:&quot;1293980635&quot;,&quot;copyright&quot;:&quot;&quot;,&quot;focal_length&quot;:&quot;6.3&quot;,&quot;iso&quot;:&quot;80&quot;,&quot;shutter_speed&quot;:&quot;0.001&quot;,&quot;title&quot;:&quot;OLYMPUS DIGITAL CAMERA&quot;}\" data-image-title=\"Am G\u00f6denrother Weg\" data-image-description=\"\" data-image-caption=\"&lt;p&gt;Am G\u00f6denrother Weg&lt;\/p&gt;\n\" data-large-file=\"https:\/\/i0.wp.com\/willi-junker.de\/dachs\/wp-content\/uploads\/2011\/01\/2011_01_02_3.jpg?fit=500%2C334&amp;ssl=1\" class=\"size-full wp-image-154  \" title=\"Am G\u00f6denrother Weg\" src=\"https:\/\/i0.wp.com\/willi-junker.de\/dachs\/wp-content\/uploads\/2011\/01\/2011_01_02_3.jpg?resize=502%2C335&#038;ssl=1\" alt=\"Am G\u00f6denrother Weg\" width=\"502\" height=\"335\" srcset=\"https:\/\/i0.wp.com\/willi-junker.de\/dachs\/wp-content\/uploads\/2011\/01\/2011_01_02_3.jpg?w=1024&amp;ssl=1 1024w, https:\/\/i0.wp.com\/willi-junker.de\/dachs\/wp-content\/uploads\/2011\/01\/2011_01_02_3.jpg?resize=300%2C200&amp;ssl=1 300w\" sizes=\"auto, (max-width: 502px) 100vw, 502px\" \/><\/a><p id=\"caption-attachment-154\" class=\"wp-caption-text\">Am G\u00f6denrother Weg<\/p><\/div>\n","protected":false},"excerpt":{"rendered":"<p>Heute will ich mal etwas mehr laufen. Das Wetter ist ganz ok, die Loipe zum Teil stark gefroren. Besonders an den R\u00e4ndern, was den Schuhen stark zusetzt. In 8:53 Stunden drehe ich 4 n\u00f6rdliche und eine s\u00fcdliche Runde und lege &hellip; <a href=\"https:\/\/willi-junker.de\/dachs\/?p=149\">Weiterlesen <span class=\"meta-nav\">&rarr;<\/span><\/a><\/p>\n","protected":false},"author":1,"featured_media":0,"comment_status":"open","ping_status":"open","sticky":false,"template":"","format":"standard","meta":{"_crdt_document":"","jetpack_post_was_ever_published":false,"_jetpack_newsletter_access":"","_jetpack_dont_email_post_to_subs":false,"_jetpack_newsletter_tier_id":0,"_jetpack_memberships_contains_paywalled_content":false,"_jetpack_memberships_contains_paid_content":false,"footnotes":"","jetpack_publicize_message":"","jetpack_publicize_feature_enabled":true,"jetpack_social_post_already_shared":false,"jetpack_social_options":{"image_generator_settings":{"template":"highway","default_image_id":0,"font":"","enabled":false},"version":2}},"categories":[3],"tags":[],"class_list":["post-149","post","type-post","status-publish","format-standard","hentry","category-touren"],"jetpack_publicize_connections":[],"jetpack_featured_media_url":"","jetpack_sharing_enabled":true,"jetpack_shortlink":"https:\/\/wp.me\/p73o9s-2p","jetpack-related-posts":[{"id":126,"url":"https:\/\/willi-junker.de\/dachs\/?p=126","url_meta":{"origin":149,"position":0},"title":"Silvesterskitour","author":"Willi","date":"31.12.2010","format":false,"excerpt":"\u00a0Am 31.12.2010 habe ich drei Runden auf der Loipe gedreht. Zweimal die n\u00f6rdliche und einmal die s\u00fcdliche Variante. Macht zusammen 26,4 km. Es ist ziemlich tr\u00fcb.","rel":"","context":"In &quot;Touren&quot;","block_context":{"text":"Touren","link":"https:\/\/willi-junker.de\/dachs\/?cat=3"},"img":{"alt_text":"Loipe bei Bubach","src":"https:\/\/i0.wp.com\/willi-junker.de\/dachs\/wp-content\/uploads\/2011\/01\/2010_12_31_3.jpg?resize=350%2C200","width":350,"height":200},"classes":[]},{"id":3731,"url":"https:\/\/willi-junker.de\/dachs\/?p=3731","url_meta":{"origin":149,"position":1},"title":"51 km Langlauftour um Laubach","author":"Willi","date":"29.01.2017","format":false,"excerpt":"Heute sieht es nach dem letzen richtigen Schneetag aus. Daher will ich noch ein bisschen laufen. Da es so gut l\u00e4uft drehe ich 4x die Runde im Norden und 1x die Runde im S\u00fcden. Dabei kommen dann gut 51 km zusammen. Es hat richtig Spa\u00df gemacht. Die Ski waren richtig\u2026","rel":"","context":"In &quot;Touren&quot;","block_context":{"text":"Touren","link":"https:\/\/willi-junker.de\/dachs\/?cat=3"},"img":{"alt_text":"","src":"https:\/\/i0.wp.com\/willi-junker.de\/dachs\/wp-content\/uploads\/2017\/01\/20170129_101148.jpg?resize=350%2C200","width":350,"height":200,"srcset":"https:\/\/i0.wp.com\/willi-junker.de\/dachs\/wp-content\/uploads\/2017\/01\/20170129_101148.jpg?resize=350%2C200 1x, https:\/\/i0.wp.com\/willi-junker.de\/dachs\/wp-content\/uploads\/2017\/01\/20170129_101148.jpg?resize=525%2C300 1.5x, https:\/\/i0.wp.com\/willi-junker.de\/dachs\/wp-content\/uploads\/2017\/01\/20170129_101148.jpg?resize=700%2C400 2x, https:\/\/i0.wp.com\/willi-junker.de\/dachs\/wp-content\/uploads\/2017\/01\/20170129_101148.jpg?resize=1050%2C600 3x, https:\/\/i0.wp.com\/willi-junker.de\/dachs\/wp-content\/uploads\/2017\/01\/20170129_101148.jpg?resize=1400%2C800 4x"},"classes":[]},{"id":5078,"url":"https:\/\/willi-junker.de\/dachs\/?p=5078","url_meta":{"origin":149,"position":2},"title":"Skilanglauftour in Richtung Rhein","author":"Willi","date":"02.02.2019","format":false,"excerpt":"Heute geht es mal in eine andere Richtung mit den Skiern als bisher. Der Schnee ist ziemlich feucht. Es ist leicht \u00fcber null und Nebeln\u00e4sse bringt zus\u00e4tzliche Feuchte. Der Schnee ist sehr schnell. Wenn er aber zu dick liegt, wird es schnell anstrengend. Ich verlasse Laubach in Richtung Bubach. Bis\u2026","rel":"","context":"In &quot;Touren&quot;","block_context":{"text":"Touren","link":"https:\/\/willi-junker.de\/dachs\/?cat=3"},"img":{"alt_text":"","src":"https:\/\/i0.wp.com\/willi-junker.de\/dachs\/wp-content\/uploads\/2019\/02\/20190202_091813-1153682402.jpg?resize=350%2C200","width":350,"height":200,"srcset":"https:\/\/i0.wp.com\/willi-junker.de\/dachs\/wp-content\/uploads\/2019\/02\/20190202_091813-1153682402.jpg?resize=350%2C200 1x, https:\/\/i0.wp.com\/willi-junker.de\/dachs\/wp-content\/uploads\/2019\/02\/20190202_091813-1153682402.jpg?resize=525%2C300 1.5x, https:\/\/i0.wp.com\/willi-junker.de\/dachs\/wp-content\/uploads\/2019\/02\/20190202_091813-1153682402.jpg?resize=700%2C400 2x, https:\/\/i0.wp.com\/willi-junker.de\/dachs\/wp-content\/uploads\/2019\/02\/20190202_091813-1153682402.jpg?resize=1050%2C600 3x, https:\/\/i0.wp.com\/willi-junker.de\/dachs\/wp-content\/uploads\/2019\/02\/20190202_091813-1153682402.jpg?resize=1400%2C800 4x"},"classes":[]},{"id":174,"url":"https:\/\/willi-junker.de\/dachs\/?p=174","url_meta":{"origin":149,"position":3},"title":"Skiwanderung Hochwald-Idarwald am 29.01.2011","author":"Willi","date":"29.01.2011","format":false,"excerpt":"Der Tag beginnt um 06.00 Uhr. Kurz nach 07.30 Uhr verlasse ich das Haus und um 08:30 Uhr stehe ich am kleinen Parkplatz zwischen Hochscheid und Stipshausen. Erst in der Kammlage liegt gerade gen\u00fcgend Schnee zum Skilanglauf. Hier beginnt die \"Graue Kreuz Loipe\" Die Loipe ist nicht pr\u00e4pariert und so\u2026","rel":"","context":"In &quot;Touren&quot;","block_context":{"text":"Touren","link":"https:\/\/willi-junker.de\/dachs\/?cat=3"},"img":{"alt_text":"kurze Pause","src":"https:\/\/i0.wp.com\/willi-junker.de\/dachs\/wp-content\/uploads\/2011\/01\/1.jpg?resize=350%2C200","width":350,"height":200,"srcset":"https:\/\/i0.wp.com\/willi-junker.de\/dachs\/wp-content\/uploads\/2011\/01\/1.jpg?resize=350%2C200 1x, https:\/\/i0.wp.com\/willi-junker.de\/dachs\/wp-content\/uploads\/2011\/01\/1.jpg?resize=525%2C300 1.5x"},"classes":[]},{"id":1130,"url":"https:\/\/willi-junker.de\/dachs\/?p=1130","url_meta":{"origin":149,"position":4},"title":"R\u00fcckweg bis zur Dunkelheit","author":"Willi","date":"26.01.2013","format":false,"excerpt":"Der R\u00fcckweg zieht sich ganz sch\u00f6n. Teilweise muss ich auch hier noch etwas spuren. Eigentlich sind nur auf der Kahlheid-Loipe Langl\u00e4ufer unterwegs. Auf der Schinderhannes-Loipe ist's schon sehr ruhig und auf der grauen Kreuz-Loipe bin ich wieder allein unterwegs. Mit Einbruch der Dunkelheit stehe ich wieder am Auto.","rel":"","context":"In &quot;Touren&quot;","block_context":{"text":"Touren","link":"https:\/\/willi-junker.de\/dachs\/?cat=3"},"img":{"alt_text":"","src":"","width":0,"height":0},"classes":[]},{"id":1143,"url":"https:\/\/willi-junker.de\/dachs\/?p=1143","url_meta":{"origin":149,"position":5},"title":"Wieder Erbeskopf","author":"Willi","date":"23.02.2013","format":false,"excerpt":"Bin heute Morgen um 08:30 Uhr vom Parkplatz am Idarkopf losgelaufen. Nach 20 km bin ich um 12 Uhr am Pilz zum Pils am Erbeskopf eingekehrt. Es schneit best\u00e4ndig und ist recht kalt. Der Schnee ist sehr stumpf und ich musste die Graue Kreuz wie auch die Schinderhannes-Loipe komplett selbst\u2026","rel":"","context":"In &quot;Touren&quot;","block_context":{"text":"Touren","link":"https:\/\/willi-junker.de\/dachs\/?cat=3"},"img":{"alt_text":"P1070544","src":"https:\/\/i0.wp.com\/willi-junker.de\/dachs\/wp-content\/uploads\/2013\/02\/P1070544-500x281.jpg?resize=350%2C200","width":350,"height":200},"classes":[]}],"_links":{"self":[{"href":"https:\/\/willi-junker.de\/dachs\/index.php?rest_route=\/wp\/v2\/posts\/149","targetHints":{"allow":["GET"]}}],"collection":[{"href":"https:\/\/willi-junker.de\/dachs\/index.php?rest_route=\/wp\/v2\/posts"}],"about":[{"href":"https:\/\/willi-junker.de\/dachs\/index.php?rest_route=\/wp\/v2\/types\/post"}],"author":[{"embeddable":true,"href":"https:\/\/willi-junker.de\/dachs\/index.php?rest_route=\/wp\/v2\/users\/1"}],"replies":[{"embeddable":true,"href":"https:\/\/willi-junker.de\/dachs\/index.php?rest_route=%2Fwp%2Fv2%2Fcomments&post=149"}],"version-history":[{"count":9,"href":"https:\/\/willi-junker.de\/dachs\/index.php?rest_route=\/wp\/v2\/posts\/149\/revisions"}],"predecessor-version":[{"id":163,"href":"https:\/\/willi-junker.de\/dachs\/index.php?rest_route=\/wp\/v2\/posts\/149\/revisions\/163"}],"wp:attachment":[{"href":"https:\/\/willi-junker.de\/dachs\/index.php?rest_route=%2Fwp%2Fv2%2Fmedia&parent=149"}],"wp:term":[{"taxonomy":"category","embeddable":true,"href":"https:\/\/willi-junker.de\/dachs\/index.php?rest_route=%2Fwp%2Fv2%2Fcategories&post=149"},{"taxonomy":"post_tag","embeddable":true,"href":"https:\/\/willi-junker.de\/dachs\/index.php?rest_route=%2Fwp%2Fv2%2Ftags&post=149"}],"curies":[{"name":"wp","href":"https:\/\/api.w.org\/{rel}","templated":true}]}}