{"id":1479,"date":"2014-02-01T20:42:30","date_gmt":"2014-02-01T18:42:30","guid":{"rendered":"http:\/\/willi-junker.de\/dachs\/?p=1479"},"modified":"2014-02-01T20:42:30","modified_gmt":"2014-02-01T18:42:30","slug":"tag-5-schnee-regen-nebel","status":"publish","type":"post","link":"https:\/\/willi-junker.de\/dachs\/?p=1479","title":{"rendered":"Tag 5 &#8211; Schnee, Regen, Nebel"},"content":{"rendered":"<p><a href=\"https:\/\/i0.wp.com\/willi-junker.de\/dachs\/wp-content\/uploads\/2014\/02\/wpid-IMAG04171.jpg?ssl=1\"><img data-recalc-dims=\"1\" decoding=\"async\" title=\"IMAG0417.jpg\" class=\"alignnone size-full\" alt=\"image\" src=\"https:\/\/i0.wp.com\/willi-junker.de\/dachs\/wp-content\/uploads\/2014\/02\/wpid-IMAG0417.jpg?w=640&#038;ssl=1\" \/><\/a><\/p>\n<p>Bei dieser Tour hatten wir wirklich alles. Ab mittags waren die Verh\u00e4ltnisse dann recht pasabel.<\/p>\n","protected":false},"excerpt":{"rendered":"<p>Bei dieser Tour hatten wir wirklich alles. Ab mittags waren die Verh\u00e4ltnisse dann recht pasabel.<\/p>\n","protected":false},"author":1,"featured_media":0,"comment_status":"open","ping_status":"open","sticky":false,"template":"","format":"standard","meta":{"_crdt_document":"","jetpack_post_was_ever_published":false,"_jetpack_newsletter_access":"","_jetpack_dont_email_post_to_subs":false,"_jetpack_newsletter_tier_id":0,"_jetpack_memberships_contains_paywalled_content":false,"_jetpack_memberships_contains_paid_content":false,"footnotes":"","jetpack_publicize_message":"","jetpack_publicize_feature_enabled":true,"jetpack_social_post_already_shared":false,"jetpack_social_options":{"image_generator_settings":{"template":"highway","default_image_id":0,"font":"","enabled":false},"version":2}},"categories":[3],"tags":[],"class_list":["post-1479","post","type-post","status-publish","format-standard","hentry","category-touren"],"jetpack_publicize_connections":[],"jetpack_featured_media_url":"","jetpack_sharing_enabled":true,"jetpack_shortlink":"https:\/\/wp.me\/p73o9s-nR","jetpack-related-posts":[{"id":4637,"url":"https:\/\/willi-junker.de\/dachs\/?p=4637","url_meta":{"origin":1479,"position":0},"title":"Zusammenfassung der Tour zum Laubachtreffen im Elsass","author":"Willi","date":"04.07.2018","format":false,"excerpt":"Wir waren von Montagmorgen, dem 25.06.2018 bis Montagabend 02.07.2018 unterwegs. Die Tour teilte sich auf in 5 Tagesetappen und 2 Halbtagesetappen. In dieser Zeit haben wir 793 km zur\u00fcck gelegt und 4.439 H\u00f6henmeter bew\u00e4ltigt. Im Sattel sa\u00dfen wir fast 46 Stunden. Leichtes Nieseln hatten wir bei der Abfahrt. Ab dem\u2026","rel":"","context":"In &quot;Touren&quot;","block_context":{"text":"Touren","link":"https:\/\/willi-junker.de\/dachs\/?cat=3"},"img":{"alt_text":"","src":"https:\/\/i0.wp.com\/willi-junker.de\/dachs\/wp-content\/uploads\/2018\/07\/01_laubachtreffen_2018_elsass-1733720788.jpg?resize=350%2C200","width":350,"height":200,"srcset":"https:\/\/i0.wp.com\/willi-junker.de\/dachs\/wp-content\/uploads\/2018\/07\/01_laubachtreffen_2018_elsass-1733720788.jpg?resize=350%2C200 1x, https:\/\/i0.wp.com\/willi-junker.de\/dachs\/wp-content\/uploads\/2018\/07\/01_laubachtreffen_2018_elsass-1733720788.jpg?resize=525%2C300 1.5x, https:\/\/i0.wp.com\/willi-junker.de\/dachs\/wp-content\/uploads\/2018\/07\/01_laubachtreffen_2018_elsass-1733720788.jpg?resize=700%2C400 2x, https:\/\/i0.wp.com\/willi-junker.de\/dachs\/wp-content\/uploads\/2018\/07\/01_laubachtreffen_2018_elsass-1733720788.jpg?resize=1050%2C600 3x"},"classes":[]},{"id":1475,"url":"https:\/\/willi-junker.de\/dachs\/?p=1475","url_meta":{"origin":1479,"position":1},"title":"Tag 5 &#8211; Regen und Nebel","author":"Willi","date":"01.02.2014","format":false,"excerpt":"Ein solches Wetter hatten wir noch nie in S\u00fcdtirol.","rel":"","context":"In &quot;Touren&quot;","block_context":{"text":"Touren","link":"https:\/\/willi-junker.de\/dachs\/?cat=3"},"img":{"alt_text":"","src":"","width":0,"height":0},"classes":[]},{"id":5333,"url":"https:\/\/willi-junker.de\/dachs\/?p=5333","url_meta":{"origin":1479,"position":2},"title":"Kaltern uns St. Leonhard","author":"Willi","date":"30.10.2019","format":false,"excerpt":"In der Nacht hat es geregnet. Am Morgen ist es bedeckt. Die Wolkenuntergrenze verdammt niedrig. Nach dem Fr\u00fchst\u00fcck fahren wir hinauf nach Altenburg und steil hinab nach Tramin. Es ist trocken. Bis mittags laufen wir alle Str\u00e4\u00dfchen ab und wechseln die Lokation. Wir fahren nach St. Leonhard im Passeier -\u2026","rel":"","context":"In &quot;Touren&quot;","block_context":{"text":"Touren","link":"https:\/\/willi-junker.de\/dachs\/?cat=3"},"img":{"alt_text":"","src":"https:\/\/i0.wp.com\/willi-junker.de\/dachs\/wp-content\/uploads\/2019\/10\/20191030_111638658990232.jpg?resize=350%2C200&ssl=1","width":350,"height":200,"srcset":"https:\/\/i0.wp.com\/willi-junker.de\/dachs\/wp-content\/uploads\/2019\/10\/20191030_111638658990232.jpg?resize=350%2C200&ssl=1 1x, https:\/\/i0.wp.com\/willi-junker.de\/dachs\/wp-content\/uploads\/2019\/10\/20191030_111638658990232.jpg?resize=525%2C300&ssl=1 1.5x, https:\/\/i0.wp.com\/willi-junker.de\/dachs\/wp-content\/uploads\/2019\/10\/20191030_111638658990232.jpg?resize=700%2C400&ssl=1 2x, https:\/\/i0.wp.com\/willi-junker.de\/dachs\/wp-content\/uploads\/2019\/10\/20191030_111638658990232.jpg?resize=1050%2C600&ssl=1 3x, https:\/\/i0.wp.com\/willi-junker.de\/dachs\/wp-content\/uploads\/2019\/10\/20191030_111638658990232.jpg?resize=1400%2C800&ssl=1 4x"},"classes":[]},{"id":2581,"url":"https:\/\/willi-junker.de\/dachs\/?p=2581","url_meta":{"origin":1479,"position":3},"title":"17:00 Lingenau","author":"Willi","date":"19.08.2015","format":false,"excerpt":"Bin in einem Ort, der garnicht in meiner Planung lag. Ich bin nach Alberschwende immer sch\u00f6n dem Wanderweg nachgelaufen und war ein ganzes St\u00fcck vor meinem Zeitplan. Au\u00dferdem wollte ich wegen dem Nebel nicht mehr hoch in die Berge und bin so auf halber H\u00f6he gelaufen. Mein Tagesziel war Egg.\u2026","rel":"","context":"In &quot;Touren&quot;","block_context":{"text":"Touren","link":"https:\/\/willi-junker.de\/dachs\/?cat=3"},"img":{"alt_text":"","src":"","width":0,"height":0},"classes":[]},{"id":975,"url":"https:\/\/willi-junker.de\/dachs\/?p=975","url_meta":{"origin":1479,"position":4},"title":"Puezh\u00fctte und \u00dcbersteigung Col de la Pieres","author":"Willi","date":"07.07.2012","format":false,"excerpt":"Heute haben wir nochmals eine richtig gro\u00dfe Runde gemacht. Mit dem Lift ging es hoch auf das Gr\u00f6dner Joch. Ab dann den Rest zu Fu\u00df. Kurz nach 10:00 Uhr sind wir an der Jimmy-H\u00fctte. Kurz dahinter ist der Einstieg in den Fernwanderweg 2. Es geht hoch zum Cirjoch und weiter\u2026","rel":"","context":"In &quot;Touren&quot;","block_context":{"text":"Touren","link":"https:\/\/willi-junker.de\/dachs\/?cat=3"},"img":{"alt_text":"","src":"","width":0,"height":0},"classes":[]},{"id":688,"url":"https:\/\/willi-junker.de\/dachs\/?p=688","url_meta":{"origin":1479,"position":5},"title":"Lagazuoi &#8211; Ein weiterer sehr warmer Skitag","author":"Willi","date":"02.03.2012","format":false,"excerpt":"Wie jeden Tag starten wir um 08:30 Uhr ins Skigebiet. Heute geht es auf den Falzaregopa\u00df und von dort mit der Seilbahn auf den kleinen Lagazuoi. Mangels Schnee k\u00f6nnen wir leider nicht die ganze Tour machen und fahren mit dem Skibus zur\u00fcck zum Falzarego. Ab hier gehts dann wieder hinauf\u2026","rel":"","context":"In &quot;Touren&quot;","block_context":{"text":"Touren","link":"https:\/\/willi-junker.de\/dachs\/?cat=3"},"img":{"alt_text":"","src":"","width":0,"height":0},"classes":[]}],"_links":{"self":[{"href":"https:\/\/willi-junker.de\/dachs\/index.php?rest_route=\/wp\/v2\/posts\/1479","targetHints":{"allow":["GET"]}}],"collection":[{"href":"https:\/\/willi-junker.de\/dachs\/index.php?rest_route=\/wp\/v2\/posts"}],"about":[{"href":"https:\/\/willi-junker.de\/dachs\/index.php?rest_route=\/wp\/v2\/types\/post"}],"author":[{"embeddable":true,"href":"https:\/\/willi-junker.de\/dachs\/index.php?rest_route=\/wp\/v2\/users\/1"}],"replies":[{"embeddable":true,"href":"https:\/\/willi-junker.de\/dachs\/index.php?rest_route=%2Fwp%2Fv2%2Fcomments&post=1479"}],"version-history":[{"count":1,"href":"https:\/\/willi-junker.de\/dachs\/index.php?rest_route=\/wp\/v2\/posts\/1479\/revisions"}],"predecessor-version":[{"id":1480,"href":"https:\/\/willi-junker.de\/dachs\/index.php?rest_route=\/wp\/v2\/posts\/1479\/revisions\/1480"}],"wp:attachment":[{"href":"https:\/\/willi-junker.de\/dachs\/index.php?rest_route=%2Fwp%2Fv2%2Fmedia&parent=1479"}],"wp:term":[{"taxonomy":"category","embeddable":true,"href":"https:\/\/willi-junker.de\/dachs\/index.php?rest_route=%2Fwp%2Fv2%2Fcategories&post=1479"},{"taxonomy":"post_tag","embeddable":true,"href":"https:\/\/willi-junker.de\/dachs\/index.php?rest_route=%2Fwp%2Fv2%2Ftags&post=1479"}],"curies":[{"name":"wp","href":"https:\/\/api.w.org\/{rel}","templated":true}]}}