{"id":147,"date":"2011-01-01T22:00:19","date_gmt":"2011-01-01T20:00:19","guid":{"rendered":"http:\/\/willi-junker.de\/dachs\/?p=147"},"modified":"2014-09-14T17:19:51","modified_gmt":"2014-09-14T15:19:51","slug":"neujahrsskitour","status":"publish","type":"post","link":"https:\/\/willi-junker.de\/dachs\/?p=147","title":{"rendered":"Neujahrsskitour"},"content":{"rendered":"<p>Auch an Neujahr habe ich eine Runde gedreht. Einmal die n\u00f6rliche und einmal die s\u00fcdliche Variante. 18,5 km in 2:45 Stunden. Es ist diesig und bedeckt. Kein Wetter f\u00fcr Bilder zu machen.<\/p>\n","protected":false},"excerpt":{"rendered":"<p>Auch an Neujahr habe ich eine Runde gedreht. Einmal die n\u00f6rliche und einmal die s\u00fcdliche Variante. 18,5 km in 2:45 Stunden. Es ist diesig und bedeckt. Kein Wetter f\u00fcr Bilder zu machen.<\/p>\n","protected":false},"author":1,"featured_media":0,"comment_status":"open","ping_status":"open","sticky":false,"template":"","format":"standard","meta":{"_crdt_document":"","jetpack_post_was_ever_published":false,"_jetpack_newsletter_access":"","_jetpack_dont_email_post_to_subs":false,"_jetpack_newsletter_tier_id":0,"_jetpack_memberships_contains_paywalled_content":false,"_jetpack_memberships_contains_paid_content":false,"footnotes":"","jetpack_publicize_message":"","jetpack_publicize_feature_enabled":true,"jetpack_social_post_already_shared":false,"jetpack_social_options":{"image_generator_settings":{"template":"highway","default_image_id":0,"font":"","enabled":false},"version":2}},"categories":[3],"tags":[],"class_list":["post-147","post","type-post","status-publish","format-standard","hentry","category-touren"],"jetpack_publicize_connections":[],"jetpack_featured_media_url":"","jetpack_sharing_enabled":true,"jetpack_shortlink":"https:\/\/wp.me\/p73o9s-2n","jetpack-related-posts":[{"id":4263,"url":"https:\/\/willi-junker.de\/dachs\/?p=4263","url_meta":{"origin":147,"position":0},"title":"Tag 12 &#8211; Ein ruhiger Tag auf der Seiser Alm\u00a0","author":"Willi","date":"29.07.2017","format":false,"excerpt":"Heute bin ich dann doch mal etwas sp\u00e4ter aufgestanden. Nach dem Fr\u00fchst\u00fcck geht es mit dem Bus nach St. Ulrich und mit der Seilbahn hoch auf die Seiser Alm. Dann einmal quer r\u00fcber bis zur Saltner Schwaige. \u00a0 Dort habe ich mit Patrick gesessen bis Tanja und Andre von der\u2026","rel":"","context":"In &quot;Touren&quot;","block_context":{"text":"Touren","link":"https:\/\/willi-junker.de\/dachs\/?cat=3"},"img":{"alt_text":"","src":"https:\/\/i0.wp.com\/willi-junker.de\/dachs\/wp-content\/uploads\/2017\/07\/wp-image-211246506.jpg?resize=350%2C200","width":350,"height":200,"srcset":"https:\/\/i0.wp.com\/willi-junker.de\/dachs\/wp-content\/uploads\/2017\/07\/wp-image-211246506.jpg?resize=350%2C200 1x, https:\/\/i0.wp.com\/willi-junker.de\/dachs\/wp-content\/uploads\/2017\/07\/wp-image-211246506.jpg?resize=525%2C300 1.5x, https:\/\/i0.wp.com\/willi-junker.de\/dachs\/wp-content\/uploads\/2017\/07\/wp-image-211246506.jpg?resize=700%2C400 2x, https:\/\/i0.wp.com\/willi-junker.de\/dachs\/wp-content\/uploads\/2017\/07\/wp-image-211246506.jpg?resize=1050%2C600 3x, https:\/\/i0.wp.com\/willi-junker.de\/dachs\/wp-content\/uploads\/2017\/07\/wp-image-211246506.jpg?resize=1400%2C800 4x"},"classes":[]},{"id":2147,"url":"https:\/\/willi-junker.de\/dachs\/?p=2147","url_meta":{"origin":147,"position":1},"title":"Erbeskopf","author":"Willi","date":"13.06.2015","format":false,"excerpt":"Nach 6 km sind wir oben und es hat nur einmal geregnet. Dauerregen. \u00a0","rel":"","context":"In &quot;Touren&quot;","block_context":{"text":"Touren","link":"https:\/\/willi-junker.de\/dachs\/?cat=3"},"img":{"alt_text":"image","src":"https:\/\/i0.wp.com\/willi-junker.de\/dachs\/wp-content\/uploads\/2015\/06\/wpid-IMAG0955.jpg?resize=350%2C200","width":350,"height":200,"srcset":"https:\/\/i0.wp.com\/willi-junker.de\/dachs\/wp-content\/uploads\/2015\/06\/wpid-IMAG0955.jpg?resize=350%2C200 1x, https:\/\/i0.wp.com\/willi-junker.de\/dachs\/wp-content\/uploads\/2015\/06\/wpid-IMAG0955.jpg?resize=525%2C300 1.5x"},"classes":[]},{"id":126,"url":"https:\/\/willi-junker.de\/dachs\/?p=126","url_meta":{"origin":147,"position":2},"title":"Silvesterskitour","author":"Willi","date":"31.12.2010","format":false,"excerpt":"\u00a0Am 31.12.2010 habe ich drei Runden auf der Loipe gedreht. Zweimal die n\u00f6rdliche und einmal die s\u00fcdliche Variante. Macht zusammen 26,4 km. Es ist ziemlich tr\u00fcb.","rel":"","context":"In &quot;Touren&quot;","block_context":{"text":"Touren","link":"https:\/\/willi-junker.de\/dachs\/?cat=3"},"img":{"alt_text":"Loipe bei Bubach","src":"https:\/\/i0.wp.com\/willi-junker.de\/dachs\/wp-content\/uploads\/2011\/01\/2010_12_31_3.jpg?resize=350%2C200","width":350,"height":200},"classes":[]},{"id":2083,"url":"https:\/\/willi-junker.de\/dachs\/?p=2083","url_meta":{"origin":147,"position":3},"title":"Einmal rund um Laubach&#8230;","author":"Willi","date":"19.04.2015","format":false,"excerpt":"mit dem Fahrrad. Trotz strahlendem Sonnenschein ist es ganz sch\u00f6n kalt. Hinzu kommt noch der kr\u00e4ftige Ostwind. Hab mir mal die neuen Windradbaustellen in Alterk\u00fclz, G\u00f6denroth und Ebschied angesehen.","rel":"","context":"In &quot;Touren&quot;","block_context":{"text":"Touren","link":"https:\/\/willi-junker.de\/dachs\/?cat=3"},"img":{"alt_text":"","src":"","width":0,"height":0},"classes":[]},{"id":3941,"url":"https:\/\/willi-junker.de\/dachs\/?p=3941","url_meta":{"origin":147,"position":4},"title":"Oster-Wandertour 2017","author":"Willi","date":"16.04.2017","format":false,"excerpt":"Bin heute am 1. Ostertag schon fr\u00fch losgefahren und treffe gegen 08:50 Uhr am Parkplatz am Hunsr\u00fcckhaus am Erbeskopf ein. Es ist noch ganz sch\u00f6n k\u00fchl, die Grashalme teilweise gefroren. Zuerst folge ich der Traumschleife Gipfelrauschen gegen den Uhrzeigersinn. Er f\u00fchrt mich bis \u00fcber den Gipfelkamm. Dort biege ich dann\u2026","rel":"","context":"In &quot;Touren&quot;","block_context":{"text":"Touren","link":"https:\/\/willi-junker.de\/dachs\/?cat=3"},"img":{"alt_text":"","src":"https:\/\/i0.wp.com\/willi-junker.de\/dachs\/wp-content\/uploads\/2017\/04\/2017_03_16_001-500x281.jpg?resize=350%2C200","width":350,"height":200},"classes":[]},{"id":4013,"url":"https:\/\/willi-junker.de\/dachs\/?p=4013","url_meta":{"origin":147,"position":5},"title":"H\u00fcttenwanderung Tag 1","author":"Willi","date":"18.07.2017","format":false,"excerpt":"Nach einer ruhigen Nacht auf dem Hahntennjoch bin ich heute Morgen um f\u00fcnf Uhr in Wolkenstein angekommen. Nach ein paar herrlichen Sonnenaufgangsfotos habe ich noch eine Stunde auf dem Parkplatz der Dantercepi\u00ebs geschlafen. Um sieben Uhr ging es dann in die Morene und nach dem Verstauen meines Autos gab es\u2026","rel":"","context":"In &quot;Touren&quot;","block_context":{"text":"Touren","link":"https:\/\/willi-junker.de\/dachs\/?cat=3"},"img":{"alt_text":"","src":"https:\/\/i0.wp.com\/willi-junker.de\/dachs\/wp-content\/uploads\/2017\/07\/wp-image-534442104.jpg?resize=350%2C200","width":350,"height":200,"srcset":"https:\/\/i0.wp.com\/willi-junker.de\/dachs\/wp-content\/uploads\/2017\/07\/wp-image-534442104.jpg?resize=350%2C200 1x, https:\/\/i0.wp.com\/willi-junker.de\/dachs\/wp-content\/uploads\/2017\/07\/wp-image-534442104.jpg?resize=525%2C300 1.5x, https:\/\/i0.wp.com\/willi-junker.de\/dachs\/wp-content\/uploads\/2017\/07\/wp-image-534442104.jpg?resize=700%2C400 2x, https:\/\/i0.wp.com\/willi-junker.de\/dachs\/wp-content\/uploads\/2017\/07\/wp-image-534442104.jpg?resize=1050%2C600 3x, https:\/\/i0.wp.com\/willi-junker.de\/dachs\/wp-content\/uploads\/2017\/07\/wp-image-534442104.jpg?resize=1400%2C800 4x"},"classes":[]}],"_links":{"self":[{"href":"https:\/\/willi-junker.de\/dachs\/index.php?rest_route=\/wp\/v2\/posts\/147","targetHints":{"allow":["GET"]}}],"collection":[{"href":"https:\/\/willi-junker.de\/dachs\/index.php?rest_route=\/wp\/v2\/posts"}],"about":[{"href":"https:\/\/willi-junker.de\/dachs\/index.php?rest_route=\/wp\/v2\/types\/post"}],"author":[{"embeddable":true,"href":"https:\/\/willi-junker.de\/dachs\/index.php?rest_route=\/wp\/v2\/users\/1"}],"replies":[{"embeddable":true,"href":"https:\/\/willi-junker.de\/dachs\/index.php?rest_route=%2Fwp%2Fv2%2Fcomments&post=147"}],"version-history":[{"count":3,"href":"https:\/\/willi-junker.de\/dachs\/index.php?rest_route=\/wp\/v2\/posts\/147\/revisions"}],"predecessor-version":[{"id":166,"href":"https:\/\/willi-junker.de\/dachs\/index.php?rest_route=\/wp\/v2\/posts\/147\/revisions\/166"}],"wp:attachment":[{"href":"https:\/\/willi-junker.de\/dachs\/index.php?rest_route=%2Fwp%2Fv2%2Fmedia&parent=147"}],"wp:term":[{"taxonomy":"category","embeddable":true,"href":"https:\/\/willi-junker.de\/dachs\/index.php?rest_route=%2Fwp%2Fv2%2Fcategories&post=147"},{"taxonomy":"post_tag","embeddable":true,"href":"https:\/\/willi-junker.de\/dachs\/index.php?rest_route=%2Fwp%2Fv2%2Ftags&post=147"}],"curies":[{"name":"wp","href":"https:\/\/api.w.org\/{rel}","templated":true}]}}