{"id":1469,"date":"2014-01-31T15:32:07","date_gmt":"2014-01-31T13:32:07","guid":{"rendered":"http:\/\/willi-junker.de\/dachs\/?p=1469"},"modified":"2014-01-31T15:32:07","modified_gmt":"2014-01-31T13:32:07","slug":"schnee-schnee-schnee","status":"publish","type":"post","link":"https:\/\/willi-junker.de\/dachs\/?p=1469","title":{"rendered":"Schnee, Schnee, Schnee"},"content":{"rendered":"<p><a href=\"https:\/\/i0.wp.com\/willi-junker.de\/dachs\/wp-content\/uploads\/2014\/01\/wpid-IMAG04035.jpg?ssl=1\"><img data-recalc-dims=\"1\" decoding=\"async\" title=\"IMAG0403.jpg\" class=\"alignnone size-full\" alt=\"image\" src=\"https:\/\/i0.wp.com\/willi-junker.de\/dachs\/wp-content\/uploads\/2014\/01\/wpid-IMAG04034.jpg?w=640&#038;ssl=1\" \/><\/a><\/p>\n<p>Seit gestern schneit es ohne Unterbrechung. Alle P\u00e4sse sind gesperrt und wegen Schneebruch ist such die Pustertaler Bahn gesperrt. Die Sicht ist m\u00e4\u00dfig aber in den H\u00fctten ist alles ok.<\/p>\n","protected":false},"excerpt":{"rendered":"<p>Seit gestern schneit es ohne Unterbrechung. Alle P\u00e4sse sind gesperrt und wegen Schneebruch ist such die Pustertaler Bahn gesperrt. Die Sicht ist m\u00e4\u00dfig aber in den H\u00fctten ist alles ok.<\/p>\n","protected":false},"author":1,"featured_media":0,"comment_status":"open","ping_status":"open","sticky":false,"template":"","format":"standard","meta":{"_crdt_document":"","jetpack_post_was_ever_published":false,"_jetpack_newsletter_access":"","_jetpack_dont_email_post_to_subs":false,"_jetpack_newsletter_tier_id":0,"_jetpack_memberships_contains_paywalled_content":false,"_jetpack_memberships_contains_paid_content":false,"footnotes":"","jetpack_publicize_message":"","jetpack_publicize_feature_enabled":true,"jetpack_social_post_already_shared":false,"jetpack_social_options":{"image_generator_settings":{"template":"highway","default_image_id":0,"font":"","enabled":false},"version":2}},"categories":[3],"tags":[],"class_list":["post-1469","post","type-post","status-publish","format-standard","hentry","category-touren"],"jetpack_publicize_connections":[],"jetpack_featured_media_url":"","jetpack_sharing_enabled":true,"jetpack_shortlink":"https:\/\/wp.me\/p73o9s-nH","jetpack-related-posts":[{"id":1290,"url":"https:\/\/willi-junker.de\/dachs\/?p=1290","url_meta":{"origin":1469,"position":0},"title":"Clarah\u00fctte &#8211; erschwerte Bedingungen","author":"Willi","date":"18.07.2013","format":false,"excerpt":"Nach einer ruhigen Nacht auf der Lenkj\u00f6chlh\u00fctte starte ich um kurz nach 8 Uhr. Ich versichere mich nochmals beim H\u00fcttenwirt, wie der genaue Wegverlauf ist. Vor lauter Schnee sind kaum Markierungen zu sehen. Der Aufstieg erfolgt zu mehr als die H\u00e4lfte \u00fcber Schnee und Eis, gef\u00fchlte 100 Prozent. Bl\u00f6d an\u2026","rel":"","context":"In &quot;Touren&quot;","block_context":{"text":"Touren","link":"https:\/\/willi-junker.de\/dachs\/?cat=3"},"img":{"alt_text":"","src":"","width":0,"height":0},"classes":[]},{"id":1993,"url":"https:\/\/willi-junker.de\/dachs\/?p=1993","url_meta":{"origin":1469,"position":1},"title":"Kronplatz \/ Schnee, Schnee, Schnee","author":"Willi","date":"24.02.2015","format":false,"excerpt":"Seit heute sind wir wieder in den Dolomiten unterwegs. Das Wetter ist m\u00e4\u00dfig. Aber da gibt es ja Alternativen ;-)","rel":"","context":"In &quot;Touren&quot;","block_context":{"text":"Touren","link":"https:\/\/willi-junker.de\/dachs\/?cat=3"},"img":{"alt_text":"","src":"","width":0,"height":0},"classes":[]},{"id":5434,"url":"https:\/\/willi-junker.de\/dachs\/?p=5434","url_meta":{"origin":1469,"position":2},"title":"Skitag 3 &#8211; Alta Badia","author":"Willi","date":"05.03.2020","format":false,"excerpt":"Heute ist es bedeckt. Deshalb geht es nach La Villa. Die Wolkendecke ist relativ d\u00fcnn. Die Sonne kommt noch etwas durch. Von daher ist die Sicht ganz OK und der Schnee ist sowieso top. Ab mittags schneit es auch ganz leicht.","rel":"","context":"In &quot;Touren&quot;","block_context":{"text":"Touren","link":"https:\/\/willi-junker.de\/dachs\/?cat=3"},"img":{"alt_text":"","src":"https:\/\/i0.wp.com\/willi-junker.de\/dachs\/wp-content\/uploads\/2020\/03\/IMG_20200305_100208_1-scaled.jpg?resize=350%2C200&ssl=1","width":350,"height":200,"srcset":"https:\/\/i0.wp.com\/willi-junker.de\/dachs\/wp-content\/uploads\/2020\/03\/IMG_20200305_100208_1-scaled.jpg?resize=350%2C200&ssl=1 1x, https:\/\/i0.wp.com\/willi-junker.de\/dachs\/wp-content\/uploads\/2020\/03\/IMG_20200305_100208_1-scaled.jpg?resize=525%2C300&ssl=1 1.5x, https:\/\/i0.wp.com\/willi-junker.de\/dachs\/wp-content\/uploads\/2020\/03\/IMG_20200305_100208_1-scaled.jpg?resize=700%2C400&ssl=1 2x, https:\/\/i0.wp.com\/willi-junker.de\/dachs\/wp-content\/uploads\/2020\/03\/IMG_20200305_100208_1-scaled.jpg?resize=1050%2C600&ssl=1 3x, https:\/\/i0.wp.com\/willi-junker.de\/dachs\/wp-content\/uploads\/2020\/03\/IMG_20200305_100208_1-scaled.jpg?resize=1400%2C800&ssl=1 4x"},"classes":[]},{"id":5078,"url":"https:\/\/willi-junker.de\/dachs\/?p=5078","url_meta":{"origin":1469,"position":3},"title":"Skilanglauftour in Richtung Rhein","author":"Willi","date":"02.02.2019","format":false,"excerpt":"Heute geht es mal in eine andere Richtung mit den Skiern als bisher. Der Schnee ist ziemlich feucht. Es ist leicht \u00fcber null und Nebeln\u00e4sse bringt zus\u00e4tzliche Feuchte. Der Schnee ist sehr schnell. Wenn er aber zu dick liegt, wird es schnell anstrengend. Ich verlasse Laubach in Richtung Bubach. Bis\u2026","rel":"","context":"In &quot;Touren&quot;","block_context":{"text":"Touren","link":"https:\/\/willi-junker.de\/dachs\/?cat=3"},"img":{"alt_text":"","src":"https:\/\/i0.wp.com\/willi-junker.de\/dachs\/wp-content\/uploads\/2019\/02\/20190202_091813-1153682402.jpg?resize=350%2C200","width":350,"height":200,"srcset":"https:\/\/i0.wp.com\/willi-junker.de\/dachs\/wp-content\/uploads\/2019\/02\/20190202_091813-1153682402.jpg?resize=350%2C200 1x, https:\/\/i0.wp.com\/willi-junker.de\/dachs\/wp-content\/uploads\/2019\/02\/20190202_091813-1153682402.jpg?resize=525%2C300 1.5x, https:\/\/i0.wp.com\/willi-junker.de\/dachs\/wp-content\/uploads\/2019\/02\/20190202_091813-1153682402.jpg?resize=700%2C400 2x, https:\/\/i0.wp.com\/willi-junker.de\/dachs\/wp-content\/uploads\/2019\/02\/20190202_091813-1153682402.jpg?resize=1050%2C600 3x, https:\/\/i0.wp.com\/willi-junker.de\/dachs\/wp-content\/uploads\/2019\/02\/20190202_091813-1153682402.jpg?resize=1400%2C800 4x"},"classes":[]},{"id":5428,"url":"https:\/\/willi-junker.de\/dachs\/?p=5428","url_meta":{"origin":1469,"position":4},"title":"Skitag 2 &#8211; Helm","author":"Willi","date":"04.03.2020","format":false,"excerpt":"Heute Morgen sind wir bei traumhaftem Wetter auf den Helm. Die Sicht ist phantastisch und der Schnee wesentlich angenehmer als gestern. So macht das wieder richtig Spa\u00df.","rel":"","context":"In &quot;Touren&quot;","block_context":{"text":"Touren","link":"https:\/\/willi-junker.de\/dachs\/?cat=3"},"img":{"alt_text":"","src":"https:\/\/i0.wp.com\/willi-junker.de\/dachs\/wp-content\/uploads\/2020\/03\/IMG_20200304_113952-scaled.jpg?resize=350%2C200&ssl=1","width":350,"height":200,"srcset":"https:\/\/i0.wp.com\/willi-junker.de\/dachs\/wp-content\/uploads\/2020\/03\/IMG_20200304_113952-scaled.jpg?resize=350%2C200&ssl=1 1x, https:\/\/i0.wp.com\/willi-junker.de\/dachs\/wp-content\/uploads\/2020\/03\/IMG_20200304_113952-scaled.jpg?resize=525%2C300&ssl=1 1.5x, https:\/\/i0.wp.com\/willi-junker.de\/dachs\/wp-content\/uploads\/2020\/03\/IMG_20200304_113952-scaled.jpg?resize=700%2C400&ssl=1 2x, https:\/\/i0.wp.com\/willi-junker.de\/dachs\/wp-content\/uploads\/2020\/03\/IMG_20200304_113952-scaled.jpg?resize=1050%2C600&ssl=1 3x, https:\/\/i0.wp.com\/willi-junker.de\/dachs\/wp-content\/uploads\/2020\/03\/IMG_20200304_113952-scaled.jpg?resize=1400%2C800&ssl=1 4x"},"classes":[]},{"id":174,"url":"https:\/\/willi-junker.de\/dachs\/?p=174","url_meta":{"origin":1469,"position":5},"title":"Skiwanderung Hochwald-Idarwald am 29.01.2011","author":"Willi","date":"29.01.2011","format":false,"excerpt":"Der Tag beginnt um 06.00 Uhr. Kurz nach 07.30 Uhr verlasse ich das Haus und um 08:30 Uhr stehe ich am kleinen Parkplatz zwischen Hochscheid und Stipshausen. Erst in der Kammlage liegt gerade gen\u00fcgend Schnee zum Skilanglauf. Hier beginnt die \"Graue Kreuz Loipe\" Die Loipe ist nicht pr\u00e4pariert und so\u2026","rel":"","context":"In &quot;Touren&quot;","block_context":{"text":"Touren","link":"https:\/\/willi-junker.de\/dachs\/?cat=3"},"img":{"alt_text":"kurze Pause","src":"https:\/\/i0.wp.com\/willi-junker.de\/dachs\/wp-content\/uploads\/2011\/01\/1.jpg?resize=350%2C200","width":350,"height":200,"srcset":"https:\/\/i0.wp.com\/willi-junker.de\/dachs\/wp-content\/uploads\/2011\/01\/1.jpg?resize=350%2C200 1x, https:\/\/i0.wp.com\/willi-junker.de\/dachs\/wp-content\/uploads\/2011\/01\/1.jpg?resize=525%2C300 1.5x"},"classes":[]}],"_links":{"self":[{"href":"https:\/\/willi-junker.de\/dachs\/index.php?rest_route=\/wp\/v2\/posts\/1469","targetHints":{"allow":["GET"]}}],"collection":[{"href":"https:\/\/willi-junker.de\/dachs\/index.php?rest_route=\/wp\/v2\/posts"}],"about":[{"href":"https:\/\/willi-junker.de\/dachs\/index.php?rest_route=\/wp\/v2\/types\/post"}],"author":[{"embeddable":true,"href":"https:\/\/willi-junker.de\/dachs\/index.php?rest_route=\/wp\/v2\/users\/1"}],"replies":[{"embeddable":true,"href":"https:\/\/willi-junker.de\/dachs\/index.php?rest_route=%2Fwp%2Fv2%2Fcomments&post=1469"}],"version-history":[{"count":1,"href":"https:\/\/willi-junker.de\/dachs\/index.php?rest_route=\/wp\/v2\/posts\/1469\/revisions"}],"predecessor-version":[{"id":1470,"href":"https:\/\/willi-junker.de\/dachs\/index.php?rest_route=\/wp\/v2\/posts\/1469\/revisions\/1470"}],"wp:attachment":[{"href":"https:\/\/willi-junker.de\/dachs\/index.php?rest_route=%2Fwp%2Fv2%2Fmedia&parent=1469"}],"wp:term":[{"taxonomy":"category","embeddable":true,"href":"https:\/\/willi-junker.de\/dachs\/index.php?rest_route=%2Fwp%2Fv2%2Fcategories&post=1469"},{"taxonomy":"post_tag","embeddable":true,"href":"https:\/\/willi-junker.de\/dachs\/index.php?rest_route=%2Fwp%2Fv2%2Ftags&post=1469"}],"curies":[{"name":"wp","href":"https:\/\/api.w.org\/{rel}","templated":true}]}}