{"id":1461,"date":"2014-01-30T15:51:25","date_gmt":"2014-01-30T13:51:25","guid":{"rendered":"http:\/\/willi-junker.de\/dachs\/?p=1461"},"modified":"2014-01-30T15:51:25","modified_gmt":"2014-01-30T13:51:25","slug":"schnee-ohne-ende-im-skigebiet-helm-rotwandwiesen","status":"publish","type":"post","link":"https:\/\/willi-junker.de\/dachs\/?p=1461","title":{"rendered":"Schnee ohne Ende im Skigebiet Helm &#8211; Rotwandwiesen"},"content":{"rendered":"<p><a href=\"https:\/\/i0.wp.com\/willi-junker.de\/dachs\/wp-content\/uploads\/2014\/01\/wpid-IMAG03981.jpg?ssl=1\"><img data-recalc-dims=\"1\" decoding=\"async\" title=\"IMAG0398.jpg\" class=\"alignnone size-full\" alt=\"image\" src=\"https:\/\/i0.wp.com\/willi-junker.de\/dachs\/wp-content\/uploads\/2014\/01\/wpid-IMAG0398.jpg?w=640&#038;ssl=1\" \/><\/a><\/p>\n<p>Tolles Skigebiet bei leichtem Schneefall.<\/p>\n","protected":false},"excerpt":{"rendered":"<p>Tolles Skigebiet bei leichtem Schneefall.<\/p>\n","protected":false},"author":1,"featured_media":0,"comment_status":"open","ping_status":"open","sticky":false,"template":"","format":"standard","meta":{"_crdt_document":"","jetpack_post_was_ever_published":false,"_jetpack_newsletter_access":"","_jetpack_dont_email_post_to_subs":false,"_jetpack_newsletter_tier_id":0,"_jetpack_memberships_contains_paywalled_content":false,"_jetpack_memberships_contains_paid_content":false,"footnotes":"","jetpack_publicize_message":"","jetpack_publicize_feature_enabled":true,"jetpack_social_post_already_shared":false,"jetpack_social_options":{"image_generator_settings":{"template":"highway","default_image_id":0,"font":"","enabled":false},"version":2}},"categories":[3],"tags":[],"class_list":["post-1461","post","type-post","status-publish","format-standard","hentry","category-touren"],"jetpack_publicize_connections":[],"jetpack_featured_media_url":"","jetpack_sharing_enabled":true,"jetpack_shortlink":"https:\/\/wp.me\/p73o9s-nz","jetpack-related-posts":[{"id":1441,"url":"https:\/\/willi-junker.de\/dachs\/?p=1441","url_meta":{"origin":1461,"position":0},"title":"Super Sonne &#8211; Super Schnee","author":"Willi","date":"08.12.2013","format":false,"excerpt":"Im Skigebiet Serfaus - Masnerh\u00fctte.","rel":"","context":"In &quot;Touren&quot;","block_context":{"text":"Touren","link":"https:\/\/willi-junker.de\/dachs\/?cat=3"},"img":{"alt_text":"","src":"","width":0,"height":0},"classes":[]},{"id":2049,"url":"https:\/\/willi-junker.de\/dachs\/?p=2049","url_meta":{"origin":1461,"position":1},"title":"Skigebiet Helm \/ Sexten-Moos","author":"Willi","date":"27.02.2015","format":false,"excerpt":"Ein geniales Skigebiet seit beide Gebiete verbunden sind.","rel":"","context":"In &quot;Touren&quot;","block_context":{"text":"Touren","link":"https:\/\/willi-junker.de\/dachs\/?cat=3"},"img":{"alt_text":"","src":"","width":0,"height":0},"classes":[]},{"id":1175,"url":"https:\/\/willi-junker.de\/dachs\/?p=1175","url_meta":{"origin":1461,"position":2},"title":"Parkplatz OK-H\u00fctte Morbach","author":"Willi","date":"29.03.2013","format":false,"excerpt":"Bin heute Morgen um 07:45 Uhr, bei leichtem Schneefall, zum Parkplatz oberhalb von Morbach unterweg. Hier lasse ich das Auto stehen und laufe in Richtung S\u00fcden auf der Kahlheidloipe los. Wie fast immer bin ich auch heute der Erste in der Spur und darf mal wieder spuren. Seit gestern hat\u2026","rel":"","context":"In &quot;Touren&quot;","block_context":{"text":"Touren","link":"https:\/\/willi-junker.de\/dachs\/?cat=3"},"img":{"alt_text":"Hochwaldloipe","src":"https:\/\/i0.wp.com\/willi-junker.de\/dachs\/wp-content\/uploads\/2013\/03\/1-500x299.jpg?resize=350%2C200","width":350,"height":200},"classes":[]},{"id":5123,"url":"https:\/\/willi-junker.de\/dachs\/?p=5123","url_meta":{"origin":1461,"position":3},"title":"Skitag 3 &#8211; Wintertour des TuS Laubach eV","author":"Willi","date":"07.02.2019","format":false,"excerpt":"Heute starten wir in Colfuschg. Wieder tolles Wetter. Mich zieht es ins Skigebiet von Pozza di Fassa \/ Bufaure. Durch die Erweiterung der Tour in Richtung Pozza di Fassa ergeben sich ganz neue M\u00f6glichkeiten. Hier ist \u00fcberhaupt kein Betrieb und die Pisten sind in allerbestem Zustand. Und nat\u00fcrlich der Abschluss\u2026","rel":"","context":"In &quot;Touren&quot;","block_context":{"text":"Touren","link":"https:\/\/willi-junker.de\/dachs\/?cat=3"},"img":{"alt_text":"","src":"https:\/\/i0.wp.com\/willi-junker.de\/dachs\/wp-content\/uploads\/2019\/02\/20190207_095504440327200.jpg?resize=350%2C200","width":350,"height":200,"srcset":"https:\/\/i0.wp.com\/willi-junker.de\/dachs\/wp-content\/uploads\/2019\/02\/20190207_095504440327200.jpg?resize=350%2C200 1x, https:\/\/i0.wp.com\/willi-junker.de\/dachs\/wp-content\/uploads\/2019\/02\/20190207_095504440327200.jpg?resize=525%2C300 1.5x, https:\/\/i0.wp.com\/willi-junker.de\/dachs\/wp-content\/uploads\/2019\/02\/20190207_095504440327200.jpg?resize=700%2C400 2x, https:\/\/i0.wp.com\/willi-junker.de\/dachs\/wp-content\/uploads\/2019\/02\/20190207_095504440327200.jpg?resize=1050%2C600 3x, https:\/\/i0.wp.com\/willi-junker.de\/dachs\/wp-content\/uploads\/2019\/02\/20190207_095504440327200.jpg?resize=1400%2C800 4x"},"classes":[]},{"id":688,"url":"https:\/\/willi-junker.de\/dachs\/?p=688","url_meta":{"origin":1461,"position":4},"title":"Lagazuoi &#8211; Ein weiterer sehr warmer Skitag","author":"Willi","date":"02.03.2012","format":false,"excerpt":"Wie jeden Tag starten wir um 08:30 Uhr ins Skigebiet. Heute geht es auf den Falzaregopa\u00df und von dort mit der Seilbahn auf den kleinen Lagazuoi. Mangels Schnee k\u00f6nnen wir leider nicht die ganze Tour machen und fahren mit dem Skibus zur\u00fcck zum Falzarego. Ab hier gehts dann wieder hinauf\u2026","rel":"","context":"In &quot;Touren&quot;","block_context":{"text":"Touren","link":"https:\/\/willi-junker.de\/dachs\/?cat=3"},"img":{"alt_text":"","src":"","width":0,"height":0},"classes":[]},{"id":1155,"url":"https:\/\/willi-junker.de\/dachs\/?p=1155","url_meta":{"origin":1461,"position":5},"title":"Alta Badia","author":"Willi","date":"27.02.2013","format":false,"excerpt":"Heute sind wir in Pedraces, im Skigebiet Alta Badia. Letzte Nacht hat es geschneit und die Pisten sind echt toll. Die Sonne l\u00e4sst sich auch sehen.","rel":"","context":"In &quot;Touren&quot;","block_context":{"text":"Touren","link":"https:\/\/willi-junker.de\/dachs\/?cat=3"},"img":{"alt_text":"","src":"","width":0,"height":0},"classes":[]}],"_links":{"self":[{"href":"https:\/\/willi-junker.de\/dachs\/index.php?rest_route=\/wp\/v2\/posts\/1461","targetHints":{"allow":["GET"]}}],"collection":[{"href":"https:\/\/willi-junker.de\/dachs\/index.php?rest_route=\/wp\/v2\/posts"}],"about":[{"href":"https:\/\/willi-junker.de\/dachs\/index.php?rest_route=\/wp\/v2\/types\/post"}],"author":[{"embeddable":true,"href":"https:\/\/willi-junker.de\/dachs\/index.php?rest_route=\/wp\/v2\/users\/1"}],"replies":[{"embeddable":true,"href":"https:\/\/willi-junker.de\/dachs\/index.php?rest_route=%2Fwp%2Fv2%2Fcomments&post=1461"}],"version-history":[{"count":1,"href":"https:\/\/willi-junker.de\/dachs\/index.php?rest_route=\/wp\/v2\/posts\/1461\/revisions"}],"predecessor-version":[{"id":1462,"href":"https:\/\/willi-junker.de\/dachs\/index.php?rest_route=\/wp\/v2\/posts\/1461\/revisions\/1462"}],"wp:attachment":[{"href":"https:\/\/willi-junker.de\/dachs\/index.php?rest_route=%2Fwp%2Fv2%2Fmedia&parent=1461"}],"wp:term":[{"taxonomy":"category","embeddable":true,"href":"https:\/\/willi-junker.de\/dachs\/index.php?rest_route=%2Fwp%2Fv2%2Fcategories&post=1461"},{"taxonomy":"post_tag","embeddable":true,"href":"https:\/\/willi-junker.de\/dachs\/index.php?rest_route=%2Fwp%2Fv2%2Ftags&post=1461"}],"curies":[{"name":"wp","href":"https:\/\/api.w.org\/{rel}","templated":true}]}}