{"id":1451,"date":"2014-01-28T14:55:06","date_gmt":"2014-01-28T12:55:06","guid":{"rendered":"http:\/\/willi-junker.de\/dachs\/?p=1451"},"modified":"2014-01-28T14:55:06","modified_gmt":"2014-01-28T12:55:06","slug":"15-wintertour","status":"publish","type":"post","link":"https:\/\/willi-junker.de\/dachs\/?p=1451","title":{"rendered":"15. Wintertour"},"content":{"rendered":"<p>Wir sind wieder am Kronplatz in S\u00fcdtirol.<\/p>\n<p><a href=\"https:\/\/i0.wp.com\/willi-junker.de\/dachs\/wp-content\/uploads\/2014\/01\/wpid-IMAG03901.jpg?ssl=1\"><img data-recalc-dims=\"1\" decoding=\"async\" title=\"IMAG0390.jpg\" class=\"alignnone size-full\" alt=\"image\" src=\"https:\/\/i0.wp.com\/willi-junker.de\/dachs\/wp-content\/uploads\/2014\/01\/wpid-IMAG0390.jpg?w=640&#038;ssl=1\" \/><\/a><\/p>\n","protected":false},"excerpt":{"rendered":"<p>Wir sind wieder am Kronplatz in S\u00fcdtirol.<\/p>\n","protected":false},"author":1,"featured_media":0,"comment_status":"open","ping_status":"open","sticky":false,"template":"","format":"standard","meta":{"_crdt_document":"","jetpack_post_was_ever_published":false,"_jetpack_newsletter_access":"","_jetpack_dont_email_post_to_subs":false,"_jetpack_newsletter_tier_id":0,"_jetpack_memberships_contains_paywalled_content":false,"_jetpack_memberships_contains_paid_content":false,"footnotes":"","jetpack_publicize_message":"","jetpack_publicize_feature_enabled":true,"jetpack_social_post_already_shared":false,"jetpack_social_options":{"image_generator_settings":{"template":"highway","default_image_id":0,"font":"","enabled":false},"version":2}},"categories":[3],"tags":[],"class_list":["post-1451","post","type-post","status-publish","format-standard","hentry","category-touren"],"jetpack_publicize_connections":[],"jetpack_featured_media_url":"","jetpack_sharing_enabled":true,"jetpack_shortlink":"https:\/\/wp.me\/p73o9s-np","jetpack-related-posts":[{"id":5100,"url":"https:\/\/willi-junker.de\/dachs\/?p=5100","url_meta":{"origin":1451,"position":0},"title":"20. Wintertour TuS Laubach","author":"Willi","date":"05.02.2019","format":false,"excerpt":"Seit heute Morgen sind wir wieder im Hotel Issinger Weiher am Kronplatz. Das Wetter ist einmalig und der Schnee auch.Die Pisten sind im allerbesten Zustand. Einfach ein Traum.","rel":"","context":"In &quot;Touren&quot;","block_context":{"text":"Touren","link":"https:\/\/willi-junker.de\/dachs\/?cat=3"},"img":{"alt_text":"","src":"https:\/\/i0.wp.com\/willi-junker.de\/dachs\/wp-content\/uploads\/2019\/02\/20190205_0858531691447965.jpg?resize=350%2C200","width":350,"height":200,"srcset":"https:\/\/i0.wp.com\/willi-junker.de\/dachs\/wp-content\/uploads\/2019\/02\/20190205_0858531691447965.jpg?resize=350%2C200 1x, https:\/\/i0.wp.com\/willi-junker.de\/dachs\/wp-content\/uploads\/2019\/02\/20190205_0858531691447965.jpg?resize=525%2C300 1.5x, https:\/\/i0.wp.com\/willi-junker.de\/dachs\/wp-content\/uploads\/2019\/02\/20190205_0858531691447965.jpg?resize=700%2C400 2x, https:\/\/i0.wp.com\/willi-junker.de\/dachs\/wp-content\/uploads\/2019\/02\/20190205_0858531691447965.jpg?resize=1050%2C600 3x, https:\/\/i0.wp.com\/willi-junker.de\/dachs\/wp-content\/uploads\/2019\/02\/20190205_0858531691447965.jpg?resize=1400%2C800 4x"},"classes":[]},{"id":3773,"url":"https:\/\/willi-junker.de\/dachs\/?p=3773","url_meta":{"origin":1451,"position":1},"title":"Kronplatz &#8211; Letzter Skitag Wintertour TuS Laubach 2017","author":"Willi","date":"18.02.2017","format":false,"excerpt":"Heute sind wir nochmals auf dem Kronplatz unterwegs. Es ist wieder sch\u00f6n sonnig und endlich etwas k\u00fchler.\u00a0","rel":"","context":"In &quot;Touren&quot;","block_context":{"text":"Touren","link":"https:\/\/willi-junker.de\/dachs\/?cat=3"},"img":{"alt_text":"","src":"https:\/\/i0.wp.com\/willi-junker.de\/dachs\/wp-content\/uploads\/2017\/02\/wp-image-1618028169jpg.jpg?resize=350%2C200","width":350,"height":200,"srcset":"https:\/\/i0.wp.com\/willi-junker.de\/dachs\/wp-content\/uploads\/2017\/02\/wp-image-1618028169jpg.jpg?resize=350%2C200 1x, https:\/\/i0.wp.com\/willi-junker.de\/dachs\/wp-content\/uploads\/2017\/02\/wp-image-1618028169jpg.jpg?resize=525%2C300 1.5x, https:\/\/i0.wp.com\/willi-junker.de\/dachs\/wp-content\/uploads\/2017\/02\/wp-image-1618028169jpg.jpg?resize=700%2C400 2x"},"classes":[]},{"id":5415,"url":"https:\/\/willi-junker.de\/dachs\/?p=5415","url_meta":{"origin":1451,"position":2},"title":"21. Wintertour des TuS Laubach","author":"Willi Junker","date":"03.03.2020","format":false,"excerpt":"Wir sind wieder in den Dolomiten. Zum 21. Mal und zum 19. Mal im Hotel Issinger Weiher. Skitag eins mit dem TuS Laubach. Gestern Abend sind wir im Hunsr\u00fcck losgefahren und heute Morgen, p\u00fcnktlich zum Fr\u00fchst\u00fcck sind wir im Hotel am Issinger Weiher. Schon direkt danach geht es ins Skigebiete\u2026","rel":"","context":"In &quot;Touren&quot;","block_context":{"text":"Touren","link":"https:\/\/willi-junker.de\/dachs\/?cat=3"},"img":{"alt_text":"","src":"https:\/\/i0.wp.com\/willi-junker.de\/dachs\/wp-content\/uploads\/2020\/03\/IMG-20200303-WA0011.jpg?resize=350%2C200&ssl=1","width":350,"height":200,"srcset":"https:\/\/i0.wp.com\/willi-junker.de\/dachs\/wp-content\/uploads\/2020\/03\/IMG-20200303-WA0011.jpg?resize=350%2C200&ssl=1 1x, https:\/\/i0.wp.com\/willi-junker.de\/dachs\/wp-content\/uploads\/2020\/03\/IMG-20200303-WA0011.jpg?resize=525%2C300&ssl=1 1.5x, https:\/\/i0.wp.com\/willi-junker.de\/dachs\/wp-content\/uploads\/2020\/03\/IMG-20200303-WA0011.jpg?resize=700%2C400&ssl=1 2x, https:\/\/i0.wp.com\/willi-junker.de\/dachs\/wp-content\/uploads\/2020\/03\/IMG-20200303-WA0011.jpg?resize=1050%2C600&ssl=1 3x"},"classes":[]},{"id":5153,"url":"https:\/\/willi-junker.de\/dachs\/?p=5153","url_meta":{"origin":1451,"position":3},"title":"Skitag 5 &#8211; Wintertour des TuS Laubach eV","author":"Willi","date":"09.02.2019","format":false,"excerpt":"Am letzten Skitag sind wir wieder am Kronplatz. Die Koffer sind gepackt und die Zimmer verlassen. Die Sonne scheint auch heuer wieder. Auf zur letzten Runde. So ganz konnte ich es mir dann doch nicht verkneifen und habe das Skigebiet verlassen. Hab noch eine ordentliche Runde in Alta Badia gedreht.\u2026","rel":"","context":"In &quot;Touren&quot;","block_context":{"text":"Touren","link":"https:\/\/willi-junker.de\/dachs\/?cat=3"},"img":{"alt_text":"","src":"","width":0,"height":0},"classes":[]},{"id":5619,"url":"https:\/\/willi-junker.de\/dachs\/?p=5619","url_meta":{"origin":1451,"position":4},"title":"Wintertour TuS Laubach &#8211; Tag 1 &#8211; Kromplatz","author":"Willi","date":"11.12.2023","format":false,"excerpt":"Nach fast dreij\u00e4hriger Pause sind wir wieder im Hotel Weiher am Kornplatz. Am fr\u00fchen Morgen des 10.12.2023 starten wir mit dem Bus in Richtung S\u00fcdtirol. Nachmittags erreichbar wir das Hotel und lassen den Tag mit einem Empfang und einem vorz\u00fcglichen Abendessen, ausklingen. Heute Morgen geht es dann direkt ins Skigebiet.\u2026","rel":"","context":"In &quot;Touren&quot;","block_context":{"text":"Touren","link":"https:\/\/willi-junker.de\/dachs\/?cat=3"},"img":{"alt_text":"","src":"https:\/\/i0.wp.com\/willi-junker.de\/dachs\/wp-content\/uploads\/2023\/12\/img_20231211_1024186988850264422363767-scaled.jpg?resize=350%2C200&ssl=1","width":350,"height":200,"srcset":"https:\/\/i0.wp.com\/willi-junker.de\/dachs\/wp-content\/uploads\/2023\/12\/img_20231211_1024186988850264422363767-scaled.jpg?resize=350%2C200&ssl=1 1x, https:\/\/i0.wp.com\/willi-junker.de\/dachs\/wp-content\/uploads\/2023\/12\/img_20231211_1024186988850264422363767-scaled.jpg?resize=525%2C300&ssl=1 1.5x, https:\/\/i0.wp.com\/willi-junker.de\/dachs\/wp-content\/uploads\/2023\/12\/img_20231211_1024186988850264422363767-scaled.jpg?resize=700%2C400&ssl=1 2x, https:\/\/i0.wp.com\/willi-junker.de\/dachs\/wp-content\/uploads\/2023\/12\/img_20231211_1024186988850264422363767-scaled.jpg?resize=1050%2C600&ssl=1 3x, https:\/\/i0.wp.com\/willi-junker.de\/dachs\/wp-content\/uploads\/2023\/12\/img_20231211_1024186988850264422363767-scaled.jpg?resize=1400%2C800&ssl=1 4x"},"classes":[]},{"id":1154,"url":"https:\/\/willi-junker.de\/dachs\/?p=1154","url_meta":{"origin":1451,"position":5},"title":"14. Wintertour des TuS Laubach","author":"Willi","date":"26.02.2013","format":false,"excerpt":"Heute Morgen sind wir gegen 06:30 Uhr am Issinger Weiher angekommen. Die Berge sind toll verschneit. Ab 07:00 Uhr gibt es Fr\u00fchst\u00fcck und seit 09:00 Uhr sind wir am Kronplatz unterwegs.","rel":"","context":"In &quot;Touren&quot;","block_context":{"text":"Touren","link":"https:\/\/willi-junker.de\/dachs\/?cat=3"},"img":{"alt_text":"","src":"","width":0,"height":0},"classes":[]}],"_links":{"self":[{"href":"https:\/\/willi-junker.de\/dachs\/index.php?rest_route=\/wp\/v2\/posts\/1451","targetHints":{"allow":["GET"]}}],"collection":[{"href":"https:\/\/willi-junker.de\/dachs\/index.php?rest_route=\/wp\/v2\/posts"}],"about":[{"href":"https:\/\/willi-junker.de\/dachs\/index.php?rest_route=\/wp\/v2\/types\/post"}],"author":[{"embeddable":true,"href":"https:\/\/willi-junker.de\/dachs\/index.php?rest_route=\/wp\/v2\/users\/1"}],"replies":[{"embeddable":true,"href":"https:\/\/willi-junker.de\/dachs\/index.php?rest_route=%2Fwp%2Fv2%2Fcomments&post=1451"}],"version-history":[{"count":1,"href":"https:\/\/willi-junker.de\/dachs\/index.php?rest_route=\/wp\/v2\/posts\/1451\/revisions"}],"predecessor-version":[{"id":1452,"href":"https:\/\/willi-junker.de\/dachs\/index.php?rest_route=\/wp\/v2\/posts\/1451\/revisions\/1452"}],"wp:attachment":[{"href":"https:\/\/willi-junker.de\/dachs\/index.php?rest_route=%2Fwp%2Fv2%2Fmedia&parent=1451"}],"wp:term":[{"taxonomy":"category","embeddable":true,"href":"https:\/\/willi-junker.de\/dachs\/index.php?rest_route=%2Fwp%2Fv2%2Fcategories&post=1451"},{"taxonomy":"post_tag","embeddable":true,"href":"https:\/\/willi-junker.de\/dachs\/index.php?rest_route=%2Fwp%2Fv2%2Ftags&post=1451"}],"curies":[{"name":"wp","href":"https:\/\/api.w.org\/{rel}","templated":true}]}}