{"id":1445,"date":"2013-12-08T19:43:28","date_gmt":"2013-12-08T17:43:28","guid":{"rendered":"http:\/\/willi-junker.de\/dachs\/?p=1445"},"modified":"2013-12-21T00:05:45","modified_gmt":"2013-12-20T22:05:45","slug":"wir-sind-auf-dem-heimweg","status":"publish","type":"post","link":"https:\/\/willi-junker.de\/dachs\/?p=1445","title":{"rendered":"Wir sind auf dem Heimweg"},"content":{"rendered":"<p><a href=\"https:\/\/i0.wp.com\/willi-junker.de\/dachs\/wp-content\/uploads\/2013\/12\/wpid-IMAG03871.jpg?ssl=1\"><img data-recalc-dims=\"1\" decoding=\"async\" title=\"IMAG0387.jpg\" class=\"alignnone size-full\" alt=\"image\" src=\"https:\/\/i0.wp.com\/willi-junker.de\/dachs\/wp-content\/uploads\/2013\/12\/wpid-IMAG0387.jpg?w=640&#038;ssl=1\" \/><\/a><\/p>\n<p>Ab 15:00 Uhr treffen wir uns am Bus. Kurz nach 16:00 Uhr sind wir abreisebereit und treten den Heimweg an. Wir hatten 2 sch\u00f6ne Skitage und heute zum Abschluss strahlenden Sonnenschein. Au\u00dferdem kamen alle wieder wohlbehalten an den Bus.<\/p>\n","protected":false},"excerpt":{"rendered":"<p>Ab 15:00 Uhr treffen wir uns am Bus. Kurz nach 16:00 Uhr sind wir abreisebereit und treten den Heimweg an. Wir hatten 2 sch\u00f6ne Skitage und heute zum Abschluss strahlenden Sonnenschein. Au\u00dferdem kamen alle wieder wohlbehalten an den Bus.<\/p>\n","protected":false},"author":1,"featured_media":0,"comment_status":"open","ping_status":"open","sticky":false,"template":"","format":"standard","meta":{"_crdt_document":"","jetpack_post_was_ever_published":false,"_jetpack_newsletter_access":"","_jetpack_dont_email_post_to_subs":false,"_jetpack_newsletter_tier_id":0,"_jetpack_memberships_contains_paywalled_content":false,"_jetpack_memberships_contains_paid_content":false,"footnotes":"","jetpack_publicize_message":"","jetpack_publicize_feature_enabled":true,"jetpack_social_post_already_shared":false,"jetpack_social_options":{"image_generator_settings":{"template":"highway","default_image_id":0,"font":"","enabled":false},"version":2}},"categories":[3],"tags":[],"class_list":["post-1445","post","type-post","status-publish","format-standard","hentry","category-touren"],"jetpack_publicize_connections":[],"jetpack_featured_media_url":"","jetpack_sharing_enabled":true,"jetpack_shortlink":"https:\/\/wp.me\/p73o9s-nj","jetpack-related-posts":[{"id":4600,"url":"https:\/\/willi-junker.de\/dachs\/?p=4600","url_meta":{"origin":1445,"position":0},"title":"Tag 6 &#8211; &#8222;Ruhetag&#8220;","author":"Willi","date":"30.06.2018","format":false,"excerpt":"Heute haben wir die R\u00e4der nicht anger\u00fchrt. Sie stehen im Verschlag des Ibis-Hotels von Haguenau. Wir werden heute Morgen von einem Bus abgeholt und nach Kutzenhausen gefahren. Dort besuchen wir einen Museumsbauernhof. Der Vortrag und die F\u00fchrung sind recht interessant. Kurz vor 12 Uhr sind wir schon wieder im Hotel.\u2026","rel":"","context":"In &quot;Touren&quot;","block_context":{"text":"Touren","link":"https:\/\/willi-junker.de\/dachs\/?cat=3"},"img":{"alt_text":"","src":"https:\/\/i0.wp.com\/willi-junker.de\/dachs\/wp-content\/uploads\/2018\/07\/20180630_10554859798003.jpg?resize=350%2C200","width":350,"height":200,"srcset":"https:\/\/i0.wp.com\/willi-junker.de\/dachs\/wp-content\/uploads\/2018\/07\/20180630_10554859798003.jpg?resize=350%2C200 1x, https:\/\/i0.wp.com\/willi-junker.de\/dachs\/wp-content\/uploads\/2018\/07\/20180630_10554859798003.jpg?resize=525%2C300 1.5x, https:\/\/i0.wp.com\/willi-junker.de\/dachs\/wp-content\/uploads\/2018\/07\/20180630_10554859798003.jpg?resize=700%2C400 2x, https:\/\/i0.wp.com\/willi-junker.de\/dachs\/wp-content\/uploads\/2018\/07\/20180630_10554859798003.jpg?resize=1050%2C600 3x"},"classes":[]},{"id":5619,"url":"https:\/\/willi-junker.de\/dachs\/?p=5619","url_meta":{"origin":1445,"position":1},"title":"Wintertour TuS Laubach &#8211; Tag 1 &#8211; Kromplatz","author":"Willi","date":"11.12.2023","format":false,"excerpt":"Nach fast dreij\u00e4hriger Pause sind wir wieder im Hotel Weiher am Kornplatz. Am fr\u00fchen Morgen des 10.12.2023 starten wir mit dem Bus in Richtung S\u00fcdtirol. Nachmittags erreichbar wir das Hotel und lassen den Tag mit einem Empfang und einem vorz\u00fcglichen Abendessen, ausklingen. Heute Morgen geht es dann direkt ins Skigebiet.\u2026","rel":"","context":"In &quot;Touren&quot;","block_context":{"text":"Touren","link":"https:\/\/willi-junker.de\/dachs\/?cat=3"},"img":{"alt_text":"","src":"https:\/\/i0.wp.com\/willi-junker.de\/dachs\/wp-content\/uploads\/2023\/12\/img_20231211_1024186988850264422363767-scaled.jpg?resize=350%2C200&ssl=1","width":350,"height":200,"srcset":"https:\/\/i0.wp.com\/willi-junker.de\/dachs\/wp-content\/uploads\/2023\/12\/img_20231211_1024186988850264422363767-scaled.jpg?resize=350%2C200&ssl=1 1x, https:\/\/i0.wp.com\/willi-junker.de\/dachs\/wp-content\/uploads\/2023\/12\/img_20231211_1024186988850264422363767-scaled.jpg?resize=525%2C300&ssl=1 1.5x, https:\/\/i0.wp.com\/willi-junker.de\/dachs\/wp-content\/uploads\/2023\/12\/img_20231211_1024186988850264422363767-scaled.jpg?resize=700%2C400&ssl=1 2x, https:\/\/i0.wp.com\/willi-junker.de\/dachs\/wp-content\/uploads\/2023\/12\/img_20231211_1024186988850264422363767-scaled.jpg?resize=1050%2C600&ssl=1 3x, https:\/\/i0.wp.com\/willi-junker.de\/dachs\/wp-content\/uploads\/2023\/12\/img_20231211_1024186988850264422363767-scaled.jpg?resize=1400%2C800&ssl=1 4x"},"classes":[]},{"id":975,"url":"https:\/\/willi-junker.de\/dachs\/?p=975","url_meta":{"origin":1445,"position":2},"title":"Puezh\u00fctte und \u00dcbersteigung Col de la Pieres","author":"Willi","date":"07.07.2012","format":false,"excerpt":"Heute haben wir nochmals eine richtig gro\u00dfe Runde gemacht. Mit dem Lift ging es hoch auf das Gr\u00f6dner Joch. Ab dann den Rest zu Fu\u00df. Kurz nach 10:00 Uhr sind wir an der Jimmy-H\u00fctte. Kurz dahinter ist der Einstieg in den Fernwanderweg 2. Es geht hoch zum Cirjoch und weiter\u2026","rel":"","context":"In &quot;Touren&quot;","block_context":{"text":"Touren","link":"https:\/\/willi-junker.de\/dachs\/?cat=3"},"img":{"alt_text":"","src":"","width":0,"height":0},"classes":[]},{"id":1385,"url":"https:\/\/willi-junker.de\/dachs\/?p=1385","url_meta":{"origin":1445,"position":3},"title":"Radtour Radteam 2013","author":"Willi","date":"07.09.2013","format":false,"excerpt":"Heute Morgen haben wir uns um 08:00 Uhr zum gemeinsamen Fr\u00fchst\u00fcck getroffen. P\u00fcnktlich um 09:00 h\u00f6rt der Regen auf und um 09:30 Uhr machen wir uns auf den Weg. Gegen 11:30 Uhr sind wir in St. Aldegund und beginnen mit dem Aufstieg in die Eifel. Um 13:30 Uhr gibt es\u2026","rel":"","context":"In &quot;Touren&quot;","block_context":{"text":"Touren","link":"https:\/\/willi-junker.de\/dachs\/?cat=3"},"img":{"alt_text":"","src":"","width":0,"height":0},"classes":[]},{"id":1341,"url":"https:\/\/willi-junker.de\/dachs\/?p=1341","url_meta":{"origin":1445,"position":4},"title":"Seiser Alm &#8211; Umrundung Langkofel","author":"Willi","date":"24.07.2013","format":false,"excerpt":"Am Ruhetag, den ich vor der letzten Etappe \u00fcber die Puezhochebene, einlege wandere ich mit den Geschwistern, den Neffen und der Nichte \u00fcber die Seiser Alm. Beim Mittagessen sind die Zwillinge der Meinung, wir k\u00f6nnten noch die H\u00fcttenpunkte rund um den Langkofel sammeln. So laufen wir noch bis 19:00 Uhr,\u2026","rel":"","context":"In &quot;Touren&quot;","block_context":{"text":"Touren","link":"https:\/\/willi-junker.de\/dachs\/?cat=3"},"img":{"alt_text":"","src":"","width":0,"height":0},"classes":[]},{"id":4535,"url":"https:\/\/willi-junker.de\/dachs\/?p=4535","url_meta":{"origin":1445,"position":5},"title":"Tag 4 &#8211; Radtour zum Laubachtreffen im Elsass","author":"Willi","date":"28.06.2018","format":false,"excerpt":"Nach dem tollen Abend gestern in Luneville starten wir auch heute Morgen wieder um kurz nach neun Uhr. Zuerst m\u00fcssen wir wieder zur\u00fcck an den Rhein-Marne-Kanal. Da geht es \u00fcber 20 km ordentlich bergauf und bergab.Die ersten Kilometer am Kanal sind aber auch nicht viel besser. Teils auf tollem Radweg\u2026","rel":"","context":"In &quot;Touren&quot;","block_context":{"text":"Touren","link":"https:\/\/willi-junker.de\/dachs\/?cat=3"},"img":{"alt_text":"","src":"","width":0,"height":0},"classes":[]}],"_links":{"self":[{"href":"https:\/\/willi-junker.de\/dachs\/index.php?rest_route=\/wp\/v2\/posts\/1445","targetHints":{"allow":["GET"]}}],"collection":[{"href":"https:\/\/willi-junker.de\/dachs\/index.php?rest_route=\/wp\/v2\/posts"}],"about":[{"href":"https:\/\/willi-junker.de\/dachs\/index.php?rest_route=\/wp\/v2\/types\/post"}],"author":[{"embeddable":true,"href":"https:\/\/willi-junker.de\/dachs\/index.php?rest_route=\/wp\/v2\/users\/1"}],"replies":[{"embeddable":true,"href":"https:\/\/willi-junker.de\/dachs\/index.php?rest_route=%2Fwp%2Fv2%2Fcomments&post=1445"}],"version-history":[{"count":2,"href":"https:\/\/willi-junker.de\/dachs\/index.php?rest_route=\/wp\/v2\/posts\/1445\/revisions"}],"predecessor-version":[{"id":1448,"href":"https:\/\/willi-junker.de\/dachs\/index.php?rest_route=\/wp\/v2\/posts\/1445\/revisions\/1448"}],"wp:attachment":[{"href":"https:\/\/willi-junker.de\/dachs\/index.php?rest_route=%2Fwp%2Fv2%2Fmedia&parent=1445"}],"wp:term":[{"taxonomy":"category","embeddable":true,"href":"https:\/\/willi-junker.de\/dachs\/index.php?rest_route=%2Fwp%2Fv2%2Fcategories&post=1445"},{"taxonomy":"post_tag","embeddable":true,"href":"https:\/\/willi-junker.de\/dachs\/index.php?rest_route=%2Fwp%2Fv2%2Ftags&post=1445"}],"curies":[{"name":"wp","href":"https:\/\/api.w.org\/{rel}","templated":true}]}}