{"id":1441,"date":"2013-12-08T15:29:00","date_gmt":"2013-12-08T13:29:00","guid":{"rendered":"http:\/\/willi-junker.de\/dachs\/?p=1441"},"modified":"2013-12-08T15:29:00","modified_gmt":"2013-12-08T13:29:00","slug":"super-sonne-super-schnee","status":"publish","type":"post","link":"https:\/\/willi-junker.de\/dachs\/?p=1441","title":{"rendered":"Super Sonne &#8211; Super Schnee"},"content":{"rendered":"<p><a href=\"https:\/\/i0.wp.com\/willi-junker.de\/dachs\/wp-content\/uploads\/2013\/12\/wpid-IMAG03771.jpg?ssl=1\"><img data-recalc-dims=\"1\" decoding=\"async\" title=\"IMAG0377.jpg\" class=\"alignnone size-full\" alt=\"image\" src=\"https:\/\/i0.wp.com\/willi-junker.de\/dachs\/wp-content\/uploads\/2013\/12\/wpid-IMAG0377.jpg?w=640&#038;ssl=1\" \/><\/a><\/p>\n<p>Im Skigebiet Serfaus &#8211; Masnerh\u00fctte.<\/p>\n","protected":false},"excerpt":{"rendered":"<p>Im Skigebiet Serfaus &#8211; Masnerh\u00fctte.<\/p>\n","protected":false},"author":1,"featured_media":0,"comment_status":"open","ping_status":"open","sticky":false,"template":"","format":"standard","meta":{"_crdt_document":"","jetpack_post_was_ever_published":false,"_jetpack_newsletter_access":"","_jetpack_dont_email_post_to_subs":false,"_jetpack_newsletter_tier_id":0,"_jetpack_memberships_contains_paywalled_content":false,"_jetpack_memberships_contains_paid_content":false,"footnotes":"","jetpack_publicize_message":"","jetpack_publicize_feature_enabled":true,"jetpack_social_post_already_shared":false,"jetpack_social_options":{"image_generator_settings":{"template":"highway","default_image_id":0,"font":"","enabled":false},"version":2}},"categories":[3],"tags":[],"class_list":["post-1441","post","type-post","status-publish","format-standard","hentry","category-touren"],"jetpack_publicize_connections":[],"jetpack_featured_media_url":"","jetpack_sharing_enabled":true,"jetpack_shortlink":"https:\/\/wp.me\/p73o9s-nf","jetpack-related-posts":[{"id":3216,"url":"https:\/\/willi-junker.de\/dachs\/?p=3216","url_meta":{"origin":1441,"position":0},"title":"Tag 4 -Ein super Tag in Alta Badia","author":"Willi","date":"26.02.2016","format":false,"excerpt":"Super Schnee, super Sonne. Was wollen wir mehr.","rel":"","context":"In &quot;Touren&quot;","block_context":{"text":"Touren","link":"https:\/\/willi-junker.de\/dachs\/?cat=3"},"img":{"alt_text":"","src":"","width":0,"height":0},"classes":[]},{"id":3067,"url":"https:\/\/willi-junker.de\/dachs\/?p=3067","url_meta":{"origin":1441,"position":1},"title":"Skiopening Serfaus-Fiss-Ladis","author":"Willi","date":"05.12.2015","format":false,"excerpt":"Seit 7 Uhr heute Morgen sind wir in Fiss. Tolles Wetter, strahlende Sonne und gen\u00fcgend Schnee. Was will man mehr. Wenn ich jetzt noch Ski an den F\u00fc\u00dfen h\u00e4tte w\u00e4re es optimal. Sitze oben auf dem Sch\u00f6njoch und genie\u00dfe die Aussicht.","rel":"","context":"In &quot;Touren&quot;","block_context":{"text":"Touren","link":"https:\/\/willi-junker.de\/dachs\/?cat=3"},"img":{"alt_text":"","src":"","width":0,"height":0},"classes":[]},{"id":1461,"url":"https:\/\/willi-junker.de\/dachs\/?p=1461","url_meta":{"origin":1441,"position":2},"title":"Schnee ohne Ende im Skigebiet Helm &#8211; Rotwandwiesen","author":"Willi","date":"30.01.2014","format":false,"excerpt":"Tolles Skigebiet bei leichtem Schneefall.","rel":"","context":"In &quot;Touren&quot;","block_context":{"text":"Touren","link":"https:\/\/willi-junker.de\/dachs\/?cat=3"},"img":{"alt_text":"","src":"","width":0,"height":0},"classes":[]},{"id":3181,"url":"https:\/\/willi-junker.de\/dachs\/?p=3181","url_meta":{"origin":1441,"position":3},"title":"24.02.2016 &#8211; Sella","author":"Willi","date":"24.02.2016","format":false,"excerpt":"Super Wetter, super Sonne, super Schnee. Wir sind an der Sella.","rel":"","context":"In &quot;Touren&quot;","block_context":{"text":"Touren","link":"https:\/\/willi-junker.de\/dachs\/?cat=3"},"img":{"alt_text":"","src":"","width":0,"height":0},"classes":[]},{"id":585,"url":"https:\/\/willi-junker.de\/dachs\/?p=585","url_meta":{"origin":1441,"position":4},"title":"Mittag auf der Masnerh\u00fctte","author":"Willi","date":"04.12.2011","format":false,"excerpt":"Hier sind richtig gute Pistenverh\u00e4ltnisse und die Sonne kommt langsam durch. Posted from WordPress for Android","rel":"","context":"In &quot;Touren&quot;","block_context":{"text":"Touren","link":"https:\/\/willi-junker.de\/dachs\/?cat=3"},"img":{"alt_text":"","src":"","width":0,"height":0},"classes":[]},{"id":1155,"url":"https:\/\/willi-junker.de\/dachs\/?p=1155","url_meta":{"origin":1441,"position":5},"title":"Alta Badia","author":"Willi","date":"27.02.2013","format":false,"excerpt":"Heute sind wir in Pedraces, im Skigebiet Alta Badia. Letzte Nacht hat es geschneit und die Pisten sind echt toll. Die Sonne l\u00e4sst sich auch sehen.","rel":"","context":"In &quot;Touren&quot;","block_context":{"text":"Touren","link":"https:\/\/willi-junker.de\/dachs\/?cat=3"},"img":{"alt_text":"","src":"","width":0,"height":0},"classes":[]}],"_links":{"self":[{"href":"https:\/\/willi-junker.de\/dachs\/index.php?rest_route=\/wp\/v2\/posts\/1441","targetHints":{"allow":["GET"]}}],"collection":[{"href":"https:\/\/willi-junker.de\/dachs\/index.php?rest_route=\/wp\/v2\/posts"}],"about":[{"href":"https:\/\/willi-junker.de\/dachs\/index.php?rest_route=\/wp\/v2\/types\/post"}],"author":[{"embeddable":true,"href":"https:\/\/willi-junker.de\/dachs\/index.php?rest_route=\/wp\/v2\/users\/1"}],"replies":[{"embeddable":true,"href":"https:\/\/willi-junker.de\/dachs\/index.php?rest_route=%2Fwp%2Fv2%2Fcomments&post=1441"}],"version-history":[{"count":1,"href":"https:\/\/willi-junker.de\/dachs\/index.php?rest_route=\/wp\/v2\/posts\/1441\/revisions"}],"predecessor-version":[{"id":1442,"href":"https:\/\/willi-junker.de\/dachs\/index.php?rest_route=\/wp\/v2\/posts\/1441\/revisions\/1442"}],"wp:attachment":[{"href":"https:\/\/willi-junker.de\/dachs\/index.php?rest_route=%2Fwp%2Fv2%2Fmedia&parent=1441"}],"wp:term":[{"taxonomy":"category","embeddable":true,"href":"https:\/\/willi-junker.de\/dachs\/index.php?rest_route=%2Fwp%2Fv2%2Fcategories&post=1441"},{"taxonomy":"post_tag","embeddable":true,"href":"https:\/\/willi-junker.de\/dachs\/index.php?rest_route=%2Fwp%2Fv2%2Ftags&post=1441"}],"curies":[{"name":"wp","href":"https:\/\/api.w.org\/{rel}","templated":true}]}}