{"id":1436,"date":"2013-12-08T14:44:17","date_gmt":"2013-12-08T12:44:17","guid":{"rendered":"http:\/\/willi-junker.de\/dachs\/?p=1436"},"modified":"2013-12-08T14:44:17","modified_gmt":"2013-12-08T12:44:17","slug":"tag-2","status":"publish","type":"post","link":"https:\/\/willi-junker.de\/dachs\/?p=1436","title":{"rendered":"Tag 2"},"content":{"rendered":"<p><a href=\"https:\/\/i0.wp.com\/willi-junker.de\/dachs\/wp-content\/uploads\/2013\/12\/wpid-IMAG03801.jpg?ssl=1\"><img data-recalc-dims=\"1\" decoding=\"async\" title=\"IMAG0380.jpg\" class=\"alignnone size-full\" alt=\"image\" src=\"https:\/\/i0.wp.com\/willi-junker.de\/dachs\/wp-content\/uploads\/2013\/12\/wpid-IMAG0380.jpg?w=640&#038;ssl=1\" \/><\/a><\/p>\n<p>Phantastische Schnee- und Wetterverh\u00e4ltnisse<\/p>\n","protected":false},"excerpt":{"rendered":"<p>Phantastische Schnee- und Wetterverh\u00e4ltnisse<\/p>\n","protected":false},"author":1,"featured_media":0,"comment_status":"open","ping_status":"open","sticky":false,"template":"","format":"standard","meta":{"_crdt_document":"","jetpack_post_was_ever_published":false,"_jetpack_newsletter_access":"","_jetpack_dont_email_post_to_subs":false,"_jetpack_newsletter_tier_id":0,"_jetpack_memberships_contains_paywalled_content":false,"_jetpack_memberships_contains_paid_content":false,"footnotes":"","jetpack_publicize_message":"","jetpack_publicize_feature_enabled":true,"jetpack_social_post_already_shared":false,"jetpack_social_options":{"image_generator_settings":{"template":"highway","default_image_id":0,"font":"","enabled":false},"version":2}},"categories":[3],"tags":[],"class_list":["post-1436","post","type-post","status-publish","format-standard","hentry","category-touren"],"jetpack_publicize_connections":[],"jetpack_featured_media_url":"","jetpack_sharing_enabled":true,"jetpack_shortlink":"https:\/\/wp.me\/p73o9s-na","jetpack-related-posts":[{"id":688,"url":"https:\/\/willi-junker.de\/dachs\/?p=688","url_meta":{"origin":1436,"position":0},"title":"Lagazuoi &#8211; Ein weiterer sehr warmer Skitag","author":"Willi","date":"02.03.2012","format":false,"excerpt":"Wie jeden Tag starten wir um 08:30 Uhr ins Skigebiet. Heute geht es auf den Falzaregopa\u00df und von dort mit der Seilbahn auf den kleinen Lagazuoi. Mangels Schnee k\u00f6nnen wir leider nicht die ganze Tour machen und fahren mit dem Skibus zur\u00fcck zum Falzarego. Ab hier gehts dann wieder hinauf\u2026","rel":"","context":"In &quot;Touren&quot;","block_context":{"text":"Touren","link":"https:\/\/willi-junker.de\/dachs\/?cat=3"},"img":{"alt_text":"","src":"","width":0,"height":0},"classes":[]},{"id":3216,"url":"https:\/\/willi-junker.de\/dachs\/?p=3216","url_meta":{"origin":1436,"position":1},"title":"Tag 4 -Ein super Tag in Alta Badia","author":"Willi","date":"26.02.2016","format":false,"excerpt":"Super Schnee, super Sonne. Was wollen wir mehr.","rel":"","context":"In &quot;Touren&quot;","block_context":{"text":"Touren","link":"https:\/\/willi-junker.de\/dachs\/?cat=3"},"img":{"alt_text":"","src":"","width":0,"height":0},"classes":[]},{"id":1469,"url":"https:\/\/willi-junker.de\/dachs\/?p=1469","url_meta":{"origin":1436,"position":2},"title":"Schnee, Schnee, Schnee","author":"Willi","date":"31.01.2014","format":false,"excerpt":"Seit gestern schneit es ohne Unterbrechung. Alle P\u00e4sse sind gesperrt und wegen Schneebruch ist such die Pustertaler Bahn gesperrt. Die Sicht ist m\u00e4\u00dfig aber in den H\u00fctten ist alles ok.","rel":"","context":"In &quot;Touren&quot;","block_context":{"text":"Touren","link":"https:\/\/willi-junker.de\/dachs\/?cat=3"},"img":{"alt_text":"","src":"","width":0,"height":0},"classes":[]},{"id":5428,"url":"https:\/\/willi-junker.de\/dachs\/?p=5428","url_meta":{"origin":1436,"position":3},"title":"Skitag 2 &#8211; Helm","author":"Willi","date":"04.03.2020","format":false,"excerpt":"Heute Morgen sind wir bei traumhaftem Wetter auf den Helm. Die Sicht ist phantastisch und der Schnee wesentlich angenehmer als gestern. So macht das wieder richtig Spa\u00df.","rel":"","context":"In &quot;Touren&quot;","block_context":{"text":"Touren","link":"https:\/\/willi-junker.de\/dachs\/?cat=3"},"img":{"alt_text":"","src":"https:\/\/i0.wp.com\/willi-junker.de\/dachs\/wp-content\/uploads\/2020\/03\/IMG_20200304_113952-scaled.jpg?resize=350%2C200&ssl=1","width":350,"height":200,"srcset":"https:\/\/i0.wp.com\/willi-junker.de\/dachs\/wp-content\/uploads\/2020\/03\/IMG_20200304_113952-scaled.jpg?resize=350%2C200&ssl=1 1x, https:\/\/i0.wp.com\/willi-junker.de\/dachs\/wp-content\/uploads\/2020\/03\/IMG_20200304_113952-scaled.jpg?resize=525%2C300&ssl=1 1.5x, https:\/\/i0.wp.com\/willi-junker.de\/dachs\/wp-content\/uploads\/2020\/03\/IMG_20200304_113952-scaled.jpg?resize=700%2C400&ssl=1 2x, https:\/\/i0.wp.com\/willi-junker.de\/dachs\/wp-content\/uploads\/2020\/03\/IMG_20200304_113952-scaled.jpg?resize=1050%2C600&ssl=1 3x, https:\/\/i0.wp.com\/willi-junker.de\/dachs\/wp-content\/uploads\/2020\/03\/IMG_20200304_113952-scaled.jpg?resize=1400%2C800&ssl=1 4x"},"classes":[]},{"id":1479,"url":"https:\/\/willi-junker.de\/dachs\/?p=1479","url_meta":{"origin":1436,"position":4},"title":"Tag 5 &#8211; Schnee, Regen, Nebel","author":"Willi","date":"01.02.2014","format":false,"excerpt":"Bei dieser Tour hatten wir wirklich alles. Ab mittags waren die Verh\u00e4ltnisse dann recht pasabel.","rel":"","context":"In &quot;Touren&quot;","block_context":{"text":"Touren","link":"https:\/\/willi-junker.de\/dachs\/?cat=3"},"img":{"alt_text":"","src":"","width":0,"height":0},"classes":[]},{"id":1187,"url":"https:\/\/willi-junker.de\/dachs\/?p=1187","url_meta":{"origin":1436,"position":5},"title":"Erbeskopf","author":"Willi","date":"29.03.2013","format":false,"excerpt":"Um ca. 11:30 Uhr erreiche ich \u00fcber die 8,4 km lange Hochwaldloipe den Fu\u00df des Erbeskopfes. Gleichzeitig kommt Familie Redfern an. Sie wollen heute den Hunsr\u00fccker Schnee genie\u00dfen. Ich versorge mich erstmal mit kalten und hei\u00dfen Getr\u00e4nken und einem kleinen Imbiss. Danach geht es zu Fu\u00df die Piste 2 hoch\u2026","rel":"","context":"In &quot;Touren&quot;","block_context":{"text":"Touren","link":"https:\/\/willi-junker.de\/dachs\/?cat=3"},"img":{"alt_text":"Piste 1 - Erbeskopf","src":"https:\/\/i0.wp.com\/willi-junker.de\/dachs\/wp-content\/uploads\/2013\/03\/3-500x281.jpg?resize=350%2C200","width":350,"height":200},"classes":[]}],"_links":{"self":[{"href":"https:\/\/willi-junker.de\/dachs\/index.php?rest_route=\/wp\/v2\/posts\/1436","targetHints":{"allow":["GET"]}}],"collection":[{"href":"https:\/\/willi-junker.de\/dachs\/index.php?rest_route=\/wp\/v2\/posts"}],"about":[{"href":"https:\/\/willi-junker.de\/dachs\/index.php?rest_route=\/wp\/v2\/types\/post"}],"author":[{"embeddable":true,"href":"https:\/\/willi-junker.de\/dachs\/index.php?rest_route=\/wp\/v2\/users\/1"}],"replies":[{"embeddable":true,"href":"https:\/\/willi-junker.de\/dachs\/index.php?rest_route=%2Fwp%2Fv2%2Fcomments&post=1436"}],"version-history":[{"count":1,"href":"https:\/\/willi-junker.de\/dachs\/index.php?rest_route=\/wp\/v2\/posts\/1436\/revisions"}],"predecessor-version":[{"id":1437,"href":"https:\/\/willi-junker.de\/dachs\/index.php?rest_route=\/wp\/v2\/posts\/1436\/revisions\/1437"}],"wp:attachment":[{"href":"https:\/\/willi-junker.de\/dachs\/index.php?rest_route=%2Fwp%2Fv2%2Fmedia&parent=1436"}],"wp:term":[{"taxonomy":"category","embeddable":true,"href":"https:\/\/willi-junker.de\/dachs\/index.php?rest_route=%2Fwp%2Fv2%2Fcategories&post=1436"},{"taxonomy":"post_tag","embeddable":true,"href":"https:\/\/willi-junker.de\/dachs\/index.php?rest_route=%2Fwp%2Fv2%2Ftags&post=1436"}],"curies":[{"name":"wp","href":"https:\/\/api.w.org\/{rel}","templated":true}]}}