{"id":1431,"date":"2013-12-08T00:00:30","date_gmt":"2013-12-07T22:00:30","guid":{"rendered":"http:\/\/willi-junker.de\/dachs\/?p=1431"},"modified":"2013-12-08T00:00:30","modified_gmt":"2013-12-07T22:00:30","slug":"nachtskilauf-in-fiss","status":"publish","type":"post","link":"https:\/\/willi-junker.de\/dachs\/?p=1431","title":{"rendered":"Nachtskilauf in Fiss"},"content":{"rendered":"<p><a href=\"https:\/\/i0.wp.com\/willi-junker.de\/dachs\/wp-content\/uploads\/2013\/12\/wpid-IMAG03751.jpg?ssl=1\"><img data-recalc-dims=\"1\" decoding=\"async\" title=\"IMAG0375.jpg\" class=\"alignnone size-full\" alt=\"image\" src=\"https:\/\/i0.wp.com\/willi-junker.de\/dachs\/wp-content\/uploads\/2013\/12\/wpid-IMAG0375.jpg?w=640&#038;ssl=1\" \/><\/a><\/p>\n<p>Heute laufen die Lifte l\u00e4nger. Hier ist richtig was los.<\/p>\n","protected":false},"excerpt":{"rendered":"<p>Heute laufen die Lifte l\u00e4nger. Hier ist richtig was los.<\/p>\n","protected":false},"author":1,"featured_media":0,"comment_status":"open","ping_status":"open","sticky":false,"template":"","format":"standard","meta":{"_crdt_document":"","jetpack_post_was_ever_published":false,"_jetpack_newsletter_access":"","_jetpack_dont_email_post_to_subs":false,"_jetpack_newsletter_tier_id":0,"_jetpack_memberships_contains_paywalled_content":false,"_jetpack_memberships_contains_paid_content":false,"footnotes":"","jetpack_publicize_message":"","jetpack_publicize_feature_enabled":true,"jetpack_social_post_already_shared":false,"jetpack_social_options":{"image_generator_settings":{"template":"highway","default_image_id":0,"font":"","enabled":false},"version":2}},"categories":[3],"tags":[],"class_list":["post-1431","post","type-post","status-publish","format-standard","hentry","category-touren"],"jetpack_publicize_connections":[],"jetpack_featured_media_url":"","jetpack_sharing_enabled":true,"jetpack_shortlink":"https:\/\/wp.me\/p73o9s-n5","jetpack-related-posts":[{"id":2719,"url":"https:\/\/willi-junker.de\/dachs\/?p=2719","url_meta":{"origin":1431,"position":0},"title":"Extratour nach Fiss","author":"Willi","date":"25.08.2015","format":false,"excerpt":"Ich h\u00e4tte es ja heute so einfach haben k\u00f6nnen. Mein Weg nach Italien geht eigentlich entlang des Inn's \u00fcber die Via Claudio Augusta. Jetzt bin ich heute auf der \"falschen Seite\" hoch nach Fiss gestiegen. Morgen muss ich die Seite wechseln und verliere die gut 1.000 H\u00f6henmeter von heute. Trotzdem\u2026","rel":"","context":"In &quot;Touren&quot;","block_context":{"text":"Touren","link":"https:\/\/willi-junker.de\/dachs\/?cat=3"},"img":{"alt_text":"","src":"","width":0,"height":0},"classes":[]},{"id":3877,"url":"https:\/\/willi-junker.de\/dachs\/?p=3877","url_meta":{"origin":1431,"position":1},"title":"7. Skitag &#8211; Das n\u00e4chste Extrem","author":"Willi","date":"10.03.2017","format":false,"excerpt":"Heute fliegt alles weg, was nicht niet- und nagelfest ist. Toller Sonnenschein und Orkan.Die gro\u00dfen Lifte laufen nur eingeschr\u00e4nkt, die Sella-Ronda ist geschlossen. Hab mich ins Val (Langental) verkr\u00fcmelt. Knallharte Pisten. Selbst auf schwarzen Pisten muss man aufpassen, dass man nicht den Berg hoch geschoben wird \ud83d\ude01. Hab mich dann\u2026","rel":"","context":"In &quot;Touren&quot;","block_context":{"text":"Touren","link":"https:\/\/willi-junker.de\/dachs\/?cat=3"},"img":{"alt_text":"","src":"https:\/\/i0.wp.com\/willi-junker.de\/dachs\/wp-content\/uploads\/2017\/03\/wp-image-1082581161jpg.jpg?resize=350%2C200","width":350,"height":200,"srcset":"https:\/\/i0.wp.com\/willi-junker.de\/dachs\/wp-content\/uploads\/2017\/03\/wp-image-1082581161jpg.jpg?resize=350%2C200 1x, https:\/\/i0.wp.com\/willi-junker.de\/dachs\/wp-content\/uploads\/2017\/03\/wp-image-1082581161jpg.jpg?resize=525%2C300 1.5x, https:\/\/i0.wp.com\/willi-junker.de\/dachs\/wp-content\/uploads\/2017\/03\/wp-image-1082581161jpg.jpg?resize=700%2C400 2x"},"classes":[]},{"id":1929,"url":"https:\/\/willi-junker.de\/dachs\/?p=1929","url_meta":{"origin":1431,"position":2},"title":"Der n\u00e4chste Vulkan","author":"Willi","date":"10.10.2014","format":false,"excerpt":"Bin heute Morgen schon fr\u00fch weg. Um diese Zeit sind auf der Uferpromenade immer die Sportasse unterwegs. Da rennen die Nationalmannschaften aller L\u00e4nder rum. Bin bis in die hinterste Ecke vom Strand von Los Christianos gelaufen, da wo's heftig ruppig wird. Dann geht es gut 400m bergauf, auf ziemlich holperigen\u2026","rel":"","context":"In &quot;Touren&quot;","block_context":{"text":"Touren","link":"https:\/\/willi-junker.de\/dachs\/?cat=3"},"img":{"alt_text":"","src":"","width":0,"height":0},"classes":[]},{"id":1175,"url":"https:\/\/willi-junker.de\/dachs\/?p=1175","url_meta":{"origin":1431,"position":3},"title":"Parkplatz OK-H\u00fctte Morbach","author":"Willi","date":"29.03.2013","format":false,"excerpt":"Bin heute Morgen um 07:45 Uhr, bei leichtem Schneefall, zum Parkplatz oberhalb von Morbach unterweg. Hier lasse ich das Auto stehen und laufe in Richtung S\u00fcden auf der Kahlheidloipe los. Wie fast immer bin ich auch heute der Erste in der Spur und darf mal wieder spuren. Seit gestern hat\u2026","rel":"","context":"In &quot;Touren&quot;","block_context":{"text":"Touren","link":"https:\/\/willi-junker.de\/dachs\/?cat=3"},"img":{"alt_text":"Hochwaldloipe","src":"https:\/\/i0.wp.com\/willi-junker.de\/dachs\/wp-content\/uploads\/2013\/03\/1-500x299.jpg?resize=350%2C200","width":350,"height":200},"classes":[]},{"id":1423,"url":"https:\/\/willi-junker.de\/dachs\/?p=1423","url_meta":{"origin":1431,"position":4},"title":"Skiopening in Fiss","author":"Willi","date":"07.12.2013","format":false,"excerpt":"Seit heute Morgen sind wir in Fiss. Der Schnee ist toll und das Wetter ist auch ok.","rel":"","context":"In &quot;Touren&quot;","block_context":{"text":"Touren","link":"https:\/\/willi-junker.de\/dachs\/?cat=3"},"img":{"alt_text":"","src":"","width":0,"height":0},"classes":[]},{"id":5198,"url":"https:\/\/willi-junker.de\/dachs\/?p=5198","url_meta":{"origin":1431,"position":5},"title":"Pf\u00e4lzer Wald &#8211; Tag 3 &#8211; B\u00e4renbrunner Hof","author":"Willi","date":"20.05.2019","format":false,"excerpt":"F\u00fcr heute ist katastrophales Wetter voraus gesagt. Eigentlich sollte man im Haus bleiben. Sp\u00e4testens ab 11 wird man richtig gewaschen.Wir marschieren trotzdem los. Irgendwie werden wir es schon bis zum B\u00e4renbrunner Hof schaffen. Zuerst geht es steil hinauf zum Winterkirchel. Dann r\u00fcber zur Wanderh\u00fctte Dicke Eiche und und in Richtung\u2026","rel":"","context":"In &quot;Touren&quot;","block_context":{"text":"Touren","link":"https:\/\/willi-junker.de\/dachs\/?cat=3"},"img":{"alt_text":"","src":"https:\/\/i0.wp.com\/willi-junker.de\/dachs\/wp-content\/uploads\/2019\/05\/20190520_110426-251339209.jpg?resize=350%2C200","width":350,"height":200,"srcset":"https:\/\/i0.wp.com\/willi-junker.de\/dachs\/wp-content\/uploads\/2019\/05\/20190520_110426-251339209.jpg?resize=350%2C200 1x, https:\/\/i0.wp.com\/willi-junker.de\/dachs\/wp-content\/uploads\/2019\/05\/20190520_110426-251339209.jpg?resize=525%2C300 1.5x, https:\/\/i0.wp.com\/willi-junker.de\/dachs\/wp-content\/uploads\/2019\/05\/20190520_110426-251339209.jpg?resize=700%2C400 2x, https:\/\/i0.wp.com\/willi-junker.de\/dachs\/wp-content\/uploads\/2019\/05\/20190520_110426-251339209.jpg?resize=1050%2C600 3x, https:\/\/i0.wp.com\/willi-junker.de\/dachs\/wp-content\/uploads\/2019\/05\/20190520_110426-251339209.jpg?resize=1400%2C800 4x"},"classes":[]}],"_links":{"self":[{"href":"https:\/\/willi-junker.de\/dachs\/index.php?rest_route=\/wp\/v2\/posts\/1431","targetHints":{"allow":["GET"]}}],"collection":[{"href":"https:\/\/willi-junker.de\/dachs\/index.php?rest_route=\/wp\/v2\/posts"}],"about":[{"href":"https:\/\/willi-junker.de\/dachs\/index.php?rest_route=\/wp\/v2\/types\/post"}],"author":[{"embeddable":true,"href":"https:\/\/willi-junker.de\/dachs\/index.php?rest_route=\/wp\/v2\/users\/1"}],"replies":[{"embeddable":true,"href":"https:\/\/willi-junker.de\/dachs\/index.php?rest_route=%2Fwp%2Fv2%2Fcomments&post=1431"}],"version-history":[{"count":1,"href":"https:\/\/willi-junker.de\/dachs\/index.php?rest_route=\/wp\/v2\/posts\/1431\/revisions"}],"predecessor-version":[{"id":1432,"href":"https:\/\/willi-junker.de\/dachs\/index.php?rest_route=\/wp\/v2\/posts\/1431\/revisions\/1432"}],"wp:attachment":[{"href":"https:\/\/willi-junker.de\/dachs\/index.php?rest_route=%2Fwp%2Fv2%2Fmedia&parent=1431"}],"wp:term":[{"taxonomy":"category","embeddable":true,"href":"https:\/\/willi-junker.de\/dachs\/index.php?rest_route=%2Fwp%2Fv2%2Fcategories&post=1431"},{"taxonomy":"post_tag","embeddable":true,"href":"https:\/\/willi-junker.de\/dachs\/index.php?rest_route=%2Fwp%2Fv2%2Ftags&post=1431"}],"curies":[{"name":"wp","href":"https:\/\/api.w.org\/{rel}","templated":true}]}}