{"id":1427,"date":"2013-12-07T23:57:45","date_gmt":"2013-12-07T21:57:45","guid":{"rendered":"http:\/\/willi-junker.de\/dachs\/?p=1427"},"modified":"2013-12-07T23:57:45","modified_gmt":"2013-12-07T21:57:45","slug":"alpengluehen-in-fiss","status":"publish","type":"post","link":"https:\/\/willi-junker.de\/dachs\/?p=1427","title":{"rendered":"Alpengl\u00fchen in Fiss"},"content":{"rendered":"<p><a href=\"https:\/\/i0.wp.com\/willi-junker.de\/dachs\/wp-content\/uploads\/2013\/12\/wpid-IMAG03731.jpg?ssl=1\"><img data-recalc-dims=\"1\" decoding=\"async\" title=\"IMAG0373.jpg\" class=\"alignnone size-full\" alt=\"image\" src=\"https:\/\/i0.wp.com\/willi-junker.de\/dachs\/wp-content\/uploads\/2013\/12\/wpid-IMAG0373.jpg?w=640&#038;ssl=1\" \/><\/a><\/p>\n<p>Nach einem richtig sch\u00f6nen Skitag geht es ins Tal.<\/p>\n","protected":false},"excerpt":{"rendered":"<p>Nach einem richtig sch\u00f6nen Skitag geht es ins Tal.<\/p>\n","protected":false},"author":1,"featured_media":0,"comment_status":"open","ping_status":"open","sticky":false,"template":"","format":"standard","meta":{"_crdt_document":"","jetpack_post_was_ever_published":false,"_jetpack_newsletter_access":"","_jetpack_dont_email_post_to_subs":false,"_jetpack_newsletter_tier_id":0,"_jetpack_memberships_contains_paywalled_content":false,"_jetpack_memberships_contains_paid_content":false,"footnotes":"","jetpack_publicize_message":"","jetpack_publicize_feature_enabled":true,"jetpack_social_post_already_shared":false,"jetpack_social_options":{"image_generator_settings":{"template":"highway","default_image_id":0,"font":"","enabled":false},"version":2}},"categories":[3],"tags":[],"class_list":["post-1427","post","type-post","status-publish","format-standard","hentry","category-touren"],"jetpack_publicize_connections":[],"jetpack_featured_media_url":"","jetpack_sharing_enabled":true,"jetpack_shortlink":"https:\/\/wp.me\/p73o9s-n1","jetpack-related-posts":[{"id":3806,"url":"https:\/\/willi-junker.de\/dachs\/?p=3806","url_meta":{"origin":1427,"position":0},"title":"3. Skitag &#8211; Eine gro\u00dfe Rundtour","author":"Willi","date":"06.03.2017","format":false,"excerpt":"Heute Morgen geht es schon fr\u00fch los. Um 9 Uhr bin ich schon in Plan de Gralba. Weiter geht es durch die Steinerne Stadt und durch das Skigebiet von Canazei hinab nach Alba.\u00a0 \u00dcber Alba f\u00fchrt die Tour weiter ins Skigebiet Pozza Bufaure und hinab nach Pozza. Dort bin ich\u2026","rel":"","context":"In &quot;Touren&quot;","block_context":{"text":"Touren","link":"https:\/\/willi-junker.de\/dachs\/?cat=3"},"img":{"alt_text":"","src":"https:\/\/i0.wp.com\/willi-junker.de\/dachs\/wp-content\/uploads\/2017\/03\/wp-image-1771660300jpg.jpg?resize=350%2C200","width":350,"height":200,"srcset":"https:\/\/i0.wp.com\/willi-junker.de\/dachs\/wp-content\/uploads\/2017\/03\/wp-image-1771660300jpg.jpg?resize=350%2C200 1x, https:\/\/i0.wp.com\/willi-junker.de\/dachs\/wp-content\/uploads\/2017\/03\/wp-image-1771660300jpg.jpg?resize=525%2C300 1.5x, https:\/\/i0.wp.com\/willi-junker.de\/dachs\/wp-content\/uploads\/2017\/03\/wp-image-1771660300jpg.jpg?resize=700%2C400 2x"},"classes":[]},{"id":5198,"url":"https:\/\/willi-junker.de\/dachs\/?p=5198","url_meta":{"origin":1427,"position":1},"title":"Pf\u00e4lzer Wald &#8211; Tag 3 &#8211; B\u00e4renbrunner Hof","author":"Willi","date":"20.05.2019","format":false,"excerpt":"F\u00fcr heute ist katastrophales Wetter voraus gesagt. Eigentlich sollte man im Haus bleiben. Sp\u00e4testens ab 11 wird man richtig gewaschen.Wir marschieren trotzdem los. Irgendwie werden wir es schon bis zum B\u00e4renbrunner Hof schaffen. Zuerst geht es steil hinauf zum Winterkirchel. Dann r\u00fcber zur Wanderh\u00fctte Dicke Eiche und und in Richtung\u2026","rel":"","context":"In &quot;Touren&quot;","block_context":{"text":"Touren","link":"https:\/\/willi-junker.de\/dachs\/?cat=3"},"img":{"alt_text":"","src":"https:\/\/i0.wp.com\/willi-junker.de\/dachs\/wp-content\/uploads\/2019\/05\/20190520_110426-251339209.jpg?resize=350%2C200","width":350,"height":200,"srcset":"https:\/\/i0.wp.com\/willi-junker.de\/dachs\/wp-content\/uploads\/2019\/05\/20190520_110426-251339209.jpg?resize=350%2C200 1x, https:\/\/i0.wp.com\/willi-junker.de\/dachs\/wp-content\/uploads\/2019\/05\/20190520_110426-251339209.jpg?resize=525%2C300 1.5x, https:\/\/i0.wp.com\/willi-junker.de\/dachs\/wp-content\/uploads\/2019\/05\/20190520_110426-251339209.jpg?resize=700%2C400 2x, https:\/\/i0.wp.com\/willi-junker.de\/dachs\/wp-content\/uploads\/2019\/05\/20190520_110426-251339209.jpg?resize=1050%2C600 3x, https:\/\/i0.wp.com\/willi-junker.de\/dachs\/wp-content\/uploads\/2019\/05\/20190520_110426-251339209.jpg?resize=1400%2C800 4x"},"classes":[]},{"id":5134,"url":"https:\/\/willi-junker.de\/dachs\/?p=5134","url_meta":{"origin":1427,"position":2},"title":"Skitag 4 &#8211; Wintertour des TuS Laubach eV","author":"Willi","date":"08.02.2019","format":false,"excerpt":"Am 4. Skitag fahren wir hoch ins Hochpustertal, nach Vierschach. Wetter wieder super.Mich zieht es, wie so oft, zum Kreuzbergpass. Dort bin ich kurz vor Mittag.Vom Kreuzbergpass geht es dann mit den Skiern \u00fcber den Wanderweg nach Moos. Skilanglauf pur.Den Rest des Tages geht es dann rund um den Helm.","rel":"","context":"In &quot;Touren&quot;","block_context":{"text":"Touren","link":"https:\/\/willi-junker.de\/dachs\/?cat=3"},"img":{"alt_text":"","src":"https:\/\/i0.wp.com\/willi-junker.de\/dachs\/wp-content\/uploads\/2019\/02\/20190208_121207-360362559.jpg?resize=350%2C200","width":350,"height":200,"srcset":"https:\/\/i0.wp.com\/willi-junker.de\/dachs\/wp-content\/uploads\/2019\/02\/20190208_121207-360362559.jpg?resize=350%2C200 1x, https:\/\/i0.wp.com\/willi-junker.de\/dachs\/wp-content\/uploads\/2019\/02\/20190208_121207-360362559.jpg?resize=525%2C300 1.5x, https:\/\/i0.wp.com\/willi-junker.de\/dachs\/wp-content\/uploads\/2019\/02\/20190208_121207-360362559.jpg?resize=700%2C400 2x, https:\/\/i0.wp.com\/willi-junker.de\/dachs\/wp-content\/uploads\/2019\/02\/20190208_121207-360362559.jpg?resize=1050%2C600 3x, https:\/\/i0.wp.com\/willi-junker.de\/dachs\/wp-content\/uploads\/2019\/02\/20190208_121207-360362559.jpg?resize=1400%2C800 4x"},"classes":[]},{"id":5415,"url":"https:\/\/willi-junker.de\/dachs\/?p=5415","url_meta":{"origin":1427,"position":3},"title":"21. Wintertour des TuS Laubach","author":"Willi Junker","date":"03.03.2020","format":false,"excerpt":"Wir sind wieder in den Dolomiten. Zum 21. Mal und zum 19. Mal im Hotel Issinger Weiher. Skitag eins mit dem TuS Laubach. Gestern Abend sind wir im Hunsr\u00fcck losgefahren und heute Morgen, p\u00fcnktlich zum Fr\u00fchst\u00fcck sind wir im Hotel am Issinger Weiher. Schon direkt danach geht es ins Skigebiete\u2026","rel":"","context":"In &quot;Touren&quot;","block_context":{"text":"Touren","link":"https:\/\/willi-junker.de\/dachs\/?cat=3"},"img":{"alt_text":"","src":"https:\/\/i0.wp.com\/willi-junker.de\/dachs\/wp-content\/uploads\/2020\/03\/IMG-20200303-WA0011.jpg?resize=350%2C200&ssl=1","width":350,"height":200,"srcset":"https:\/\/i0.wp.com\/willi-junker.de\/dachs\/wp-content\/uploads\/2020\/03\/IMG-20200303-WA0011.jpg?resize=350%2C200&ssl=1 1x, https:\/\/i0.wp.com\/willi-junker.de\/dachs\/wp-content\/uploads\/2020\/03\/IMG-20200303-WA0011.jpg?resize=525%2C300&ssl=1 1.5x, https:\/\/i0.wp.com\/willi-junker.de\/dachs\/wp-content\/uploads\/2020\/03\/IMG-20200303-WA0011.jpg?resize=700%2C400&ssl=1 2x, https:\/\/i0.wp.com\/willi-junker.de\/dachs\/wp-content\/uploads\/2020\/03\/IMG-20200303-WA0011.jpg?resize=1050%2C600&ssl=1 3x"},"classes":[]},{"id":2719,"url":"https:\/\/willi-junker.de\/dachs\/?p=2719","url_meta":{"origin":1427,"position":4},"title":"Extratour nach Fiss","author":"Willi","date":"25.08.2015","format":false,"excerpt":"Ich h\u00e4tte es ja heute so einfach haben k\u00f6nnen. Mein Weg nach Italien geht eigentlich entlang des Inn's \u00fcber die Via Claudio Augusta. Jetzt bin ich heute auf der \"falschen Seite\" hoch nach Fiss gestiegen. Morgen muss ich die Seite wechseln und verliere die gut 1.000 H\u00f6henmeter von heute. Trotzdem\u2026","rel":"","context":"In &quot;Touren&quot;","block_context":{"text":"Touren","link":"https:\/\/willi-junker.de\/dachs\/?cat=3"},"img":{"alt_text":"","src":"","width":0,"height":0},"classes":[]},{"id":4853,"url":"https:\/\/willi-junker.de\/dachs\/?p=4853","url_meta":{"origin":1427,"position":5},"title":"Saar-Hunsr\u00fcck-Steig r\u00fcckw\u00e4rts &#8211; Tag 3 &#8211; Etappe 20, 19 und 18","author":"Willi","date":"11.10.2018","format":false,"excerpt":"Heute Morgen starte ich in Kastellaun. Um acht verlasse ich die Unterkunft. Der Weg f\u00fchrt zuerst \u00fcber die Burg und dann quer durch die Stadt bis zur Kaserne. Nach Bell taucht man dann im Wohnrother Tal ein. Nur kurzzeitig wird der Talgrund verlassen um auf Felsnasen aufzusteigen. Die Geierlay wird\u2026","rel":"","context":"In &quot;Touren&quot;","block_context":{"text":"Touren","link":"https:\/\/willi-junker.de\/dachs\/?cat=3"},"img":{"alt_text":"","src":"https:\/\/i0.wp.com\/willi-junker.de\/dachs\/wp-content\/uploads\/2018\/10\/20181011_081902691359766.jpg?resize=350%2C200","width":350,"height":200,"srcset":"https:\/\/i0.wp.com\/willi-junker.de\/dachs\/wp-content\/uploads\/2018\/10\/20181011_081902691359766.jpg?resize=350%2C200 1x, https:\/\/i0.wp.com\/willi-junker.de\/dachs\/wp-content\/uploads\/2018\/10\/20181011_081902691359766.jpg?resize=525%2C300 1.5x, https:\/\/i0.wp.com\/willi-junker.de\/dachs\/wp-content\/uploads\/2018\/10\/20181011_081902691359766.jpg?resize=700%2C400 2x, https:\/\/i0.wp.com\/willi-junker.de\/dachs\/wp-content\/uploads\/2018\/10\/20181011_081902691359766.jpg?resize=1050%2C600 3x, https:\/\/i0.wp.com\/willi-junker.de\/dachs\/wp-content\/uploads\/2018\/10\/20181011_081902691359766.jpg?resize=1400%2C800 4x"},"classes":[]}],"_links":{"self":[{"href":"https:\/\/willi-junker.de\/dachs\/index.php?rest_route=\/wp\/v2\/posts\/1427","targetHints":{"allow":["GET"]}}],"collection":[{"href":"https:\/\/willi-junker.de\/dachs\/index.php?rest_route=\/wp\/v2\/posts"}],"about":[{"href":"https:\/\/willi-junker.de\/dachs\/index.php?rest_route=\/wp\/v2\/types\/post"}],"author":[{"embeddable":true,"href":"https:\/\/willi-junker.de\/dachs\/index.php?rest_route=\/wp\/v2\/users\/1"}],"replies":[{"embeddable":true,"href":"https:\/\/willi-junker.de\/dachs\/index.php?rest_route=%2Fwp%2Fv2%2Fcomments&post=1427"}],"version-history":[{"count":1,"href":"https:\/\/willi-junker.de\/dachs\/index.php?rest_route=\/wp\/v2\/posts\/1427\/revisions"}],"predecessor-version":[{"id":1428,"href":"https:\/\/willi-junker.de\/dachs\/index.php?rest_route=\/wp\/v2\/posts\/1427\/revisions\/1428"}],"wp:attachment":[{"href":"https:\/\/willi-junker.de\/dachs\/index.php?rest_route=%2Fwp%2Fv2%2Fmedia&parent=1427"}],"wp:term":[{"taxonomy":"category","embeddable":true,"href":"https:\/\/willi-junker.de\/dachs\/index.php?rest_route=%2Fwp%2Fv2%2Fcategories&post=1427"},{"taxonomy":"post_tag","embeddable":true,"href":"https:\/\/willi-junker.de\/dachs\/index.php?rest_route=%2Fwp%2Fv2%2Ftags&post=1427"}],"curies":[{"name":"wp","href":"https:\/\/api.w.org\/{rel}","templated":true}]}}