{"id":1407,"date":"2013-09-08T17:29:04","date_gmt":"2013-09-08T15:29:04","guid":{"rendered":"http:\/\/willi-junker.de\/dachs\/?p=1407"},"modified":"2013-09-08T17:29:04","modified_gmt":"2013-09-08T15:29:04","slug":"1715-uhr-wieder-in-laubach","status":"publish","type":"post","link":"https:\/\/willi-junker.de\/dachs\/?p=1407","title":{"rendered":"17:15 Uhr &#8211; wieder in Laubach"},"content":{"rendered":"<p>170 km und 2.000 H\u00f6henmeter. Wir sitzen bei Isabel und die Stimmung ist gut.<\/p>\n<p><a href=\"https:\/\/i0.wp.com\/willi-junker.de\/dachs\/wp-content\/uploads\/2013\/09\/wpid-IMAG03291.jpg?ssl=1\"><img data-recalc-dims=\"1\" decoding=\"async\" title=\"IMAG0329.jpg\" class=\"alignnone size-full\" alt=\"image\" src=\"https:\/\/i0.wp.com\/willi-junker.de\/dachs\/wp-content\/uploads\/2013\/09\/wpid-IMAG0329.jpg?w=640&#038;ssl=1\" \/><\/a><\/p>\n","protected":false},"excerpt":{"rendered":"<p>170 km und 2.000 H\u00f6henmeter. Wir sitzen bei Isabel und die Stimmung ist gut.<\/p>\n","protected":false},"author":1,"featured_media":0,"comment_status":"open","ping_status":"open","sticky":false,"template":"","format":"standard","meta":{"_crdt_document":"","jetpack_post_was_ever_published":false,"_jetpack_newsletter_access":"","_jetpack_dont_email_post_to_subs":false,"_jetpack_newsletter_tier_id":0,"_jetpack_memberships_contains_paywalled_content":false,"_jetpack_memberships_contains_paid_content":false,"footnotes":"","jetpack_publicize_message":"","jetpack_publicize_feature_enabled":true,"jetpack_social_post_already_shared":false,"jetpack_social_options":{"image_generator_settings":{"template":"highway","default_image_id":0,"font":"","enabled":false},"version":2}},"categories":[3],"tags":[],"class_list":["post-1407","post","type-post","status-publish","format-standard","hentry","category-touren"],"jetpack_publicize_connections":[],"jetpack_featured_media_url":"","jetpack_sharing_enabled":true,"jetpack_shortlink":"https:\/\/wp.me\/p73o9s-mH","jetpack-related-posts":[{"id":4527,"url":"https:\/\/willi-junker.de\/dachs\/?p=4527","url_meta":{"origin":1407,"position":0},"title":"Tag 3 &#8211; Radtour zum Laubachtreffen im Elsass","author":"Willi","date":"27.06.2018","format":false,"excerpt":"Nach ruhiger Nacht und gutem Fr\u00fchst\u00fcck sind wir wieder auf Tour seit kurz nach 9 Uhr. Gegen 10:15 Uhr sind wir schon an der Kathedrale in Metz. Von Metz geht es weiter nach Nancy. Der Weg ist nicht immer so leicht zu finden. Zwischendurch nehmen wir noch das Mittagessen ein.\u2026","rel":"","context":"In &quot;Touren&quot;","block_context":{"text":"Touren","link":"https:\/\/willi-junker.de\/dachs\/?cat=3"},"img":{"alt_text":"","src":"https:\/\/i0.wp.com\/willi-junker.de\/dachs\/wp-content\/uploads\/2018\/06\/20180627_102233860068205.jpg?resize=350%2C200","width":350,"height":200,"srcset":"https:\/\/i0.wp.com\/willi-junker.de\/dachs\/wp-content\/uploads\/2018\/06\/20180627_102233860068205.jpg?resize=350%2C200 1x, https:\/\/i0.wp.com\/willi-junker.de\/dachs\/wp-content\/uploads\/2018\/06\/20180627_102233860068205.jpg?resize=525%2C300 1.5x, https:\/\/i0.wp.com\/willi-junker.de\/dachs\/wp-content\/uploads\/2018\/06\/20180627_102233860068205.jpg?resize=700%2C400 2x, https:\/\/i0.wp.com\/willi-junker.de\/dachs\/wp-content\/uploads\/2018\/06\/20180627_102233860068205.jpg?resize=1050%2C600 3x, https:\/\/i0.wp.com\/willi-junker.de\/dachs\/wp-content\/uploads\/2018\/06\/20180627_102233860068205.jpg?resize=1400%2C800 4x"},"classes":[]},{"id":3387,"url":"https:\/\/willi-junker.de\/dachs\/?p=3387","url_meta":{"origin":1407,"position":1},"title":"16:00 Uhr &#8211; Laubach","author":"Willi","date":"24.06.2016","format":false,"excerpt":"Bin wieder im Lande. Die Unwetter habe ich umradelt. Die B\u00e4che sind alle voll und rauschen heftig. Das waren heute wieder gut 80 km und \u00fcber 800 H\u00f6henmeter. Die letzten 3 Tage waren sehr entspannend und bei der Auswahl der Wege habe ich vieles richtig gemacht. W\u00fcrde das wieder so\u2026","rel":"","context":"In &quot;Touren&quot;","block_context":{"text":"Touren","link":"https:\/\/willi-junker.de\/dachs\/?cat=3"},"img":{"alt_text":"","src":"","width":0,"height":0},"classes":[]},{"id":3256,"url":"https:\/\/willi-junker.de\/dachs\/?p=3256","url_meta":{"origin":1407,"position":2},"title":"Durch Hunsr\u00fccker T\u00e4ler und seine Hochfl\u00e4chen","author":"Willi","date":"17.04.2016","format":false,"excerpt":"Am Sonntagmorgen geht es am Ortsausgang von Laubach in Richtung Kastellaun los. 7 Wanderer treffen sich dort um 7:00 Uhr bei letzten Regentropfen. Es hat die ganze Nacht kr\u00e4ftig geregnet. Wir folgen dem Schinderhannespfad bis nach Kastellaun und von dort geht es auf dem Saar-Hunsr\u00fcck-Steig weiter. \u00dcber den Diellaysteig steigen\u2026","rel":"","context":"In &quot;Touren&quot;","block_context":{"text":"Touren","link":"https:\/\/willi-junker.de\/dachs\/?cat=3"},"img":{"alt_text":"image","src":"https:\/\/i0.wp.com\/willi-junker.de\/dachs\/wp-content\/uploads\/2016\/04\/20160417_085921-1920x1080.jpg?resize=350%2C200","width":350,"height":200,"srcset":"https:\/\/i0.wp.com\/willi-junker.de\/dachs\/wp-content\/uploads\/2016\/04\/20160417_085921-1920x1080.jpg?resize=350%2C200 1x, https:\/\/i0.wp.com\/willi-junker.de\/dachs\/wp-content\/uploads\/2016\/04\/20160417_085921-1920x1080.jpg?resize=525%2C300 1.5x, https:\/\/i0.wp.com\/willi-junker.de\/dachs\/wp-content\/uploads\/2016\/04\/20160417_085921-1920x1080.jpg?resize=700%2C400 2x, https:\/\/i0.wp.com\/willi-junker.de\/dachs\/wp-content\/uploads\/2016\/04\/20160417_085921-1920x1080.jpg?resize=1050%2C600 3x, https:\/\/i0.wp.com\/willi-junker.de\/dachs\/wp-content\/uploads\/2016\/04\/20160417_085921-1920x1080.jpg?resize=1400%2C800 4x"},"classes":[]},{"id":4589,"url":"https:\/\/willi-junker.de\/dachs\/?p=4589","url_meta":{"origin":1407,"position":3},"title":"Tag 5 &#8211; Radtour zum Laubachtreffen im Elsass","author":"Willi","date":"29.06.2018","format":false,"excerpt":"Nach der erlebnisreichen Tour von gestern war heute eigentlich nur Ausrollen angesagt. Es hat sich bezahlt gemacht, dass wir in den letzten Tagen doch recht ambitionierte Ziele angestrebt haben. Ansonsten h\u00e4tten wir heute noch eine ziemlich lange Anreise gehabt. So war die Strecke nach Laubach nur gut 40 km lang.\u2026","rel":"","context":"In &quot;Touren&quot;","block_context":{"text":"Touren","link":"https:\/\/willi-junker.de\/dachs\/?cat=3"},"img":{"alt_text":"","src":"","width":0,"height":0},"classes":[]},{"id":4890,"url":"https:\/\/willi-junker.de\/dachs\/?p=4890","url_meta":{"origin":1407,"position":4},"title":"Indian Summer Abschlusstour TuS Laubach","author":"Willi","date":"28.10.2018","format":false,"excerpt":"Am Sonntag nach der Zeitumstellung ist traditionell der Termin f\u00fcr die Abschlusstour der Radler vom TuS Laubach. Um 10:00 Uhr treffen sich sieben noch unverfrohrene Radler am Gemeindehaus in Laubach. Das Thermometer hat die Dreigrad-Marke noch nicht erreicht. Man soll die Hoffnung aber niemals aufgeben. Es geht durch den Wald\u2026","rel":"","context":"In &quot;Touren&quot;","block_context":{"text":"Touren","link":"https:\/\/willi-junker.de\/dachs\/?cat=3"},"img":{"alt_text":"","src":"https:\/\/i0.wp.com\/willi-junker.de\/dachs\/wp-content\/uploads\/2018\/10\/20181028_112554-547569827.jpg?resize=350%2C200","width":350,"height":200,"srcset":"https:\/\/i0.wp.com\/willi-junker.de\/dachs\/wp-content\/uploads\/2018\/10\/20181028_112554-547569827.jpg?resize=350%2C200 1x, https:\/\/i0.wp.com\/willi-junker.de\/dachs\/wp-content\/uploads\/2018\/10\/20181028_112554-547569827.jpg?resize=525%2C300 1.5x, https:\/\/i0.wp.com\/willi-junker.de\/dachs\/wp-content\/uploads\/2018\/10\/20181028_112554-547569827.jpg?resize=700%2C400 2x, https:\/\/i0.wp.com\/willi-junker.de\/dachs\/wp-content\/uploads\/2018\/10\/20181028_112554-547569827.jpg?resize=1050%2C600 3x, https:\/\/i0.wp.com\/willi-junker.de\/dachs\/wp-content\/uploads\/2018\/10\/20181028_112554-547569827.jpg?resize=1400%2C800 4x"},"classes":[]},{"id":242,"url":"https:\/\/willi-junker.de\/dachs\/?p=242","url_meta":{"origin":1407,"position":5},"title":"Radtour Oberstein &#8211; 12.06.2011","author":"Willi","date":"12.06.2011","format":false,"excerpt":"Heute Morgen ist es schweinekalt, nur 4 Grad. Daher starte ich erst gegen 08:15 Uhr mit meiner Tour nach Oberstein. \u00dcber Alterk\u00fclz, W\u00fcschheim und das Faas geht es nach Kostenz und von dort \u00fcber Niedersohren, Laufersweiler und Rhaunen nach Hottenbach. Dort mache ich eine kurze Pause und genie\u00dfe die Aussicht.\u2026","rel":"","context":"In &quot;Touren&quot;","block_context":{"text":"Touren","link":"https:\/\/willi-junker.de\/dachs\/?cat=3"},"img":{"alt_text":"Hottenbach - Blick zum Idarkopf","src":"https:\/\/i0.wp.com\/willi-junker.de\/dachs\/wp-content\/uploads\/2011\/06\/901.jpg?resize=350%2C200","width":350,"height":200,"srcset":"https:\/\/i0.wp.com\/willi-junker.de\/dachs\/wp-content\/uploads\/2011\/06\/901.jpg?resize=350%2C200 1x, https:\/\/i0.wp.com\/willi-junker.de\/dachs\/wp-content\/uploads\/2011\/06\/901.jpg?resize=525%2C300 1.5x, https:\/\/i0.wp.com\/willi-junker.de\/dachs\/wp-content\/uploads\/2011\/06\/901.jpg?resize=700%2C400 2x, https:\/\/i0.wp.com\/willi-junker.de\/dachs\/wp-content\/uploads\/2011\/06\/901.jpg?resize=1050%2C600 3x, https:\/\/i0.wp.com\/willi-junker.de\/dachs\/wp-content\/uploads\/2011\/06\/901.jpg?resize=1400%2C800 4x"},"classes":[]}],"_links":{"self":[{"href":"https:\/\/willi-junker.de\/dachs\/index.php?rest_route=\/wp\/v2\/posts\/1407","targetHints":{"allow":["GET"]}}],"collection":[{"href":"https:\/\/willi-junker.de\/dachs\/index.php?rest_route=\/wp\/v2\/posts"}],"about":[{"href":"https:\/\/willi-junker.de\/dachs\/index.php?rest_route=\/wp\/v2\/types\/post"}],"author":[{"embeddable":true,"href":"https:\/\/willi-junker.de\/dachs\/index.php?rest_route=\/wp\/v2\/users\/1"}],"replies":[{"embeddable":true,"href":"https:\/\/willi-junker.de\/dachs\/index.php?rest_route=%2Fwp%2Fv2%2Fcomments&post=1407"}],"version-history":[{"count":1,"href":"https:\/\/willi-junker.de\/dachs\/index.php?rest_route=\/wp\/v2\/posts\/1407\/revisions"}],"predecessor-version":[{"id":1408,"href":"https:\/\/willi-junker.de\/dachs\/index.php?rest_route=\/wp\/v2\/posts\/1407\/revisions\/1408"}],"wp:attachment":[{"href":"https:\/\/willi-junker.de\/dachs\/index.php?rest_route=%2Fwp%2Fv2%2Fmedia&parent=1407"}],"wp:term":[{"taxonomy":"category","embeddable":true,"href":"https:\/\/willi-junker.de\/dachs\/index.php?rest_route=%2Fwp%2Fv2%2Fcategories&post=1407"},{"taxonomy":"post_tag","embeddable":true,"href":"https:\/\/willi-junker.de\/dachs\/index.php?rest_route=%2Fwp%2Fv2%2Ftags&post=1407"}],"curies":[{"name":"wp","href":"https:\/\/api.w.org\/{rel}","templated":true}]}}