{"id":1383,"date":"2013-08-31T16:33:43","date_gmt":"2013-08-31T14:33:43","guid":{"rendered":"http:\/\/willi-junker.de\/dachs\/?p=1383"},"modified":"2013-08-31T16:33:43","modified_gmt":"2013-08-31T14:33:43","slug":"driesch-runde-beendet","status":"publish","type":"post","link":"https:\/\/willi-junker.de\/dachs\/?p=1383","title":{"rendered":"Driesch &#8211; Runde beendet"},"content":{"rendered":"<p>Nach 58 trockenen Kilometern habe ich nach knapp 5 Stunden die Runde beendet.<\/p>\n<p><a href=\"https:\/\/i0.wp.com\/willi-junker.de\/dachs\/wp-content\/uploads\/2013\/08\/wpid-IMAG03113.jpg?ssl=1\"><img data-recalc-dims=\"1\" decoding=\"async\" title=\"IMAG0311.jpg\" class=\"alignnone size-full\" alt=\"image\" src=\"https:\/\/i0.wp.com\/willi-junker.de\/dachs\/wp-content\/uploads\/2013\/08\/wpid-IMAG03112.jpg?w=640&#038;ssl=1\" \/><\/a><\/p>\n<p><a href=\"https:\/\/i0.wp.com\/willi-junker.de\/dachs\/wp-content\/uploads\/2013\/08\/wpid-IMAG03122.jpg?ssl=1\"><img data-recalc-dims=\"1\" decoding=\"async\" title=\"IMAG0312.jpg\" class=\"alignnone size-full\" alt=\"image\" src=\"https:\/\/i0.wp.com\/willi-junker.de\/dachs\/wp-content\/uploads\/2013\/08\/wpid-IMAG03121.jpg?w=640&#038;ssl=1\" \/><\/a><\/p>\n<p><a href=\"https:\/\/i0.wp.com\/willi-junker.de\/dachs\/wp-content\/uploads\/2013\/08\/wpid-IMAG03141.jpg?ssl=1\"><img data-recalc-dims=\"1\" decoding=\"async\" title=\"IMAG0314.jpg\" class=\"alignnone size-full\" alt=\"image\" src=\"https:\/\/i0.wp.com\/willi-junker.de\/dachs\/wp-content\/uploads\/2013\/08\/wpid-IMAG0314.jpg?w=640&#038;ssl=1\" \/><\/a><\/p>\n","protected":false},"excerpt":{"rendered":"<p>Nach 58 trockenen Kilometern habe ich nach knapp 5 Stunden die Runde beendet.<\/p>\n","protected":false},"author":1,"featured_media":0,"comment_status":"open","ping_status":"open","sticky":false,"template":"","format":"standard","meta":{"_crdt_document":"","jetpack_post_was_ever_published":false,"_jetpack_newsletter_access":"","_jetpack_dont_email_post_to_subs":false,"_jetpack_newsletter_tier_id":0,"_jetpack_memberships_contains_paywalled_content":false,"_jetpack_memberships_contains_paid_content":false,"footnotes":"","jetpack_publicize_message":"","jetpack_publicize_feature_enabled":true,"jetpack_social_post_already_shared":false,"jetpack_social_options":{"image_generator_settings":{"template":"highway","default_image_id":0,"font":"","enabled":false},"version":2}},"categories":[3],"tags":[],"class_list":["post-1383","post","type-post","status-publish","format-standard","hentry","category-touren"],"jetpack_publicize_connections":[],"jetpack_featured_media_url":"","jetpack_sharing_enabled":true,"jetpack_shortlink":"https:\/\/wp.me\/p73o9s-mj","jetpack-related-posts":[{"id":2555,"url":"https:\/\/willi-junker.de\/dachs\/?p=2555","url_meta":{"origin":1383,"position":0},"title":"Die Wanderung beginnt","author":"Willi","date":"18.08.2015","format":false,"excerpt":"Es ist Punkt 16:00 Uhr, als ich auf dem Bahnsteig in Lindau stehe. Vor vielen Jahren habe ich mal eine Radtour hier beendet und 1991 habe ich knapp oberhalb von Lindau meine Radtour nach Nizza begonnen. Nur so ganz ohne Fahrzeug habe ich bisher hier noch nie rumgestanden. Nach ein\u2026","rel":"","context":"In &quot;Touren&quot;","block_context":{"text":"Touren","link":"https:\/\/willi-junker.de\/dachs\/?cat=3"},"img":{"alt_text":"","src":"","width":0,"height":0},"classes":[]},{"id":1372,"url":"https:\/\/willi-junker.de\/dachs\/?p=1372","url_meta":{"origin":1383,"position":1},"title":"Kleine Maarrunde","author":"Willi","date":"31.08.2013","format":false,"excerpt":"Bin heute Morgen mit dem Auto nach Driesch bei Lutzerath. Von dort dann mit dem Rad \u00fcber Strotzb\u00fcsch nach Gillenfeld und von dort \u00fcber den Mosel-Maare-Radweg nach Daun. Dort hab ich eine kleine Runde im Ort gedreht und dann zur\u00fcck zum Radweg. In Schalkemehren hab ich jetzt kurz den Radweg\u2026","rel":"","context":"In &quot;Touren&quot;","block_context":{"text":"Touren","link":"https:\/\/willi-junker.de\/dachs\/?cat=3"},"img":{"alt_text":"","src":"","width":0,"height":0},"classes":[]},{"id":5153,"url":"https:\/\/willi-junker.de\/dachs\/?p=5153","url_meta":{"origin":1383,"position":2},"title":"Skitag 5 &#8211; Wintertour des TuS Laubach eV","author":"Willi","date":"09.02.2019","format":false,"excerpt":"Am letzten Skitag sind wir wieder am Kronplatz. Die Koffer sind gepackt und die Zimmer verlassen. Die Sonne scheint auch heuer wieder. Auf zur letzten Runde. So ganz konnte ich es mir dann doch nicht verkneifen und habe das Skigebiet verlassen. Hab noch eine ordentliche Runde in Alta Badia gedreht.\u2026","rel":"","context":"In &quot;Touren&quot;","block_context":{"text":"Touren","link":"https:\/\/willi-junker.de\/dachs\/?cat=3"},"img":{"alt_text":"","src":"","width":0,"height":0},"classes":[]},{"id":3977,"url":"https:\/\/willi-junker.de\/dachs\/?p=3977","url_meta":{"origin":1383,"position":3},"title":"24 Stunden von Rheinland-Pfalz 2017 &#8211; wieder in Hennweiler\u00a0","author":"Willi","date":"17.06.2017","format":false,"excerpt":"Seit heute Morgen um 06:00 stehe ich wieder mit meinem Auto unter den schattigen B\u00e4umen an der L\u00fctzelsoonhalle in Hennweiler. Wir haben wieder eine sch\u00f6ne Gruppe zusammen bekommen und nach dem gemeinsamen Fr\u00fchst\u00fcck und der Verabschiedung durch die Pipe-Spieler geht es um 08:30 Uhr los. Das Wetter ist absolut ideal.\u2026","rel":"","context":"In &quot;Touren&quot;","block_context":{"text":"Touren","link":"https:\/\/willi-junker.de\/dachs\/?cat=3"},"img":{"alt_text":"","src":"https:\/\/i0.wp.com\/willi-junker.de\/dachs\/wp-content\/uploads\/2017\/06\/5172017214252.jpg?resize=350%2C200","width":350,"height":200,"srcset":"https:\/\/i0.wp.com\/willi-junker.de\/dachs\/wp-content\/uploads\/2017\/06\/5172017214252.jpg?resize=350%2C200 1x, https:\/\/i0.wp.com\/willi-junker.de\/dachs\/wp-content\/uploads\/2017\/06\/5172017214252.jpg?resize=525%2C300 1.5x, https:\/\/i0.wp.com\/willi-junker.de\/dachs\/wp-content\/uploads\/2017\/06\/5172017214252.jpg?resize=700%2C400 2x, https:\/\/i0.wp.com\/willi-junker.de\/dachs\/wp-content\/uploads\/2017\/06\/5172017214252.jpg?resize=1050%2C600 3x, https:\/\/i0.wp.com\/willi-junker.de\/dachs\/wp-content\/uploads\/2017\/06\/5172017214252.jpg?resize=1400%2C800 4x"},"classes":[]},{"id":4669,"url":"https:\/\/willi-junker.de\/dachs\/?p=4669","url_meta":{"origin":1383,"position":4},"title":"RAM100K &#8211; Rhein-Ahr-Marsch 2018","author":"Willi","date":"06.07.2018","format":false,"excerpt":"Heute probiere ich mal was Neues. 24 Stundenwanderungen hab ich ja schon einige gemacht, aber noch nie mehr als 80 km. Das soll sich heute \u00e4ndern. Heute stehen 100 km auf dem Programm. Start und Ziel in Rheinbach bei Bonn. Heute Abend um 20:00 Uhr geht es los. Zuerst geht\u2026","rel":"","context":"In &quot;Touren&quot;","block_context":{"text":"Touren","link":"https:\/\/willi-junker.de\/dachs\/?cat=3"},"img":{"alt_text":"","src":"https:\/\/i0.wp.com\/willi-junker.de\/dachs\/wp-content\/uploads\/2018\/07\/20180706_154457646968539.jpg?resize=350%2C200","width":350,"height":200,"srcset":"https:\/\/i0.wp.com\/willi-junker.de\/dachs\/wp-content\/uploads\/2018\/07\/20180706_154457646968539.jpg?resize=350%2C200 1x, https:\/\/i0.wp.com\/willi-junker.de\/dachs\/wp-content\/uploads\/2018\/07\/20180706_154457646968539.jpg?resize=525%2C300 1.5x, https:\/\/i0.wp.com\/willi-junker.de\/dachs\/wp-content\/uploads\/2018\/07\/20180706_154457646968539.jpg?resize=700%2C400 2x, https:\/\/i0.wp.com\/willi-junker.de\/dachs\/wp-content\/uploads\/2018\/07\/20180706_154457646968539.jpg?resize=1050%2C600 3x, https:\/\/i0.wp.com\/willi-junker.de\/dachs\/wp-content\/uploads\/2018\/07\/20180706_154457646968539.jpg?resize=1400%2C800 4x"},"classes":[]},{"id":4334,"url":"https:\/\/willi-junker.de\/dachs\/?p=4334","url_meta":{"origin":1383,"position":5},"title":"Allerheiligen &#8211; Wandern auf dem Saar-Hunsr\u00fcck-Steig und diversen Traumschleifen\u00a0","author":"Willi","date":"01.11.2017","format":false,"excerpt":"Bin heute Morgen bei blauem Himmel und einstelligen Temperaturen \u00fcber den Schinderhannespfad nach Kastellaun. Auf dem Marktplatz bin ich auf den Saar-Hunsr\u00fcck-Steig gesto\u00dfen. Zuerst \u00fcber die Burg und dann weiter in Richtung Uhler und Mannebach. Dann kommt nach knapp 20 km das Tor zur Traumschleife Baybachtal. Gegen 12:20 Uhr bin\u2026","rel":"","context":"In &quot;Touren&quot;","block_context":{"text":"Touren","link":"https:\/\/willi-junker.de\/dachs\/?cat=3"},"img":{"alt_text":"","src":"","width":0,"height":0},"classes":[]}],"_links":{"self":[{"href":"https:\/\/willi-junker.de\/dachs\/index.php?rest_route=\/wp\/v2\/posts\/1383","targetHints":{"allow":["GET"]}}],"collection":[{"href":"https:\/\/willi-junker.de\/dachs\/index.php?rest_route=\/wp\/v2\/posts"}],"about":[{"href":"https:\/\/willi-junker.de\/dachs\/index.php?rest_route=\/wp\/v2\/types\/post"}],"author":[{"embeddable":true,"href":"https:\/\/willi-junker.de\/dachs\/index.php?rest_route=\/wp\/v2\/users\/1"}],"replies":[{"embeddable":true,"href":"https:\/\/willi-junker.de\/dachs\/index.php?rest_route=%2Fwp%2Fv2%2Fcomments&post=1383"}],"version-history":[{"count":1,"href":"https:\/\/willi-junker.de\/dachs\/index.php?rest_route=\/wp\/v2\/posts\/1383\/revisions"}],"predecessor-version":[{"id":1384,"href":"https:\/\/willi-junker.de\/dachs\/index.php?rest_route=\/wp\/v2\/posts\/1383\/revisions\/1384"}],"wp:attachment":[{"href":"https:\/\/willi-junker.de\/dachs\/index.php?rest_route=%2Fwp%2Fv2%2Fmedia&parent=1383"}],"wp:term":[{"taxonomy":"category","embeddable":true,"href":"https:\/\/willi-junker.de\/dachs\/index.php?rest_route=%2Fwp%2Fv2%2Fcategories&post=1383"},{"taxonomy":"post_tag","embeddable":true,"href":"https:\/\/willi-junker.de\/dachs\/index.php?rest_route=%2Fwp%2Fv2%2Ftags&post=1383"}],"curies":[{"name":"wp","href":"https:\/\/api.w.org\/{rel}","templated":true}]}}