{"id":1372,"date":"2013-08-31T12:57:40","date_gmt":"2013-08-31T10:57:40","guid":{"rendered":"http:\/\/willi-junker.de\/dachs\/?p=1372"},"modified":"2013-08-31T12:57:40","modified_gmt":"2013-08-31T10:57:40","slug":"kleine-maarrunde","status":"publish","type":"post","link":"https:\/\/willi-junker.de\/dachs\/?p=1372","title":{"rendered":"Kleine Maarrunde"},"content":{"rendered":"<p>Bin heute Morgen mit dem Auto nach Driesch bei Lutzerath. Von dort dann mit dem Rad \u00fcber Strotzb\u00fcsch nach Gillenfeld und von dort \u00fcber den Mosel-Maare-Radweg nach Daun. <\/p>\n<p>Dort hab ich eine kleine Runde im Ort gedreht und dann zur\u00fcck zum Radweg. In Schalkemehren hab ich jetzt kurz den Radweg verlassen und sitze vor einer Wirtschaft zum Mittagessen.<\/p>\n","protected":false},"excerpt":{"rendered":"<p>Bin heute Morgen mit dem Auto nach Driesch bei Lutzerath. Von dort dann mit dem Rad \u00fcber Strotzb\u00fcsch nach Gillenfeld und von dort \u00fcber den Mosel-Maare-Radweg nach Daun. Dort hab ich eine kleine Runde im Ort gedreht und dann zur\u00fcck &hellip; <a href=\"https:\/\/willi-junker.de\/dachs\/?p=1372\">Weiterlesen <span class=\"meta-nav\">&rarr;<\/span><\/a><\/p>\n","protected":false},"author":1,"featured_media":0,"comment_status":"open","ping_status":"open","sticky":false,"template":"","format":"standard","meta":{"_crdt_document":"","jetpack_post_was_ever_published":false,"_jetpack_newsletter_access":"","_jetpack_dont_email_post_to_subs":false,"_jetpack_newsletter_tier_id":0,"_jetpack_memberships_contains_paywalled_content":false,"_jetpack_memberships_contains_paid_content":false,"footnotes":"","jetpack_publicize_message":"","jetpack_publicize_feature_enabled":true,"jetpack_social_post_already_shared":false,"jetpack_social_options":{"image_generator_settings":{"template":"highway","default_image_id":0,"font":"","enabled":false},"version":2}},"categories":[3],"tags":[],"class_list":["post-1372","post","type-post","status-publish","format-standard","hentry","category-touren"],"jetpack_publicize_connections":[],"jetpack_featured_media_url":"","jetpack_sharing_enabled":true,"jetpack_shortlink":"https:\/\/wp.me\/p73o9s-m8","jetpack-related-posts":[{"id":2539,"url":"https:\/\/willi-junker.de\/dachs\/?p=2539","url_meta":{"origin":1372,"position":0},"title":"08:00 Uhr &#8211; Start zur Erkundungstour &#8211; Radtour des Radteams 2015","author":"Willi","date":"26.07.2015","format":false,"excerpt":"Ich versuche heute die Route f\u00fcr unsere Radtour Anfang September zu erkunden. Bin von Laubach \u00fcber den Radweg nach Emmelshausen und weiter \u00fcber Halsenbach und Ney nach Windhausen. Ab hier ist die Stra\u00dfe nach Brodenbach wegen Bauarbeiten gesperrt. Hab dann auf die Eifelseite gewechselt und bin in Kobern-Gondorf hoch nach\u2026","rel":"","context":"In &quot;Touren&quot;","block_context":{"text":"Touren","link":"https:\/\/willi-junker.de\/dachs\/?cat=3"},"img":{"alt_text":"","src":"","width":0,"height":0},"classes":[]},{"id":4775,"url":"https:\/\/willi-junker.de\/dachs\/?p=4775","url_meta":{"origin":1372,"position":1},"title":"Auf dem Weg ins Sauerland","author":"Willi","date":"07.09.2018","format":false,"excerpt":"Um kurz nach 15:00 Uhr radele ich in Richtung Ebschied auf den Radweg. Von dort geht es bis nach Emmelshausen und \u00fcber Rheinbay und Weiler nach Bad Salzig.Von hier radele ich in Richtung Norden auf dem Radweg. Bei Rhens pausieren ich ein wenig wegen eines kurzen Regenschauers. Dann folgt Koblenz\u2026","rel":"","context":"In &quot;Touren&quot;","block_context":{"text":"Touren","link":"https:\/\/willi-junker.de\/dachs\/?cat=3"},"img":{"alt_text":"","src":"https:\/\/i0.wp.com\/willi-junker.de\/dachs\/wp-content\/uploads\/2018\/09\/20180907_174228.jpg?fit=1200%2C675&ssl=1&resize=350%2C200","width":350,"height":200,"srcset":"https:\/\/i0.wp.com\/willi-junker.de\/dachs\/wp-content\/uploads\/2018\/09\/20180907_174228.jpg?fit=1200%2C675&ssl=1&resize=350%2C200 1x, https:\/\/i0.wp.com\/willi-junker.de\/dachs\/wp-content\/uploads\/2018\/09\/20180907_174228.jpg?fit=1200%2C675&ssl=1&resize=525%2C300 1.5x, https:\/\/i0.wp.com\/willi-junker.de\/dachs\/wp-content\/uploads\/2018\/09\/20180907_174228.jpg?fit=1200%2C675&ssl=1&resize=700%2C400 2x, https:\/\/i0.wp.com\/willi-junker.de\/dachs\/wp-content\/uploads\/2018\/09\/20180907_174228.jpg?fit=1200%2C675&ssl=1&resize=1050%2C600 3x"},"classes":[]},{"id":242,"url":"https:\/\/willi-junker.de\/dachs\/?p=242","url_meta":{"origin":1372,"position":2},"title":"Radtour Oberstein &#8211; 12.06.2011","author":"Willi","date":"12.06.2011","format":false,"excerpt":"Heute Morgen ist es schweinekalt, nur 4 Grad. Daher starte ich erst gegen 08:15 Uhr mit meiner Tour nach Oberstein. \u00dcber Alterk\u00fclz, W\u00fcschheim und das Faas geht es nach Kostenz und von dort \u00fcber Niedersohren, Laufersweiler und Rhaunen nach Hottenbach. Dort mache ich eine kurze Pause und genie\u00dfe die Aussicht.\u2026","rel":"","context":"In &quot;Touren&quot;","block_context":{"text":"Touren","link":"https:\/\/willi-junker.de\/dachs\/?cat=3"},"img":{"alt_text":"Hottenbach - Blick zum Idarkopf","src":"https:\/\/i0.wp.com\/willi-junker.de\/dachs\/wp-content\/uploads\/2011\/06\/901.jpg?resize=350%2C200","width":350,"height":200,"srcset":"https:\/\/i0.wp.com\/willi-junker.de\/dachs\/wp-content\/uploads\/2011\/06\/901.jpg?resize=350%2C200 1x, https:\/\/i0.wp.com\/willi-junker.de\/dachs\/wp-content\/uploads\/2011\/06\/901.jpg?resize=525%2C300 1.5x, https:\/\/i0.wp.com\/willi-junker.de\/dachs\/wp-content\/uploads\/2011\/06\/901.jpg?resize=700%2C400 2x, https:\/\/i0.wp.com\/willi-junker.de\/dachs\/wp-content\/uploads\/2011\/06\/901.jpg?resize=1050%2C600 3x, https:\/\/i0.wp.com\/willi-junker.de\/dachs\/wp-content\/uploads\/2011\/06\/901.jpg?resize=1400%2C800 4x"},"classes":[]},{"id":4333,"url":"https:\/\/willi-junker.de\/dachs\/?p=4333","url_meta":{"origin":1372,"position":3},"title":"Vortour Radtour Radteam TuS Laubach 2017","author":"Willi","date":"29.08.2017","format":false,"excerpt":"Heute ist ein wunderbar sonniger Tag. Ich starte um 08:00 Uhr mit dem Auto und fahre nach Manderscheid in der Eifel. Den Ort erkunde ich noch etwas und gegen zehn Uhr beginne ich mit der Tour. Es geht sofort steil bergab und nach gut einer Minute sind ca 100 H\u00f6henmeter\u2026","rel":"","context":"In &quot;Touren&quot;","block_context":{"text":"Touren","link":"https:\/\/willi-junker.de\/dachs\/?cat=3"},"img":{"alt_text":"","src":"","width":0,"height":0},"classes":[]},{"id":5592,"url":"https:\/\/willi-junker.de\/dachs\/?p=5592","url_meta":{"origin":1372,"position":4},"title":"Tour de Selz &#8211; etwas erweitert","author":"Willi","date":"23.07.2022","format":false,"excerpt":"Am heutigen Samstag starte ich um kurz nach sieben Uhr mit dem Fahrrad in Laubach. Es geht \u00fcber den Schinderhannesradweg in Alterk\u00fclz bis nach Tiefenbach. Dann auf die Landstra\u00dfe \u00fcber den Soonwald bis nach Waldb\u00f6ckelheim und weiter nach Boos und zur Nahe. Kurz darauf erreiche ich den Glan, den ich\u2026","rel":"","context":"In &quot;Touren&quot;","block_context":{"text":"Touren","link":"https:\/\/willi-junker.de\/dachs\/?cat=3"},"img":{"alt_text":"","src":"https:\/\/i0.wp.com\/willi-junker.de\/dachs\/wp-content\/uploads\/2022\/07\/img_20220723_101359_195388790826312818-scaled.jpg?resize=350%2C200&ssl=1","width":350,"height":200,"srcset":"https:\/\/i0.wp.com\/willi-junker.de\/dachs\/wp-content\/uploads\/2022\/07\/img_20220723_101359_195388790826312818-scaled.jpg?resize=350%2C200&ssl=1 1x, https:\/\/i0.wp.com\/willi-junker.de\/dachs\/wp-content\/uploads\/2022\/07\/img_20220723_101359_195388790826312818-scaled.jpg?resize=525%2C300&ssl=1 1.5x, https:\/\/i0.wp.com\/willi-junker.de\/dachs\/wp-content\/uploads\/2022\/07\/img_20220723_101359_195388790826312818-scaled.jpg?resize=700%2C400&ssl=1 2x, https:\/\/i0.wp.com\/willi-junker.de\/dachs\/wp-content\/uploads\/2022\/07\/img_20220723_101359_195388790826312818-scaled.jpg?resize=1050%2C600&ssl=1 3x, https:\/\/i0.wp.com\/willi-junker.de\/dachs\/wp-content\/uploads\/2022\/07\/img_20220723_101359_195388790826312818-scaled.jpg?resize=1400%2C800&ssl=1 4x"},"classes":[]},{"id":4763,"url":"https:\/\/willi-junker.de\/dachs\/?p=4763","url_meta":{"origin":1372,"position":5},"title":"Tag 2 &#8211; Radtour Radteam TuS Laubach","author":"Willi","date":"02.09.2018","format":false,"excerpt":"Heute lassen wir es ruhig angehen. Bis in die Heimat ist es nicht mehr weit. Nach einem ausgiebigen Fr\u00fchst\u00fcck radeln wir um 10:00 Uhr los. Es geht direkt \u00fcber die F\u00e4hre nach Bingen. Von dort folgen wir dem Radweg bis nach Niederheimbach. Dann geht es links ab in den Hunsr\u00fcck.\u2026","rel":"","context":"In &quot;Touren&quot;","block_context":{"text":"Touren","link":"https:\/\/willi-junker.de\/dachs\/?cat=3"},"img":{"alt_text":"","src":"https:\/\/i0.wp.com\/willi-junker.de\/dachs\/wp-content\/uploads\/2018\/09\/20180902_100835-1265047348.jpg?resize=350%2C200","width":350,"height":200,"srcset":"https:\/\/i0.wp.com\/willi-junker.de\/dachs\/wp-content\/uploads\/2018\/09\/20180902_100835-1265047348.jpg?resize=350%2C200 1x, https:\/\/i0.wp.com\/willi-junker.de\/dachs\/wp-content\/uploads\/2018\/09\/20180902_100835-1265047348.jpg?resize=525%2C300 1.5x, https:\/\/i0.wp.com\/willi-junker.de\/dachs\/wp-content\/uploads\/2018\/09\/20180902_100835-1265047348.jpg?resize=700%2C400 2x, https:\/\/i0.wp.com\/willi-junker.de\/dachs\/wp-content\/uploads\/2018\/09\/20180902_100835-1265047348.jpg?resize=1050%2C600 3x, https:\/\/i0.wp.com\/willi-junker.de\/dachs\/wp-content\/uploads\/2018\/09\/20180902_100835-1265047348.jpg?resize=1400%2C800 4x"},"classes":[]}],"_links":{"self":[{"href":"https:\/\/willi-junker.de\/dachs\/index.php?rest_route=\/wp\/v2\/posts\/1372","targetHints":{"allow":["GET"]}}],"collection":[{"href":"https:\/\/willi-junker.de\/dachs\/index.php?rest_route=\/wp\/v2\/posts"}],"about":[{"href":"https:\/\/willi-junker.de\/dachs\/index.php?rest_route=\/wp\/v2\/types\/post"}],"author":[{"embeddable":true,"href":"https:\/\/willi-junker.de\/dachs\/index.php?rest_route=\/wp\/v2\/users\/1"}],"replies":[{"embeddable":true,"href":"https:\/\/willi-junker.de\/dachs\/index.php?rest_route=%2Fwp%2Fv2%2Fcomments&post=1372"}],"version-history":[{"count":1,"href":"https:\/\/willi-junker.de\/dachs\/index.php?rest_route=\/wp\/v2\/posts\/1372\/revisions"}],"predecessor-version":[{"id":1373,"href":"https:\/\/willi-junker.de\/dachs\/index.php?rest_route=\/wp\/v2\/posts\/1372\/revisions\/1373"}],"wp:attachment":[{"href":"https:\/\/willi-junker.de\/dachs\/index.php?rest_route=%2Fwp%2Fv2%2Fmedia&parent=1372"}],"wp:term":[{"taxonomy":"category","embeddable":true,"href":"https:\/\/willi-junker.de\/dachs\/index.php?rest_route=%2Fwp%2Fv2%2Fcategories&post=1372"},{"taxonomy":"post_tag","embeddable":true,"href":"https:\/\/willi-junker.de\/dachs\/index.php?rest_route=%2Fwp%2Fv2%2Ftags&post=1372"}],"curies":[{"name":"wp","href":"https:\/\/api.w.org\/{rel}","templated":true}]}}