{"id":1364,"date":"2013-07-28T20:32:21","date_gmt":"2013-07-28T18:32:21","guid":{"rendered":"http:\/\/willi-junker.de\/dachs\/?p=1364"},"modified":"2013-07-28T20:48:13","modified_gmt":"2013-07-28T18:48:13","slug":"ein-ruhiger-abschluss-auf-der-seceda","status":"publish","type":"post","link":"https:\/\/willi-junker.de\/dachs\/?p=1364","title":{"rendered":"Ein ruhiger Abschluss auf der Seceda"},"content":{"rendered":"<p>Heute bin ich gehen 9 Uhr mit dem Bus nach St. Ulrich und dann mit der Seilbahn hoch auf die Seceda. Es ist mal wieder einfach nur heiss.<\/p>\n<p>Oben bin ich langsam an der Abbruchkante zum Villn\u00f6sstal entlang gelaufen und dann hinab zur Trojer Alm. Dort hab ich dann bei herrlicher Aussicht mein Reisetagebuch vervollst\u00e4ndigt.<\/p>\n<p>Die Wanderung von Kasern nach Wolkenstein dauerte 10 Tage. Dann hab ich hier noch 3 gr\u00f6\u00dfere Wanderungen zur Puez, um den Langkofel und gestern auf Tierser Alpl und Schlern unternommen.<\/p>\n<p>Zwischendrinn dann ein Ruhetag auf Rasch\u00f6tz und heute auf der Seceda.<\/p>\n<p>Gerade eben ist die Familie meiner Schwester abgereist und Morgen folge ich.<\/p>\n<p>Hier noch ein paar Eindr\u00fccke von heute.<\/p>\n<p><a href=\"https:\/\/i0.wp.com\/willi-junker.de\/dachs\/wp-content\/uploads\/2013\/07\/wpid-IMAG02831.jpg?ssl=1\"><img data-recalc-dims=\"1\" decoding=\"async\" title=\"IMAG0283.jpg\" class=\"alignnone size-full\" alt=\"image\" src=\"https:\/\/i0.wp.com\/willi-junker.de\/dachs\/wp-content\/uploads\/2013\/07\/wpid-IMAG0283.jpg?w=640&#038;ssl=1\" \/><\/a><\/p>\n<p><a href=\"https:\/\/i0.wp.com\/willi-junker.de\/dachs\/wp-content\/uploads\/2013\/07\/wpid-IMAG02841.jpg?ssl=1\"><img data-recalc-dims=\"1\" decoding=\"async\" title=\"IMAG0284.jpg\" class=\"alignnone size-full\" alt=\"image\" src=\"https:\/\/i0.wp.com\/willi-junker.de\/dachs\/wp-content\/uploads\/2013\/07\/wpid-IMAG0284.jpg?w=640&#038;ssl=1\" \/><\/a><\/p>\n<p><a href=\"https:\/\/i0.wp.com\/willi-junker.de\/dachs\/wp-content\/uploads\/2013\/07\/wpid-IMAG02871.jpg?ssl=1\"><img data-recalc-dims=\"1\" decoding=\"async\" title=\"IMAG0287.jpg\" class=\"alignnone size-full\" alt=\"image\" src=\"https:\/\/i0.wp.com\/willi-junker.de\/dachs\/wp-content\/uploads\/2013\/07\/wpid-IMAG0287.jpg?w=640&#038;ssl=1\" \/><\/a><\/p>\n","protected":false},"excerpt":{"rendered":"<p>Heute bin ich gehen 9 Uhr mit dem Bus nach St. Ulrich und dann mit der Seilbahn hoch auf die Seceda. Es ist mal wieder einfach nur heiss. Oben bin ich langsam an der Abbruchkante zum Villn\u00f6sstal entlang gelaufen und &hellip; <a href=\"https:\/\/willi-junker.de\/dachs\/?p=1364\">Weiterlesen <span class=\"meta-nav\">&rarr;<\/span><\/a><\/p>\n","protected":false},"author":1,"featured_media":0,"comment_status":"open","ping_status":"open","sticky":false,"template":"","format":"standard","meta":{"_crdt_document":"","jetpack_post_was_ever_published":false,"_jetpack_newsletter_access":"","_jetpack_dont_email_post_to_subs":false,"_jetpack_newsletter_tier_id":0,"_jetpack_memberships_contains_paywalled_content":false,"_jetpack_memberships_contains_paid_content":false,"footnotes":"","jetpack_publicize_message":"","jetpack_publicize_feature_enabled":true,"jetpack_social_post_already_shared":false,"jetpack_social_options":{"image_generator_settings":{"template":"highway","default_image_id":0,"font":"","enabled":false},"version":2}},"categories":[3],"tags":[],"class_list":["post-1364","post","type-post","status-publish","format-standard","hentry","category-touren"],"jetpack_publicize_connections":[],"jetpack_featured_media_url":"","jetpack_sharing_enabled":true,"jetpack_shortlink":"https:\/\/wp.me\/p73o9s-m0","jetpack-related-posts":[{"id":4278,"url":"https:\/\/willi-junker.de\/dachs\/?p=4278","url_meta":{"origin":1364,"position":0},"title":"Tag 14 &#8211; \u00dcber den Rasch\u00f6tz zur Broglesh\u00fctte und weiter zur Seceda\u00a0","author":"Willi","date":"31.07.2017","format":false,"excerpt":"Der Tag heute beginnt auf jeden Fall entspannt. Lange gefr\u00fchst\u00fcckt. Dann zum Bus nach St. Ulrich und mit der Standseilbahn auf den Rasch\u00f6tz. Um zehn Uhr bin ich oben. Es geht locker \u00fcber die Hochalmen bei herrlichem Wetter. Kurz vor zw\u00f6lf Uhr bin ich auf der Broglesalm. Der Betrieb h\u00e4lt\u2026","rel":"","context":"In &quot;Touren&quot;","block_context":{"text":"Touren","link":"https:\/\/willi-junker.de\/dachs\/?cat=3"},"img":{"alt_text":"","src":"https:\/\/i0.wp.com\/willi-junker.de\/dachs\/wp-content\/uploads\/2017\/07\/wp-image-618154783.jpg?resize=350%2C200","width":350,"height":200,"srcset":"https:\/\/i0.wp.com\/willi-junker.de\/dachs\/wp-content\/uploads\/2017\/07\/wp-image-618154783.jpg?resize=350%2C200 1x, https:\/\/i0.wp.com\/willi-junker.de\/dachs\/wp-content\/uploads\/2017\/07\/wp-image-618154783.jpg?resize=525%2C300 1.5x, https:\/\/i0.wp.com\/willi-junker.de\/dachs\/wp-content\/uploads\/2017\/07\/wp-image-618154783.jpg?resize=700%2C400 2x, https:\/\/i0.wp.com\/willi-junker.de\/dachs\/wp-content\/uploads\/2017\/07\/wp-image-618154783.jpg?resize=1050%2C600 3x, https:\/\/i0.wp.com\/willi-junker.de\/dachs\/wp-content\/uploads\/2017\/07\/wp-image-618154783.jpg?resize=1400%2C800 4x"},"classes":[]},{"id":3900,"url":"https:\/\/willi-junker.de\/dachs\/?p=3900","url_meta":{"origin":1364,"position":1},"title":"8. Skitag &#8211; Ein Traum","author":"Willi","date":"11.03.2017","format":false,"excerpt":"Heute stimmt alles. Bin heute Morgen umgezogen und dann geht es in Richtung Dantercepi\u00ebs los. Will halt noch die Sella-Ronda in der Gegenrichtung machen. Da ich unheimlich schnell an der Porta Vescovo bin werde ich etwas mutiger. Ich k\u00f6nnte ja noch kurz r\u00fcber zum Padonpass. Als ich dort bin denke\u2026","rel":"","context":"In &quot;Touren&quot;","block_context":{"text":"Touren","link":"https:\/\/willi-junker.de\/dachs\/?cat=3"},"img":{"alt_text":"","src":"http:\/\/i0.wp.com\/willi-junker.de\/dachs\/wp-content\/uploads\/2017\/03\/wp-image-411474397jpg.jpg?w=792&resize=350%2C200","width":350,"height":200,"srcset":"http:\/\/i0.wp.com\/willi-junker.de\/dachs\/wp-content\/uploads\/2017\/03\/wp-image-411474397jpg.jpg?w=792&resize=350%2C200 1x, http:\/\/i0.wp.com\/willi-junker.de\/dachs\/wp-content\/uploads\/2017\/03\/wp-image-411474397jpg.jpg?w=792&resize=525%2C300 1.5x, http:\/\/i0.wp.com\/willi-junker.de\/dachs\/wp-content\/uploads\/2017\/03\/wp-image-411474397jpg.jpg?w=792&resize=700%2C400 2x"},"classes":[]},{"id":4128,"url":"https:\/\/willi-junker.de\/dachs\/?p=4128","url_meta":{"origin":1364,"position":2},"title":"H\u00fcttenwanderung &#8211; mal anders als in den letzten Tagen\u00a0","author":"Willi","date":"23.07.2017","format":false,"excerpt":"Am Tag sechs ist mal ein Ruhetag angesagt. Nach dem Fr\u00fchst\u00fcck und nachdem meine Schwester noch ein bisschen geschreinert hat, laufen wir langsam hoch auf die Seceda. Die Juac-H\u00fctte lassen wir erstmal links liegen und es geht weiter zur Regensburger H\u00fctte. Nach kurzer Getr\u00e4nkepause geht es hoch zur Pi\u00ebra Longia\u2026","rel":"","context":"In &quot;Touren&quot;","block_context":{"text":"Touren","link":"https:\/\/willi-junker.de\/dachs\/?cat=3"},"img":{"alt_text":"","src":"","width":0,"height":0},"classes":[]},{"id":4234,"url":"https:\/\/willi-junker.de\/dachs\/?p=4234","url_meta":{"origin":1364,"position":3},"title":"Tag 11 &#8211; Von Alta Badia nach Gr\u00f6den\u00a0","author":"Willi","date":"28.07.2017","format":false,"excerpt":"In den letzten Jahren habe ich schon drei Wege \u00fcber die Gherdenacia Hochfl\u00e4chen zur\u00fcck nach Gr\u00f6den ausprobiert. Jetzt fehlt mir eigentlich noch die Umrundung. Wobei das sich eigentlich leicht anh\u00f6rt. Es liegt halt nur das Puez-Joch im Weg. Von Norden kommend ist dies die einzige Schwachstelle in der massiven Felswand.\u2026","rel":"","context":"In &quot;Touren&quot;","block_context":{"text":"Touren","link":"https:\/\/willi-junker.de\/dachs\/?cat=3"},"img":{"alt_text":"","src":"https:\/\/i0.wp.com\/willi-junker.de\/dachs\/wp-content\/uploads\/2017\/07\/wp-image-655924760.jpg?resize=350%2C200","width":350,"height":200,"srcset":"https:\/\/i0.wp.com\/willi-junker.de\/dachs\/wp-content\/uploads\/2017\/07\/wp-image-655924760.jpg?resize=350%2C200 1x, https:\/\/i0.wp.com\/willi-junker.de\/dachs\/wp-content\/uploads\/2017\/07\/wp-image-655924760.jpg?resize=525%2C300 1.5x, https:\/\/i0.wp.com\/willi-junker.de\/dachs\/wp-content\/uploads\/2017\/07\/wp-image-655924760.jpg?resize=700%2C400 2x, https:\/\/i0.wp.com\/willi-junker.de\/dachs\/wp-content\/uploads\/2017\/07\/wp-image-655924760.jpg?resize=1050%2C600 3x, https:\/\/i0.wp.com\/willi-junker.de\/dachs\/wp-content\/uploads\/2017\/07\/wp-image-655924760.jpg?resize=1400%2C800 4x"},"classes":[]},{"id":4192,"url":"https:\/\/willi-junker.de\/dachs\/?p=4192","url_meta":{"origin":1364,"position":4},"title":"Tag 9 &#8211; Ein etwas verungl\u00fcckter Ruhetag","author":"Willi","date":"26.07.2017","format":false,"excerpt":"Nach der langen Tour gestern gehe ich es heute sehr ruhig an. Gegen halb zehn laufe ich in Richtung Bus und fahre hinab nach St. Ulrich. Von dort geht es dann zur Standseilbahn Rasch\u00f6tz. Beim Hinauflaufen wundere ich mich \u00fcber die mir entgegenkommenden Gruppen. F\u00fcr abends w\u00e4re das normal aber\u2026","rel":"","context":"In &quot;Touren&quot;","block_context":{"text":"Touren","link":"https:\/\/willi-junker.de\/dachs\/?cat=3"},"img":{"alt_text":"","src":"https:\/\/i0.wp.com\/willi-junker.de\/dachs\/wp-content\/uploads\/2017\/07\/wp-image-1614477091.jpg?resize=350%2C200","width":350,"height":200,"srcset":"https:\/\/i0.wp.com\/willi-junker.de\/dachs\/wp-content\/uploads\/2017\/07\/wp-image-1614477091.jpg?resize=350%2C200 1x, https:\/\/i0.wp.com\/willi-junker.de\/dachs\/wp-content\/uploads\/2017\/07\/wp-image-1614477091.jpg?resize=525%2C300 1.5x, https:\/\/i0.wp.com\/willi-junker.de\/dachs\/wp-content\/uploads\/2017\/07\/wp-image-1614477091.jpg?resize=700%2C400 2x, https:\/\/i0.wp.com\/willi-junker.de\/dachs\/wp-content\/uploads\/2017\/07\/wp-image-1614477091.jpg?resize=1050%2C600 3x, https:\/\/i0.wp.com\/willi-junker.de\/dachs\/wp-content\/uploads\/2017\/07\/wp-image-1614477091.jpg?resize=1400%2C800 4x"},"classes":[]},{"id":3839,"url":"https:\/\/willi-junker.de\/dachs\/?p=3839","url_meta":{"origin":1364,"position":5},"title":"5. Skitag &#8211; Heute die Val Gardena Ronda","author":"Willi","date":"08.03.2017","format":false,"excerpt":"Herrliches Wetter, tolle Fernsicht, phantastischer Abfahrten. Ein Traum. Habe heute jeden Lift und jede Piste mitgenommen, die ich finden kann. Begonnen habe ich am Ciampinoi. Dann geht es in die Steinerne Stadt und von dort \u00fcber den Piz Sella nach Monte Pana. Oben auf dem Monte S\u00ebura genie\u00dfe ich die\u2026","rel":"","context":"In &quot;Touren&quot;","block_context":{"text":"Touren","link":"https:\/\/willi-junker.de\/dachs\/?cat=3"},"img":{"alt_text":"","src":"https:\/\/i0.wp.com\/willi-junker.de\/dachs\/wp-content\/uploads\/2017\/03\/wp-image-747463392jpg.jpg?resize=350%2C200","width":350,"height":200,"srcset":"https:\/\/i0.wp.com\/willi-junker.de\/dachs\/wp-content\/uploads\/2017\/03\/wp-image-747463392jpg.jpg?resize=350%2C200 1x, https:\/\/i0.wp.com\/willi-junker.de\/dachs\/wp-content\/uploads\/2017\/03\/wp-image-747463392jpg.jpg?resize=525%2C300 1.5x, https:\/\/i0.wp.com\/willi-junker.de\/dachs\/wp-content\/uploads\/2017\/03\/wp-image-747463392jpg.jpg?resize=700%2C400 2x"},"classes":[]}],"_links":{"self":[{"href":"https:\/\/willi-junker.de\/dachs\/index.php?rest_route=\/wp\/v2\/posts\/1364","targetHints":{"allow":["GET"]}}],"collection":[{"href":"https:\/\/willi-junker.de\/dachs\/index.php?rest_route=\/wp\/v2\/posts"}],"about":[{"href":"https:\/\/willi-junker.de\/dachs\/index.php?rest_route=\/wp\/v2\/types\/post"}],"author":[{"embeddable":true,"href":"https:\/\/willi-junker.de\/dachs\/index.php?rest_route=\/wp\/v2\/users\/1"}],"replies":[{"embeddable":true,"href":"https:\/\/willi-junker.de\/dachs\/index.php?rest_route=%2Fwp%2Fv2%2Fcomments&post=1364"}],"version-history":[{"count":1,"href":"https:\/\/willi-junker.de\/dachs\/index.php?rest_route=\/wp\/v2\/posts\/1364\/revisions"}],"predecessor-version":[{"id":1365,"href":"https:\/\/willi-junker.de\/dachs\/index.php?rest_route=\/wp\/v2\/posts\/1364\/revisions\/1365"}],"wp:attachment":[{"href":"https:\/\/willi-junker.de\/dachs\/index.php?rest_route=%2Fwp%2Fv2%2Fmedia&parent=1364"}],"wp:term":[{"taxonomy":"category","embeddable":true,"href":"https:\/\/willi-junker.de\/dachs\/index.php?rest_route=%2Fwp%2Fv2%2Fcategories&post=1364"},{"taxonomy":"post_tag","embeddable":true,"href":"https:\/\/willi-junker.de\/dachs\/index.php?rest_route=%2Fwp%2Fv2%2Ftags&post=1364"}],"curies":[{"name":"wp","href":"https:\/\/api.w.org\/{rel}","templated":true}]}}