{"id":1298,"date":"2013-07-19T20:30:00","date_gmt":"2013-07-19T18:30:00","guid":{"rendered":"http:\/\/willi-junker.de\/dachs\/?p=1298"},"modified":"2013-07-20T01:30:23","modified_gmt":"2013-07-19T23:30:23","slug":"weiter-in-richtung-sudtirol","status":"publish","type":"post","link":"https:\/\/willi-junker.de\/dachs\/?p=1298","title":{"rendered":"Weiter in Richtung S\u00fcdtirol"},"content":{"rendered":"<p>Kurz nach 9 Uhr starte ich bei Sonnenschein und schw\u00fclem Wetter in Richtung Gsieser T\u00f6rl. Der Weg ist steil und kaum begangen.<\/p>\n<p><a href=\"https:\/\/i0.wp.com\/willi-junker.de\/dachs\/wp-content\/uploads\/2013\/07\/wpid-IMAG02301.jpg?ssl=1\"><img data-recalc-dims=\"1\" decoding=\"async\" title=\"IMAG0230.jpg\" class=\"alignnone size-full\" alt=\"image\" src=\"https:\/\/i0.wp.com\/willi-junker.de\/dachs\/wp-content\/uploads\/2013\/07\/wpid-IMAG0230.jpg?w=640&#038;ssl=1\" \/><\/a><\/p>\n<p>\u00dcber 1850 Metern verlasse ich die Baumgrenze und laufe in einem einsamen Hochtal. Von einem Weg kann jetzt nicht mehr gesprochen werden. Es folgen hochmoorartige Fl\u00e4chen und das Wasser steht mir mal wieder in den Schuhen.<\/p>\n<p>Kaum erreiche ich um die Mittagszeit den Pass kommen mir aus dem Gsieser Tal Wanderer entgegen. Keiner von ihnen steigt hinab nach St. Jakob.<\/p>\n<p>Der Abstieg erfolgt zun\u00e4chst auf relativ schlechtem Weg. Ab der ersten, unbewirtschafteten Alm, auf einem befestigten Fahrweg. Trotzdem ben\u00f6tige ich bis zur Messneralm \u00fcber eine Stunde.<\/p>\n<p>P\u00fcnktlich mit dem Hinsetzen beginnt es leicht zu regnen. Als etwas Ruhe einsetzt, kommt der Wirt zu mir. Ihn interessiert der Rucksack und mein bisheriger Weg. Daraufhin gibs dann noch a Schnapsel.<\/p>\n<p><a href=\"https:\/\/i0.wp.com\/willi-junker.de\/dachs\/wp-content\/uploads\/2013\/07\/wpid-IMAG02311.jpg?ssl=1\"><img data-recalc-dims=\"1\" decoding=\"async\" title=\"IMAG0231.jpg\" class=\"alignnone size-full\" alt=\"image\" src=\"https:\/\/i0.wp.com\/willi-junker.de\/dachs\/wp-content\/uploads\/2013\/07\/wpid-IMAG0231.jpg?w=640&#038;ssl=1\" \/><\/a><\/p>\n<p>Gegen 15 Uhr verlasse ich die freundliche Alm. Kurze Zeit sp\u00e4ter fragt mich ein \u00e4lterer S\u00fcdtiroler nach meinem Weg. Auch er hat schon mehrfach die Alpen zu Fu\u00df \u00fcberschritten. Erstmals nach dem Krieg als Deutscher Lanzer, als er aus der Kriegsgefangenschaft zur\u00fcck gekehrt ist.<\/p>\n<p>Ich laufe noch bis 17 Uhr weiter talabw\u00e4rts, bis s\u00fcdlich von St. Martin. Hier kehre ich im Sporthotel ein. Das waren dann heute wieder fast 1000 H\u00f6henmeter und gut 20 Kilometer. Der Regen hat es gut mit mir gemeint. Nur die Wanderer auf der anderen Talseite wurden richtig nass. Das obligatorische Gewitter erfolgt zum Abendessen.<\/p>\n","protected":false},"excerpt":{"rendered":"<p>Kurz nach 9 Uhr starte ich bei Sonnenschein und schw\u00fclem Wetter in Richtung Gsieser T\u00f6rl. Der Weg ist steil und kaum begangen. \u00dcber 1850 Metern verlasse ich die Baumgrenze und laufe in einem einsamen Hochtal. Von einem Weg kann jetzt &hellip; <a href=\"https:\/\/willi-junker.de\/dachs\/?p=1298\">Weiterlesen <span class=\"meta-nav\">&rarr;<\/span><\/a><\/p>\n","protected":false},"author":1,"featured_media":0,"comment_status":"open","ping_status":"open","sticky":false,"template":"","format":"standard","meta":{"_crdt_document":"","jetpack_post_was_ever_published":false,"_jetpack_newsletter_access":"","_jetpack_dont_email_post_to_subs":false,"_jetpack_newsletter_tier_id":0,"_jetpack_memberships_contains_paywalled_content":false,"_jetpack_memberships_contains_paid_content":false,"footnotes":"","jetpack_publicize_message":"","jetpack_publicize_feature_enabled":true,"jetpack_social_post_already_shared":false,"jetpack_social_options":{"image_generator_settings":{"template":"highway","default_image_id":0,"font":"","enabled":false},"version":2}},"categories":[3],"tags":[],"class_list":["post-1298","post","type-post","status-publish","format-standard","hentry","category-touren"],"jetpack_publicize_connections":[],"jetpack_featured_media_url":"","jetpack_sharing_enabled":true,"jetpack_shortlink":"https:\/\/wp.me\/p73o9s-kW","jetpack-related-posts":[{"id":4234,"url":"https:\/\/willi-junker.de\/dachs\/?p=4234","url_meta":{"origin":1298,"position":0},"title":"Tag 11 &#8211; Von Alta Badia nach Gr\u00f6den\u00a0","author":"Willi","date":"28.07.2017","format":false,"excerpt":"In den letzten Jahren habe ich schon drei Wege \u00fcber die Gherdenacia Hochfl\u00e4chen zur\u00fcck nach Gr\u00f6den ausprobiert. Jetzt fehlt mir eigentlich noch die Umrundung. Wobei das sich eigentlich leicht anh\u00f6rt. Es liegt halt nur das Puez-Joch im Weg. Von Norden kommend ist dies die einzige Schwachstelle in der massiven Felswand.\u2026","rel":"","context":"In &quot;Touren&quot;","block_context":{"text":"Touren","link":"https:\/\/willi-junker.de\/dachs\/?cat=3"},"img":{"alt_text":"","src":"https:\/\/i0.wp.com\/willi-junker.de\/dachs\/wp-content\/uploads\/2017\/07\/wp-image-655924760.jpg?resize=350%2C200","width":350,"height":200,"srcset":"https:\/\/i0.wp.com\/willi-junker.de\/dachs\/wp-content\/uploads\/2017\/07\/wp-image-655924760.jpg?resize=350%2C200 1x, https:\/\/i0.wp.com\/willi-junker.de\/dachs\/wp-content\/uploads\/2017\/07\/wp-image-655924760.jpg?resize=525%2C300 1.5x, https:\/\/i0.wp.com\/willi-junker.de\/dachs\/wp-content\/uploads\/2017\/07\/wp-image-655924760.jpg?resize=700%2C400 2x, https:\/\/i0.wp.com\/willi-junker.de\/dachs\/wp-content\/uploads\/2017\/07\/wp-image-655924760.jpg?resize=1050%2C600 3x, https:\/\/i0.wp.com\/willi-junker.de\/dachs\/wp-content\/uploads\/2017\/07\/wp-image-655924760.jpg?resize=1400%2C800 4x"},"classes":[]},{"id":3941,"url":"https:\/\/willi-junker.de\/dachs\/?p=3941","url_meta":{"origin":1298,"position":1},"title":"Oster-Wandertour 2017","author":"Willi","date":"16.04.2017","format":false,"excerpt":"Bin heute am 1. Ostertag schon fr\u00fch losgefahren und treffe gegen 08:50 Uhr am Parkplatz am Hunsr\u00fcckhaus am Erbeskopf ein. Es ist noch ganz sch\u00f6n k\u00fchl, die Grashalme teilweise gefroren. Zuerst folge ich der Traumschleife Gipfelrauschen gegen den Uhrzeigersinn. Er f\u00fchrt mich bis \u00fcber den Gipfelkamm. Dort biege ich dann\u2026","rel":"","context":"In &quot;Touren&quot;","block_context":{"text":"Touren","link":"https:\/\/willi-junker.de\/dachs\/?cat=3"},"img":{"alt_text":"","src":"https:\/\/i0.wp.com\/willi-junker.de\/dachs\/wp-content\/uploads\/2017\/04\/2017_03_16_001-500x281.jpg?resize=350%2C200","width":350,"height":200},"classes":[]},{"id":5230,"url":"https:\/\/willi-junker.de\/dachs\/?p=5230","url_meta":{"origin":1298,"position":2},"title":"Radtour nach Bad Sch\u00f6nborn \/ Tag 2","author":"Willi Junker","date":"19.07.2019","format":false,"excerpt":"Auch heute sitze ich wieder auf dem Rad, aber bei Weitem nich so fr\u00fch als gestern. Nach einem ausf\u00fchrlichen Fr\u00fchst\u00fcck starte ich gegen 10:15 Uhr. Mein Weg f\u00fchrt mich zuerst ins Fremdenverkehrsamt. Danach will ich weiter in Richtung Schwetzingen. Schwetzingen lockt mit einer gro\u00dfen Schlo\u00dfanlage und liegt ca. 30 Kilometer\u2026","rel":"","context":"In &quot;Touren&quot;","block_context":{"text":"Touren","link":"https:\/\/willi-junker.de\/dachs\/?cat=3"},"img":{"alt_text":"","src":"https:\/\/i0.wp.com\/willi-junker.de\/dachs\/wp-content\/uploads\/2019\/07\/20190719_1129171132900057.jpg?resize=350%2C200&ssl=1","width":350,"height":200,"srcset":"https:\/\/i0.wp.com\/willi-junker.de\/dachs\/wp-content\/uploads\/2019\/07\/20190719_1129171132900057.jpg?resize=350%2C200&ssl=1 1x, https:\/\/i0.wp.com\/willi-junker.de\/dachs\/wp-content\/uploads\/2019\/07\/20190719_1129171132900057.jpg?resize=525%2C300&ssl=1 1.5x, https:\/\/i0.wp.com\/willi-junker.de\/dachs\/wp-content\/uploads\/2019\/07\/20190719_1129171132900057.jpg?resize=700%2C400&ssl=1 2x, https:\/\/i0.wp.com\/willi-junker.de\/dachs\/wp-content\/uploads\/2019\/07\/20190719_1129171132900057.jpg?resize=1050%2C600&ssl=1 3x"},"classes":[]},{"id":5470,"url":"https:\/\/willi-junker.de\/dachs\/?p=5470","url_meta":{"origin":1298,"position":3},"title":"Marathonwanderung auf dem Rheinsteig &#8211; Etappen 5 und 6 von R\u00fcdesheim bis Kaub","author":"Willi","date":"02.11.2021","format":false,"excerpt":"Heute Morgen bin ich im Dunklen mit dem Zug nach Bingen gefahren. Im ersten Morgenlicht verlasse ich den Bahnhof in Richtung F\u00e4hre nach R\u00fcdesheim. R\u00fcdesheim erreiche ich gegen 07\u00b3\u2070 Uhr. Obligatorisch laufe ich die v\u00f6llig leere Drosselgasse hinauf und dann \u00fcber Wingertswege hinauf in Richtung Niederwalddenkmal. Oben angekommen sehe ich\u2026","rel":"","context":"In &quot;Touren&quot;","block_context":{"text":"Touren","link":"https:\/\/willi-junker.de\/dachs\/?cat=3"},"img":{"alt_text":"","src":"https:\/\/i0.wp.com\/willi-junker.de\/dachs\/wp-content\/uploads\/2021\/11\/img_20211102_083350_1624050857507768282-scaled.jpg?resize=350%2C200&ssl=1","width":350,"height":200,"srcset":"https:\/\/i0.wp.com\/willi-junker.de\/dachs\/wp-content\/uploads\/2021\/11\/img_20211102_083350_1624050857507768282-scaled.jpg?resize=350%2C200&ssl=1 1x, https:\/\/i0.wp.com\/willi-junker.de\/dachs\/wp-content\/uploads\/2021\/11\/img_20211102_083350_1624050857507768282-scaled.jpg?resize=525%2C300&ssl=1 1.5x, https:\/\/i0.wp.com\/willi-junker.de\/dachs\/wp-content\/uploads\/2021\/11\/img_20211102_083350_1624050857507768282-scaled.jpg?resize=700%2C400&ssl=1 2x, https:\/\/i0.wp.com\/willi-junker.de\/dachs\/wp-content\/uploads\/2021\/11\/img_20211102_083350_1624050857507768282-scaled.jpg?resize=1050%2C600&ssl=1 3x, https:\/\/i0.wp.com\/willi-junker.de\/dachs\/wp-content\/uploads\/2021\/11\/img_20211102_083350_1624050857507768282-scaled.jpg?resize=1400%2C800&ssl=1 4x"},"classes":[]},{"id":4192,"url":"https:\/\/willi-junker.de\/dachs\/?p=4192","url_meta":{"origin":1298,"position":4},"title":"Tag 9 &#8211; Ein etwas verungl\u00fcckter Ruhetag","author":"Willi","date":"26.07.2017","format":false,"excerpt":"Nach der langen Tour gestern gehe ich es heute sehr ruhig an. Gegen halb zehn laufe ich in Richtung Bus und fahre hinab nach St. Ulrich. Von dort geht es dann zur Standseilbahn Rasch\u00f6tz. Beim Hinauflaufen wundere ich mich \u00fcber die mir entgegenkommenden Gruppen. F\u00fcr abends w\u00e4re das normal aber\u2026","rel":"","context":"In &quot;Touren&quot;","block_context":{"text":"Touren","link":"https:\/\/willi-junker.de\/dachs\/?cat=3"},"img":{"alt_text":"","src":"https:\/\/i0.wp.com\/willi-junker.de\/dachs\/wp-content\/uploads\/2017\/07\/wp-image-1614477091.jpg?resize=350%2C200","width":350,"height":200,"srcset":"https:\/\/i0.wp.com\/willi-junker.de\/dachs\/wp-content\/uploads\/2017\/07\/wp-image-1614477091.jpg?resize=350%2C200 1x, https:\/\/i0.wp.com\/willi-junker.de\/dachs\/wp-content\/uploads\/2017\/07\/wp-image-1614477091.jpg?resize=525%2C300 1.5x, https:\/\/i0.wp.com\/willi-junker.de\/dachs\/wp-content\/uploads\/2017\/07\/wp-image-1614477091.jpg?resize=700%2C400 2x, https:\/\/i0.wp.com\/willi-junker.de\/dachs\/wp-content\/uploads\/2017\/07\/wp-image-1614477091.jpg?resize=1050%2C600 3x, https:\/\/i0.wp.com\/willi-junker.de\/dachs\/wp-content\/uploads\/2017\/07\/wp-image-1614477091.jpg?resize=1400%2C800 4x"},"classes":[]},{"id":4153,"url":"https:\/\/willi-junker.de\/dachs\/?p=4153","url_meta":{"origin":1298,"position":5},"title":"Tag 8 &#8211; Umrundung Langkofelstock","author":"Willi","date":"25.07.2017","format":false,"excerpt":"Heute gibt es um 07:15 Uhr Fr\u00fchst\u00fcck. Abmarsch ist um 08:10 Uhr. Um 08:26 Uhr steigen wir in den total \u00fcberf\u00fcllten Bus zum Sellapass. Beinahe waren auch nur 50% von uns in den Bus gekommen. Es ist saukalt, aber sonnig. Der Rest der Familie f\u00e4hrt vom Sella-Joch mit dem Lift\u2026","rel":"","context":"In &quot;Touren&quot;","block_context":{"text":"Touren","link":"https:\/\/willi-junker.de\/dachs\/?cat=3"},"img":{"alt_text":"","src":"https:\/\/i0.wp.com\/willi-junker.de\/dachs\/wp-content\/uploads\/2017\/07\/wp-image-1084737681.jpg?resize=350%2C200","width":350,"height":200,"srcset":"https:\/\/i0.wp.com\/willi-junker.de\/dachs\/wp-content\/uploads\/2017\/07\/wp-image-1084737681.jpg?resize=350%2C200 1x, https:\/\/i0.wp.com\/willi-junker.de\/dachs\/wp-content\/uploads\/2017\/07\/wp-image-1084737681.jpg?resize=525%2C300 1.5x, https:\/\/i0.wp.com\/willi-junker.de\/dachs\/wp-content\/uploads\/2017\/07\/wp-image-1084737681.jpg?resize=700%2C400 2x, https:\/\/i0.wp.com\/willi-junker.de\/dachs\/wp-content\/uploads\/2017\/07\/wp-image-1084737681.jpg?resize=1050%2C600 3x, https:\/\/i0.wp.com\/willi-junker.de\/dachs\/wp-content\/uploads\/2017\/07\/wp-image-1084737681.jpg?resize=1400%2C800 4x"},"classes":[]}],"_links":{"self":[{"href":"https:\/\/willi-junker.de\/dachs\/index.php?rest_route=\/wp\/v2\/posts\/1298","targetHints":{"allow":["GET"]}}],"collection":[{"href":"https:\/\/willi-junker.de\/dachs\/index.php?rest_route=\/wp\/v2\/posts"}],"about":[{"href":"https:\/\/willi-junker.de\/dachs\/index.php?rest_route=\/wp\/v2\/types\/post"}],"author":[{"embeddable":true,"href":"https:\/\/willi-junker.de\/dachs\/index.php?rest_route=\/wp\/v2\/users\/1"}],"replies":[{"embeddable":true,"href":"https:\/\/willi-junker.de\/dachs\/index.php?rest_route=%2Fwp%2Fv2%2Fcomments&post=1298"}],"version-history":[{"count":0,"href":"https:\/\/willi-junker.de\/dachs\/index.php?rest_route=\/wp\/v2\/posts\/1298\/revisions"}],"wp:attachment":[{"href":"https:\/\/willi-junker.de\/dachs\/index.php?rest_route=%2Fwp%2Fv2%2Fmedia&parent=1298"}],"wp:term":[{"taxonomy":"category","embeddable":true,"href":"https:\/\/willi-junker.de\/dachs\/index.php?rest_route=%2Fwp%2Fv2%2Fcategories&post=1298"},{"taxonomy":"post_tag","embeddable":true,"href":"https:\/\/willi-junker.de\/dachs\/index.php?rest_route=%2Fwp%2Fv2%2Ftags&post=1298"}],"curies":[{"name":"wp","href":"https:\/\/api.w.org\/{rel}","templated":true}]}}