{"id":1291,"date":"2013-07-18T16:36:42","date_gmt":"2013-07-18T14:36:42","guid":{"rendered":"http:\/\/willi-junker.de\/dachs\/?p=1291"},"modified":"2013-07-18T16:36:42","modified_gmt":"2013-07-18T14:36:42","slug":"st-jakob-im-defereggen-geschummelt","status":"publish","type":"post","link":"https:\/\/willi-junker.de\/dachs\/?p=1291","title":{"rendered":"St. Jakob im Defereggen &#8211; geschummelt"},"content":{"rendered":"<p>Kurz nach sechs in der Fr\u00fch werden die Arbeiter munter, ich auch. Schon kurz vor sieben sitze ich beim Fr\u00fchst\u00fcck. Die 4 Bayern verhalten sich noch ruhig.<\/p>\n<p>Um acht Uhr stehe ich Abmarschbereit vor der H\u00fctte. Es hat kr\u00e4ftig geregnet und der Gebirgsbach ist noch wilder und schmutziger. <\/p>\n<p>Nach 15 Minuten sehe ich schon das erste Problem, das mich erwartet h\u00e4tte auf dem Weg hinauf zur neuen Reichenberger H\u00fctte. Da ist keine Br\u00fccke mehr. Das \u00dcberqueren des rei\u00dfenden Bachs ist unm\u00f6glich. Hoffentlich kommt niemand diesen Weg herunter.<\/p>\n<p>Also steige ich nun 500 H\u00f6henmeter ab, zuerst auf schmalen Steig, sp\u00e4ter auf etwas breiterem Weg. Der Wanderweg f\u00fchrt geradewegs in die Umbalf\u00e4lle und unmittelbar nach dem Ausstieg steht man vor der Prebell- und Islitzer Alm. Ich bin wieder online und kann nach 2 Tagen wieder ein Lebenszeichen von mir geben.<\/p>\n<p>Ich kehre kurz auf der Islitzer Alm ein und frage nach dem n\u00e4chsten Bushalt. Ich habe heute keine Lust mehr f\u00fcr einen 1100m Aufstieg, um wieder auf fast unbegangenem Weg in 2600 Metern im Schnee zu stecken. Die Schuhe sind noch vom Vortag nass.<\/p>\n<p>Also laufe ich das Tal weiter abw\u00e4rts bis nach Hinterbichl, steige dort in den Bus um \u00fcber Matrei und Huben nach St. Jakob im Defereggental zu kommen.<\/p>\n<p>Dort bin ich kurz nach 13 Uhr und w\u00e4hrend ich meine W\u00e4sche (wahr ziemlich notwendig) wasche beginnt es zu donnern. Da hab ich wohl Gl\u00fcck gehabt. Das h\u00e4tte mich oben in den Bergen getroffen und zu einer weiteren H\u00fctten\u00fcbernachtung gef\u00fchrt.<\/p>\n<p>So bin ich heute mal Tourist und sehe mir den Ort an, speziell Orte mit Zapfhahn.<\/p>\n","protected":false},"excerpt":{"rendered":"<p>Kurz nach sechs in der Fr\u00fch werden die Arbeiter munter, ich auch. Schon kurz vor sieben sitze ich beim Fr\u00fchst\u00fcck. Die 4 Bayern verhalten sich noch ruhig. Um acht Uhr stehe ich Abmarschbereit vor der H\u00fctte. Es hat kr\u00e4ftig geregnet &hellip; <a href=\"https:\/\/willi-junker.de\/dachs\/?p=1291\">Weiterlesen <span class=\"meta-nav\">&rarr;<\/span><\/a><\/p>\n","protected":false},"author":1,"featured_media":0,"comment_status":"open","ping_status":"open","sticky":false,"template":"","format":"standard","meta":{"_crdt_document":"","jetpack_post_was_ever_published":false,"_jetpack_newsletter_access":"","_jetpack_dont_email_post_to_subs":false,"_jetpack_newsletter_tier_id":0,"_jetpack_memberships_contains_paywalled_content":false,"_jetpack_memberships_contains_paid_content":false,"footnotes":"","jetpack_publicize_message":"","jetpack_publicize_feature_enabled":true,"jetpack_social_post_already_shared":false,"jetpack_social_options":{"image_generator_settings":{"template":"highway","default_image_id":0,"font":"","enabled":false},"version":2}},"categories":[3],"tags":[],"class_list":["post-1291","post","type-post","status-publish","format-standard","hentry","category-touren"],"jetpack_publicize_connections":[],"jetpack_featured_media_url":"","jetpack_sharing_enabled":true,"jetpack_shortlink":"https:\/\/wp.me\/p73o9s-kP","jetpack-related-posts":[{"id":4070,"url":"https:\/\/willi-junker.de\/dachs\/?p=4070","url_meta":{"origin":1291,"position":0},"title":"H\u00fcttenwanderung &#8211; Tag 4","author":"Willi","date":"21.07.2017","format":false,"excerpt":"Auch heute bin ich wieder vor sechs Uhr munter und treibe mich ab halb sieben vor der H\u00fctte rum. Es ist sonnig und es sieht nach einem sch\u00f6nen Tag aus. Das Alpengl\u00fchen hat heute leider wieder nicht stattgefunden. Um sieben sitze ich am Fr\u00fchst\u00fcckstisch und um acht bin ich auf\u2026","rel":"","context":"In &quot;Touren&quot;","block_context":{"text":"Touren","link":"https:\/\/willi-junker.de\/dachs\/?cat=3"},"img":{"alt_text":"","src":"https:\/\/i0.wp.com\/willi-junker.de\/dachs\/wp-content\/uploads\/2017\/07\/wp-image-833505761.jpg?resize=350%2C200","width":350,"height":200,"srcset":"https:\/\/i0.wp.com\/willi-junker.de\/dachs\/wp-content\/uploads\/2017\/07\/wp-image-833505761.jpg?resize=350%2C200 1x, https:\/\/i0.wp.com\/willi-junker.de\/dachs\/wp-content\/uploads\/2017\/07\/wp-image-833505761.jpg?resize=525%2C300 1.5x, https:\/\/i0.wp.com\/willi-junker.de\/dachs\/wp-content\/uploads\/2017\/07\/wp-image-833505761.jpg?resize=700%2C400 2x, https:\/\/i0.wp.com\/willi-junker.de\/dachs\/wp-content\/uploads\/2017\/07\/wp-image-833505761.jpg?resize=1050%2C600 3x, https:\/\/i0.wp.com\/willi-junker.de\/dachs\/wp-content\/uploads\/2017\/07\/wp-image-833505761.jpg?resize=1400%2C800 4x"},"classes":[]},{"id":4105,"url":"https:\/\/willi-junker.de\/dachs\/?p=4105","url_meta":{"origin":1291,"position":1},"title":"H\u00fcttenwanderung &#8211; Tag 5","author":"Willi","date":"22.07.2017","format":false,"excerpt":"In der Nacht gewittert es noch mehrfach. Besonders heftig ist es gegen vier Uhr. Wie jeden Tag bin ich auch heute um sechs Uhr munter und um halb sieben drehe ich bei leichtem Regen eine Runde um die H\u00fctte. Ich bin mir nicht sicher, ob ich direkt nach dem Fr\u00fchst\u00fcck\u2026","rel":"","context":"In &quot;Touren&quot;","block_context":{"text":"Touren","link":"https:\/\/willi-junker.de\/dachs\/?cat=3"},"img":{"alt_text":"","src":"https:\/\/i0.wp.com\/willi-junker.de\/dachs\/wp-content\/uploads\/2017\/07\/wp-image-2136841590.jpg?resize=350%2C200","width":350,"height":200,"srcset":"https:\/\/i0.wp.com\/willi-junker.de\/dachs\/wp-content\/uploads\/2017\/07\/wp-image-2136841590.jpg?resize=350%2C200 1x, https:\/\/i0.wp.com\/willi-junker.de\/dachs\/wp-content\/uploads\/2017\/07\/wp-image-2136841590.jpg?resize=525%2C300 1.5x, https:\/\/i0.wp.com\/willi-junker.de\/dachs\/wp-content\/uploads\/2017\/07\/wp-image-2136841590.jpg?resize=700%2C400 2x, https:\/\/i0.wp.com\/willi-junker.de\/dachs\/wp-content\/uploads\/2017\/07\/wp-image-2136841590.jpg?resize=1050%2C600 3x, https:\/\/i0.wp.com\/willi-junker.de\/dachs\/wp-content\/uploads\/2017\/07\/wp-image-2136841590.jpg?resize=1400%2C800 4x"},"classes":[]},{"id":4192,"url":"https:\/\/willi-junker.de\/dachs\/?p=4192","url_meta":{"origin":1291,"position":2},"title":"Tag 9 &#8211; Ein etwas verungl\u00fcckter Ruhetag","author":"Willi","date":"26.07.2017","format":false,"excerpt":"Nach der langen Tour gestern gehe ich es heute sehr ruhig an. Gegen halb zehn laufe ich in Richtung Bus und fahre hinab nach St. Ulrich. Von dort geht es dann zur Standseilbahn Rasch\u00f6tz. Beim Hinauflaufen wundere ich mich \u00fcber die mir entgegenkommenden Gruppen. F\u00fcr abends w\u00e4re das normal aber\u2026","rel":"","context":"In &quot;Touren&quot;","block_context":{"text":"Touren","link":"https:\/\/willi-junker.de\/dachs\/?cat=3"},"img":{"alt_text":"","src":"https:\/\/i0.wp.com\/willi-junker.de\/dachs\/wp-content\/uploads\/2017\/07\/wp-image-1614477091.jpg?resize=350%2C200","width":350,"height":200,"srcset":"https:\/\/i0.wp.com\/willi-junker.de\/dachs\/wp-content\/uploads\/2017\/07\/wp-image-1614477091.jpg?resize=350%2C200 1x, https:\/\/i0.wp.com\/willi-junker.de\/dachs\/wp-content\/uploads\/2017\/07\/wp-image-1614477091.jpg?resize=525%2C300 1.5x, https:\/\/i0.wp.com\/willi-junker.de\/dachs\/wp-content\/uploads\/2017\/07\/wp-image-1614477091.jpg?resize=700%2C400 2x, https:\/\/i0.wp.com\/willi-junker.de\/dachs\/wp-content\/uploads\/2017\/07\/wp-image-1614477091.jpg?resize=1050%2C600 3x, https:\/\/i0.wp.com\/willi-junker.de\/dachs\/wp-content\/uploads\/2017\/07\/wp-image-1614477091.jpg?resize=1400%2C800 4x"},"classes":[]},{"id":4126,"url":"https:\/\/willi-junker.de\/dachs\/?p=4126","url_meta":{"origin":1291,"position":3},"title":"Tag 7 &#8211; Eigentlich ein Regentag","author":"Willi","date":"24.07.2017","format":false,"excerpt":"Der Wetterbericht ist wirklich richtig mies. Die ganze Nacht regnet es und es waren einige Gewitter in der Front die uns \u00fcberquert hat. Wir wollten eigentlich um 8:15 Uhr mit dem Bus hoch zum Sellapass. Das hat sich erledigt. Also mit aller Ruhe Fr\u00fchst\u00fccken und dann mal weiter sehen. Die\u2026","rel":"","context":"In &quot;Touren&quot;","block_context":{"text":"Touren","link":"https:\/\/willi-junker.de\/dachs\/?cat=3"},"img":{"alt_text":"","src":"https:\/\/i0.wp.com\/willi-junker.de\/dachs\/wp-content\/uploads\/2017\/07\/wp-image-1346271640.jpg?resize=350%2C200","width":350,"height":200,"srcset":"https:\/\/i0.wp.com\/willi-junker.de\/dachs\/wp-content\/uploads\/2017\/07\/wp-image-1346271640.jpg?resize=350%2C200 1x, https:\/\/i0.wp.com\/willi-junker.de\/dachs\/wp-content\/uploads\/2017\/07\/wp-image-1346271640.jpg?resize=525%2C300 1.5x, https:\/\/i0.wp.com\/willi-junker.de\/dachs\/wp-content\/uploads\/2017\/07\/wp-image-1346271640.jpg?resize=700%2C400 2x, https:\/\/i0.wp.com\/willi-junker.de\/dachs\/wp-content\/uploads\/2017\/07\/wp-image-1346271640.jpg?resize=1050%2C600 3x, https:\/\/i0.wp.com\/willi-junker.de\/dachs\/wp-content\/uploads\/2017\/07\/wp-image-1346271640.jpg?resize=1400%2C800 4x"},"classes":[]},{"id":4026,"url":"https:\/\/willi-junker.de\/dachs\/?p=4026","url_meta":{"origin":1291,"position":4},"title":"H\u00fcttenwanderung &#8211; Tag 2","author":"Willi","date":"19.07.2017","format":false,"excerpt":"Um 05:30 Uhr bin ich munter. Ich hab heute Nacht nichts geh\u00f6rt. Nur ein fieser Wadenkrampf hat mich 15 Minuten Schlaf gekostet. Um kurz nach sieben Uhr guckt die Fa. Elikos am Fenster des Gastraums herein. Das ist schon verdammt nah. Aber ebene Fl\u00e4chen gibt es hier kaum und irgendwo\u2026","rel":"","context":"In &quot;Touren&quot;","block_context":{"text":"Touren","link":"https:\/\/willi-junker.de\/dachs\/?cat=3"},"img":{"alt_text":"","src":"https:\/\/i0.wp.com\/willi-junker.de\/dachs\/wp-content\/uploads\/2017\/07\/wp-image-405110363.jpg?resize=350%2C200","width":350,"height":200,"srcset":"https:\/\/i0.wp.com\/willi-junker.de\/dachs\/wp-content\/uploads\/2017\/07\/wp-image-405110363.jpg?resize=350%2C200 1x, https:\/\/i0.wp.com\/willi-junker.de\/dachs\/wp-content\/uploads\/2017\/07\/wp-image-405110363.jpg?resize=525%2C300 1.5x, https:\/\/i0.wp.com\/willi-junker.de\/dachs\/wp-content\/uploads\/2017\/07\/wp-image-405110363.jpg?resize=700%2C400 2x, https:\/\/i0.wp.com\/willi-junker.de\/dachs\/wp-content\/uploads\/2017\/07\/wp-image-405110363.jpg?resize=1050%2C600 3x, https:\/\/i0.wp.com\/willi-junker.de\/dachs\/wp-content\/uploads\/2017\/07\/wp-image-405110363.jpg?resize=1400%2C800 4x"},"classes":[]},{"id":4234,"url":"https:\/\/willi-junker.de\/dachs\/?p=4234","url_meta":{"origin":1291,"position":5},"title":"Tag 11 &#8211; Von Alta Badia nach Gr\u00f6den\u00a0","author":"Willi","date":"28.07.2017","format":false,"excerpt":"In den letzten Jahren habe ich schon drei Wege \u00fcber die Gherdenacia Hochfl\u00e4chen zur\u00fcck nach Gr\u00f6den ausprobiert. Jetzt fehlt mir eigentlich noch die Umrundung. Wobei das sich eigentlich leicht anh\u00f6rt. Es liegt halt nur das Puez-Joch im Weg. Von Norden kommend ist dies die einzige Schwachstelle in der massiven Felswand.\u2026","rel":"","context":"In &quot;Touren&quot;","block_context":{"text":"Touren","link":"https:\/\/willi-junker.de\/dachs\/?cat=3"},"img":{"alt_text":"","src":"https:\/\/i0.wp.com\/willi-junker.de\/dachs\/wp-content\/uploads\/2017\/07\/wp-image-655924760.jpg?resize=350%2C200","width":350,"height":200,"srcset":"https:\/\/i0.wp.com\/willi-junker.de\/dachs\/wp-content\/uploads\/2017\/07\/wp-image-655924760.jpg?resize=350%2C200 1x, https:\/\/i0.wp.com\/willi-junker.de\/dachs\/wp-content\/uploads\/2017\/07\/wp-image-655924760.jpg?resize=525%2C300 1.5x, https:\/\/i0.wp.com\/willi-junker.de\/dachs\/wp-content\/uploads\/2017\/07\/wp-image-655924760.jpg?resize=700%2C400 2x, https:\/\/i0.wp.com\/willi-junker.de\/dachs\/wp-content\/uploads\/2017\/07\/wp-image-655924760.jpg?resize=1050%2C600 3x, https:\/\/i0.wp.com\/willi-junker.de\/dachs\/wp-content\/uploads\/2017\/07\/wp-image-655924760.jpg?resize=1400%2C800 4x"},"classes":[]}],"_links":{"self":[{"href":"https:\/\/willi-junker.de\/dachs\/index.php?rest_route=\/wp\/v2\/posts\/1291","targetHints":{"allow":["GET"]}}],"collection":[{"href":"https:\/\/willi-junker.de\/dachs\/index.php?rest_route=\/wp\/v2\/posts"}],"about":[{"href":"https:\/\/willi-junker.de\/dachs\/index.php?rest_route=\/wp\/v2\/types\/post"}],"author":[{"embeddable":true,"href":"https:\/\/willi-junker.de\/dachs\/index.php?rest_route=\/wp\/v2\/users\/1"}],"replies":[{"embeddable":true,"href":"https:\/\/willi-junker.de\/dachs\/index.php?rest_route=%2Fwp%2Fv2%2Fcomments&post=1291"}],"version-history":[{"count":0,"href":"https:\/\/willi-junker.de\/dachs\/index.php?rest_route=\/wp\/v2\/posts\/1291\/revisions"}],"wp:attachment":[{"href":"https:\/\/willi-junker.de\/dachs\/index.php?rest_route=%2Fwp%2Fv2%2Fmedia&parent=1291"}],"wp:term":[{"taxonomy":"category","embeddable":true,"href":"https:\/\/willi-junker.de\/dachs\/index.php?rest_route=%2Fwp%2Fv2%2Fcategories&post=1291"},{"taxonomy":"post_tag","embeddable":true,"href":"https:\/\/willi-junker.de\/dachs\/index.php?rest_route=%2Fwp%2Fv2%2Ftags&post=1291"}],"curies":[{"name":"wp","href":"https:\/\/api.w.org\/{rel}","templated":true}]}}