{"id":1290,"date":"2013-07-18T14:13:29","date_gmt":"2013-07-18T12:13:29","guid":{"rendered":"http:\/\/willi-junker.de\/dachs\/?p=1290"},"modified":"2013-07-18T14:13:29","modified_gmt":"2013-07-18T12:13:29","slug":"clarahutte-erschwerte-bedingungen","status":"publish","type":"post","link":"https:\/\/willi-junker.de\/dachs\/?p=1290","title":{"rendered":"Clarah\u00fctte &#8211; erschwerte Bedingungen"},"content":{"rendered":"<p>Nach einer ruhigen Nacht auf der Lenkj\u00f6chlh\u00fctte starte ich um kurz nach 8 Uhr. Ich versichere mich nochmals beim H\u00fcttenwirt, wie der genaue Wegverlauf ist. Vor lauter Schnee sind kaum Markierungen zu sehen. Der Aufstieg erfolgt zu mehr als die H\u00e4lfte \u00fcber Schnee und Eis, gef\u00fchlte 100 Prozent. Bl\u00f6d an der Sache sind die unterschiedlichen Verh\u00e4ltnisse. Mal tiefer Sulz, mal Eis.<\/p>\n<p>Noch zwei weitere Wanderer folgen mir, Sie besteigen den Ahrner Kopf, steigen daher kurz vor der Schl\u00fcsselstelle nach links raus.<\/p>\n<p>F\u00fcr die letzte Querung, zum vorderen Umbalt\u00f6rl, ben\u00f6tige ich ca. 1 Stunde, ohne Schnee w\u00fcrde dies 3 Minuten dauern. Etwas geschafft und <font color =\"#000000\">pitsch<\/font>nass sitze ich um 11:30 Uhr in der Scharte.<\/p>\n<p>Der Abstieg hat auch so einige Herausforderungen zu bieten. Ich sitze nun auf 2.926m. Trotz Alpens\u00fcdseite gibt es Schneereste bis unter 2.000m. Es sind gro\u00dfe Schneefelder zu queren und zwei B\u00e4che m\u00fcssen irgendwie \u00fcberquert werden. Da die Schuhe sowieso voll Wasser stehen, tut ein bisschen mehr Wasser auch nicht mehr schaden.<\/p>\n<p>Nach gut 6 Stunden erreiche ich die schwer besch\u00e4digte Clarah\u00fctte. Gut 200 Hubschrauber haben neues Baumaterial herbei geschafft. Eine Lawine liegt keine 50 Meter entfernt.<\/p>\n<p>Hier bleibe ich f\u00fcr eine Nacht. Das n\u00e4chste Problem steht schon vor der T\u00fcr. Das Tal hinauf zur neuen Reicheberger H\u00fctte ist wegen Unbegehbarkeit gesperrt. Ich darf daher 500 Meter mehr absteigen bis zur Prebellalm und dann von 1500m auf 2600m zur H\u00fctte aufsteigen und danach hinab nach St. Jakob im Defereggental absteigen. Hier ist dann mal gro\u00dfe W\u00e4sche angesagt und nach 3 Tagen sollte mein Handy auch mal wieder Empfang haben. Hier auf der Clarah\u00fctte gibt es nur Satellitentelefon und gestern auf der Lenkj\u00f6chlh\u00fctte gibt es nur stundenweise Telefon, wenn denn mal die Funkverbindungen gut sind.<\/p>\n<p><a href=\"https:\/\/i0.wp.com\/willi-junker.de\/dachs\/wp-content\/uploads\/2013\/07\/wpid-IMAG02238.jpg?ssl=1\"><img data-recalc-dims=\"1\" decoding=\"async\" title=\"IMAG0223.jpg\" class=\"alignnone size-full\" alt=\"image\" src=\"https:\/\/i0.wp.com\/willi-junker.de\/dachs\/wp-content\/uploads\/2013\/07\/wpid-IMAG02237.jpg?w=640&#038;ssl=1\" \/><\/a><\/p>\n<p>Am Umbalt\u00f6rl<\/p>\n<p><a href=\"https:\/\/i0.wp.com\/willi-junker.de\/dachs\/wp-content\/uploads\/2013\/07\/wpid-IMAG02259.jpg?ssl=1\"><img data-recalc-dims=\"1\" decoding=\"async\" title=\"IMAG0225.jpg\" class=\"alignnone size-full\" alt=\"image\" src=\"https:\/\/i0.wp.com\/willi-junker.de\/dachs\/wp-content\/uploads\/2013\/07\/wpid-IMAG02258.jpg?w=640&#038;ssl=1\" \/><\/a><\/p>\n<p>Blick zur\u00fcck von der Clarah\u00fctte<\/p>\n<p><a href=\"https:\/\/i0.wp.com\/willi-junker.de\/dachs\/wp-content\/uploads\/2013\/07\/wpid-IMAG02269.jpg?ssl=1\"><img data-recalc-dims=\"1\" decoding=\"async\" title=\"IMAG0226.jpg\" class=\"alignnone size-full\" alt=\"image\" src=\"https:\/\/i0.wp.com\/willi-junker.de\/dachs\/wp-content\/uploads\/2013\/07\/wpid-IMAG02268.jpg?w=640&#038;ssl=1\" \/><\/a><\/p>\n<p>Die einsame Clarah\u00fctte<\/p>\n","protected":false},"excerpt":{"rendered":"<p>Nach einer ruhigen Nacht auf der Lenkj\u00f6chlh\u00fctte starte ich um kurz nach 8 Uhr. Ich versichere mich nochmals beim H\u00fcttenwirt, wie der genaue Wegverlauf ist. Vor lauter Schnee sind kaum Markierungen zu sehen. Der Aufstieg erfolgt zu mehr als die &hellip; <a href=\"https:\/\/willi-junker.de\/dachs\/?p=1290\">Weiterlesen <span class=\"meta-nav\">&rarr;<\/span><\/a><\/p>\n","protected":false},"author":1,"featured_media":0,"comment_status":"open","ping_status":"open","sticky":false,"template":"","format":"standard","meta":{"_crdt_document":"","jetpack_post_was_ever_published":false,"_jetpack_newsletter_access":"","_jetpack_dont_email_post_to_subs":false,"_jetpack_newsletter_tier_id":0,"_jetpack_memberships_contains_paywalled_content":false,"_jetpack_memberships_contains_paid_content":false,"footnotes":"","jetpack_publicize_message":"","jetpack_publicize_feature_enabled":true,"jetpack_social_post_already_shared":false,"jetpack_social_options":{"image_generator_settings":{"template":"highway","default_image_id":0,"font":"","enabled":false},"version":2}},"categories":[3],"tags":[],"class_list":["post-1290","post","type-post","status-publish","format-standard","hentry","category-touren"],"jetpack_publicize_connections":[],"jetpack_featured_media_url":"","jetpack_sharing_enabled":true,"jetpack_shortlink":"https:\/\/wp.me\/p73o9s-kO","jetpack-related-posts":[{"id":1291,"url":"https:\/\/willi-junker.de\/dachs\/?p=1291","url_meta":{"origin":1290,"position":0},"title":"St. Jakob im Defereggen &#8211; geschummelt","author":"Willi","date":"18.07.2013","format":false,"excerpt":"Kurz nach sechs in der Fr\u00fch werden die Arbeiter munter, ich auch. Schon kurz vor sieben sitze ich beim Fr\u00fchst\u00fcck. Die 4 Bayern verhalten sich noch ruhig. Um acht Uhr stehe ich Abmarschbereit vor der H\u00fctte. Es hat kr\u00e4ftig geregnet und der Gebirgsbach ist noch wilder und schmutziger. Nach 15\u2026","rel":"","context":"In &quot;Touren&quot;","block_context":{"text":"Touren","link":"https:\/\/willi-junker.de\/dachs\/?cat=3"},"img":{"alt_text":"","src":"","width":0,"height":0},"classes":[]},{"id":174,"url":"https:\/\/willi-junker.de\/dachs\/?p=174","url_meta":{"origin":1290,"position":1},"title":"Skiwanderung Hochwald-Idarwald am 29.01.2011","author":"Willi","date":"29.01.2011","format":false,"excerpt":"Der Tag beginnt um 06.00 Uhr. Kurz nach 07.30 Uhr verlasse ich das Haus und um 08:30 Uhr stehe ich am kleinen Parkplatz zwischen Hochscheid und Stipshausen. Erst in der Kammlage liegt gerade gen\u00fcgend Schnee zum Skilanglauf. Hier beginnt die \"Graue Kreuz Loipe\" Die Loipe ist nicht pr\u00e4pariert und so\u2026","rel":"","context":"In &quot;Touren&quot;","block_context":{"text":"Touren","link":"https:\/\/willi-junker.de\/dachs\/?cat=3"},"img":{"alt_text":"kurze Pause","src":"https:\/\/i0.wp.com\/willi-junker.de\/dachs\/wp-content\/uploads\/2011\/01\/1.jpg?resize=350%2C200","width":350,"height":200,"srcset":"https:\/\/i0.wp.com\/willi-junker.de\/dachs\/wp-content\/uploads\/2011\/01\/1.jpg?resize=350%2C200 1x, https:\/\/i0.wp.com\/willi-junker.de\/dachs\/wp-content\/uploads\/2011\/01\/1.jpg?resize=525%2C300 1.5x"},"classes":[]},{"id":1260,"url":"https:\/\/willi-junker.de\/dachs\/?p=1260","url_meta":{"origin":1290,"position":2},"title":"Lenkj\u00f6chlh\u00fctte 2.603m &#8211; Hier wollte ich schon lange mal hin.","author":"Willi","date":"16.07.2013","format":false,"excerpt":"Diese H\u00fctte kurz vor Osttirol auf einem Sattel zwischen dem R\u00f6t- und dem Windtal gelegen, steht sehr exponiert und einsam. Die beiden s\u00fcdtiroler Anstiege haben jeweils 1.000 H\u00f6henmeter. Um kurz nach 9:00 Uhr starten wir in Kasern. Eine gute halbe Stunde k\u00f6nnen wir noch gemeinsam Aufsteigen, dann trennen sich unsere\u2026","rel":"","context":"In &quot;Touren&quot;","block_context":{"text":"Touren","link":"https:\/\/willi-junker.de\/dachs\/?cat=3"},"img":{"alt_text":"","src":"","width":0,"height":0},"classes":[]},{"id":4126,"url":"https:\/\/willi-junker.de\/dachs\/?p=4126","url_meta":{"origin":1290,"position":3},"title":"Tag 7 &#8211; Eigentlich ein Regentag","author":"Willi","date":"24.07.2017","format":false,"excerpt":"Der Wetterbericht ist wirklich richtig mies. Die ganze Nacht regnet es und es waren einige Gewitter in der Front die uns \u00fcberquert hat. Wir wollten eigentlich um 8:15 Uhr mit dem Bus hoch zum Sellapass. Das hat sich erledigt. Also mit aller Ruhe Fr\u00fchst\u00fccken und dann mal weiter sehen. Die\u2026","rel":"","context":"In &quot;Touren&quot;","block_context":{"text":"Touren","link":"https:\/\/willi-junker.de\/dachs\/?cat=3"},"img":{"alt_text":"","src":"https:\/\/i0.wp.com\/willi-junker.de\/dachs\/wp-content\/uploads\/2017\/07\/wp-image-1346271640.jpg?resize=350%2C200","width":350,"height":200,"srcset":"https:\/\/i0.wp.com\/willi-junker.de\/dachs\/wp-content\/uploads\/2017\/07\/wp-image-1346271640.jpg?resize=350%2C200 1x, https:\/\/i0.wp.com\/willi-junker.de\/dachs\/wp-content\/uploads\/2017\/07\/wp-image-1346271640.jpg?resize=525%2C300 1.5x, https:\/\/i0.wp.com\/willi-junker.de\/dachs\/wp-content\/uploads\/2017\/07\/wp-image-1346271640.jpg?resize=700%2C400 2x, https:\/\/i0.wp.com\/willi-junker.de\/dachs\/wp-content\/uploads\/2017\/07\/wp-image-1346271640.jpg?resize=1050%2C600 3x, https:\/\/i0.wp.com\/willi-junker.de\/dachs\/wp-content\/uploads\/2017\/07\/wp-image-1346271640.jpg?resize=1400%2C800 4x"},"classes":[]},{"id":4013,"url":"https:\/\/willi-junker.de\/dachs\/?p=4013","url_meta":{"origin":1290,"position":4},"title":"H\u00fcttenwanderung Tag 1","author":"Willi","date":"18.07.2017","format":false,"excerpt":"Nach einer ruhigen Nacht auf dem Hahntennjoch bin ich heute Morgen um f\u00fcnf Uhr in Wolkenstein angekommen. Nach ein paar herrlichen Sonnenaufgangsfotos habe ich noch eine Stunde auf dem Parkplatz der Dantercepi\u00ebs geschlafen. Um sieben Uhr ging es dann in die Morene und nach dem Verstauen meines Autos gab es\u2026","rel":"","context":"In &quot;Touren&quot;","block_context":{"text":"Touren","link":"https:\/\/willi-junker.de\/dachs\/?cat=3"},"img":{"alt_text":"","src":"https:\/\/i0.wp.com\/willi-junker.de\/dachs\/wp-content\/uploads\/2017\/07\/wp-image-534442104.jpg?resize=350%2C200","width":350,"height":200,"srcset":"https:\/\/i0.wp.com\/willi-junker.de\/dachs\/wp-content\/uploads\/2017\/07\/wp-image-534442104.jpg?resize=350%2C200 1x, https:\/\/i0.wp.com\/willi-junker.de\/dachs\/wp-content\/uploads\/2017\/07\/wp-image-534442104.jpg?resize=525%2C300 1.5x, https:\/\/i0.wp.com\/willi-junker.de\/dachs\/wp-content\/uploads\/2017\/07\/wp-image-534442104.jpg?resize=700%2C400 2x, https:\/\/i0.wp.com\/willi-junker.de\/dachs\/wp-content\/uploads\/2017\/07\/wp-image-534442104.jpg?resize=1050%2C600 3x, https:\/\/i0.wp.com\/willi-junker.de\/dachs\/wp-content\/uploads\/2017\/07\/wp-image-534442104.jpg?resize=1400%2C800 4x"},"classes":[]},{"id":4234,"url":"https:\/\/willi-junker.de\/dachs\/?p=4234","url_meta":{"origin":1290,"position":5},"title":"Tag 11 &#8211; Von Alta Badia nach Gr\u00f6den\u00a0","author":"Willi","date":"28.07.2017","format":false,"excerpt":"In den letzten Jahren habe ich schon drei Wege \u00fcber die Gherdenacia Hochfl\u00e4chen zur\u00fcck nach Gr\u00f6den ausprobiert. Jetzt fehlt mir eigentlich noch die Umrundung. Wobei das sich eigentlich leicht anh\u00f6rt. Es liegt halt nur das Puez-Joch im Weg. Von Norden kommend ist dies die einzige Schwachstelle in der massiven Felswand.\u2026","rel":"","context":"In &quot;Touren&quot;","block_context":{"text":"Touren","link":"https:\/\/willi-junker.de\/dachs\/?cat=3"},"img":{"alt_text":"","src":"https:\/\/i0.wp.com\/willi-junker.de\/dachs\/wp-content\/uploads\/2017\/07\/wp-image-655924760.jpg?resize=350%2C200","width":350,"height":200,"srcset":"https:\/\/i0.wp.com\/willi-junker.de\/dachs\/wp-content\/uploads\/2017\/07\/wp-image-655924760.jpg?resize=350%2C200 1x, https:\/\/i0.wp.com\/willi-junker.de\/dachs\/wp-content\/uploads\/2017\/07\/wp-image-655924760.jpg?resize=525%2C300 1.5x, https:\/\/i0.wp.com\/willi-junker.de\/dachs\/wp-content\/uploads\/2017\/07\/wp-image-655924760.jpg?resize=700%2C400 2x, https:\/\/i0.wp.com\/willi-junker.de\/dachs\/wp-content\/uploads\/2017\/07\/wp-image-655924760.jpg?resize=1050%2C600 3x, https:\/\/i0.wp.com\/willi-junker.de\/dachs\/wp-content\/uploads\/2017\/07\/wp-image-655924760.jpg?resize=1400%2C800 4x"},"classes":[]}],"_links":{"self":[{"href":"https:\/\/willi-junker.de\/dachs\/index.php?rest_route=\/wp\/v2\/posts\/1290","targetHints":{"allow":["GET"]}}],"collection":[{"href":"https:\/\/willi-junker.de\/dachs\/index.php?rest_route=\/wp\/v2\/posts"}],"about":[{"href":"https:\/\/willi-junker.de\/dachs\/index.php?rest_route=\/wp\/v2\/types\/post"}],"author":[{"embeddable":true,"href":"https:\/\/willi-junker.de\/dachs\/index.php?rest_route=\/wp\/v2\/users\/1"}],"replies":[{"embeddable":true,"href":"https:\/\/willi-junker.de\/dachs\/index.php?rest_route=%2Fwp%2Fv2%2Fcomments&post=1290"}],"version-history":[{"count":0,"href":"https:\/\/willi-junker.de\/dachs\/index.php?rest_route=\/wp\/v2\/posts\/1290\/revisions"}],"wp:attachment":[{"href":"https:\/\/willi-junker.de\/dachs\/index.php?rest_route=%2Fwp%2Fv2%2Fmedia&parent=1290"}],"wp:term":[{"taxonomy":"category","embeddable":true,"href":"https:\/\/willi-junker.de\/dachs\/index.php?rest_route=%2Fwp%2Fv2%2Fcategories&post=1290"},{"taxonomy":"post_tag","embeddable":true,"href":"https:\/\/willi-junker.de\/dachs\/index.php?rest_route=%2Fwp%2Fv2%2Ftags&post=1290"}],"curies":[{"name":"wp","href":"https:\/\/api.w.org\/{rel}","templated":true}]}}