{"id":1253,"date":"2013-07-15T18:30:00","date_gmt":"2013-07-15T16:30:00","guid":{"rendered":"http:\/\/willi-junker.de\/dachs\/?p=1253"},"modified":"2013-07-18T11:01:30","modified_gmt":"2013-07-18T09:01:30","slug":"kasern-1830-uhr","status":"publish","type":"post","link":"https:\/\/willi-junker.de\/dachs\/?p=1253","title":{"rendered":"Kasern 18:30 Uhr"},"content":{"rendered":"<p>Das hat heute trotz der gro\u00dfen Schneefelder gut funktioniert. Kurz vor Kasern sind wir noch kurz auf der Adleralm eingekehrt. Den Wirt hatte ich am Samstag kennen gelernt. Er hat mir ein paar Tips gegeben.<\/p>\n<p>Um 18:30 Uhr sind wir dann im Berghotel Kasern. Den Zwillingen ist keine M\u00fcdigkeit anzusehen. Sie haben erstmalig aus eigener Kraft den Alpenhauptkamm unter erschwerten Bedingungen gemeistert.<\/p>\n<p><a href=\"https:\/\/i0.wp.com\/willi-junker.de\/dachs\/wp-content\/uploads\/2013\/07\/wpid-IMAG02113.jpg?ssl=1\"><img data-recalc-dims=\"1\" decoding=\"async\" title=\"IMAG0211.jpg\" class=\"alignnone size-full\" alt=\"image\" src=\"https:\/\/i0.wp.com\/willi-junker.de\/dachs\/wp-content\/uploads\/2013\/07\/wpid-IMAG02112.jpg?w=640&#038;ssl=1\" \/><\/a><\/p>\n","protected":false},"excerpt":{"rendered":"<p>Das hat heute trotz der gro\u00dfen Schneefelder gut funktioniert. Kurz vor Kasern sind wir noch kurz auf der Adleralm eingekehrt. Den Wirt hatte ich am Samstag kennen gelernt. Er hat mir ein paar Tips gegeben. Um 18:30 Uhr sind wir &hellip; <a href=\"https:\/\/willi-junker.de\/dachs\/?p=1253\">Weiterlesen <span class=\"meta-nav\">&rarr;<\/span><\/a><\/p>\n","protected":false},"author":1,"featured_media":0,"comment_status":"open","ping_status":"open","sticky":false,"template":"","format":"standard","meta":{"_crdt_document":"","jetpack_post_was_ever_published":false,"_jetpack_newsletter_access":"","_jetpack_dont_email_post_to_subs":false,"_jetpack_newsletter_tier_id":0,"_jetpack_memberships_contains_paywalled_content":false,"_jetpack_memberships_contains_paid_content":false,"footnotes":"","jetpack_publicize_message":"","jetpack_publicize_feature_enabled":true,"jetpack_social_post_already_shared":false,"jetpack_social_options":{"image_generator_settings":{"template":"highway","default_image_id":0,"font":"","enabled":false},"version":2}},"categories":[3],"tags":[],"class_list":["post-1253","post","type-post","status-publish","format-standard","hentry","category-touren"],"jetpack_publicize_connections":[],"jetpack_featured_media_url":"","jetpack_sharing_enabled":true,"jetpack_shortlink":"https:\/\/wp.me\/p73o9s-kd","jetpack-related-posts":[{"id":895,"url":"https:\/\/willi-junker.de\/dachs\/?p=895","url_meta":{"origin":1253,"position":0},"title":"Aufstieg zur Wei\u00dfen Wand","author":"Willi","date":"29.06.2012","format":false,"excerpt":"Diesen Tag hab ich wohl etwas untersch\u00e4tzt. Um 09:30 Uhr verlasse ich Kasern. Letzte Nacht war ich wohl der einzige Deutschlandfan im Gasthof. Das lie\u00df mich Igor, der Chef, beim Abmarsch deutlich sp\u00fcren ;-) Direkt nach Kasern sind erstmals 500 H\u00f6henmeter zu erklimmen, die sehr steil sind. Dann zieht sich\u2026","rel":"","context":"In &quot;Touren&quot;","block_context":{"text":"Touren","link":"https:\/\/willi-junker.de\/dachs\/?cat=3"},"img":{"alt_text":"","src":"","width":0,"height":0},"classes":[]},{"id":1235,"url":"https:\/\/willi-junker.de\/dachs\/?p=1235","url_meta":{"origin":1253,"position":1},"title":"Wolkenstein","author":"Willi","date":"13.07.2013","format":false,"excerpt":"Ich bin gestern Abend um 21:15 Uhr in Laubach losgefahren und heute Morgen p\u00fcnktlich um 8:00 Uhr zum Fr\u00fchst\u00fcck in Wolkenstein eingetroffen. Nach dem Fr\u00fchst\u00fcck ging es dann schnell zum Bus, der um 09:22 Uhr in Richtung Corvara startet. In Corvara ist dann Umsteigen angesagt nach Bruneck. Dort umsteigen in\u2026","rel":"","context":"In &quot;Touren&quot;","block_context":{"text":"Touren","link":"https:\/\/willi-junker.de\/dachs\/?cat=3"},"img":{"alt_text":"","src":"","width":0,"height":0},"classes":[]},{"id":1260,"url":"https:\/\/willi-junker.de\/dachs\/?p=1260","url_meta":{"origin":1253,"position":2},"title":"Lenkj\u00f6chlh\u00fctte 2.603m &#8211; Hier wollte ich schon lange mal hin.","author":"Willi","date":"16.07.2013","format":false,"excerpt":"Diese H\u00fctte kurz vor Osttirol auf einem Sattel zwischen dem R\u00f6t- und dem Windtal gelegen, steht sehr exponiert und einsam. Die beiden s\u00fcdtiroler Anstiege haben jeweils 1.000 H\u00f6henmeter. Um kurz nach 9:00 Uhr starten wir in Kasern. Eine gute halbe Stunde k\u00f6nnen wir noch gemeinsam Aufsteigen, dann trennen sich unsere\u2026","rel":"","context":"In &quot;Touren&quot;","block_context":{"text":"Touren","link":"https:\/\/willi-junker.de\/dachs\/?cat=3"},"img":{"alt_text":"","src":"","width":0,"height":0},"classes":[]},{"id":1364,"url":"https:\/\/willi-junker.de\/dachs\/?p=1364","url_meta":{"origin":1253,"position":3},"title":"Ein ruhiger Abschluss auf der Seceda","author":"Willi","date":"28.07.2013","format":false,"excerpt":"Heute bin ich gehen 9 Uhr mit dem Bus nach St. Ulrich und dann mit der Seilbahn hoch auf die Seceda. Es ist mal wieder einfach nur heiss. Oben bin ich langsam an der Abbruchkante zum Villn\u00f6sstal entlang gelaufen und dann hinab zur Trojer Alm. Dort hab ich dann bei\u2026","rel":"","context":"In &quot;Touren&quot;","block_context":{"text":"Touren","link":"https:\/\/willi-junker.de\/dachs\/?cat=3"},"img":{"alt_text":"","src":"","width":0,"height":0},"classes":[]},{"id":1206,"url":"https:\/\/willi-junker.de\/dachs\/?p=1206","url_meta":{"origin":1253,"position":4},"title":"Die n\u00e4chste Tour beginnt","author":"Willi","date":"11.07.2013","format":false,"excerpt":"Bin gerade am Packen und morgen Nachmittag geht es in Richtung Dolomiten. Diesmal werde ich mich \u00fcberwiegend s\u00fcdlich des Alpenhauptkamms aufhalten. Zu Beginn m\u00f6chte ich den Hauptkamm zweimal \u00fcberschreiten (Birnl\u00fccke und Tauernpass). Momentan bin ich am Packen. Ca. 10 Etappen m\u00f6chte ich ab Kasern wandern und danach noch ein paar\u2026","rel":"","context":"In &quot;Touren&quot;","block_context":{"text":"Touren","link":"https:\/\/willi-junker.de\/dachs\/?cat=3"},"img":{"alt_text":"","src":"","width":0,"height":0},"classes":[]},{"id":885,"url":"https:\/\/willi-junker.de\/dachs\/?p=885","url_meta":{"origin":1253,"position":5},"title":"16:30 Kasern im Tauferer Ahrntal (S\u00fcdtirol)","author":"Willi","date":"28.06.2012","format":false,"excerpt":"Nach genau einer Woche Wanderschaft bin ich im n\u00f6rdlichsten Dorf S\u00fcdtirols angekommen. Ein Zimmer hatte ich nach 2 Minuten. Bis jetzt habe ich 184 km gewandert mit 5173 H\u00f6henmetern. Im Bild oben links sieht man die Birnl\u00fccke, meine 2. Option. Nach Gespr\u00e4chen mit den Radfahren und dem H\u00fcttenwirt der Tauernalp,\u2026","rel":"","context":"In &quot;Touren&quot;","block_context":{"text":"Touren","link":"https:\/\/willi-junker.de\/dachs\/?cat=3"},"img":{"alt_text":"","src":"","width":0,"height":0},"classes":[]}],"_links":{"self":[{"href":"https:\/\/willi-junker.de\/dachs\/index.php?rest_route=\/wp\/v2\/posts\/1253","targetHints":{"allow":["GET"]}}],"collection":[{"href":"https:\/\/willi-junker.de\/dachs\/index.php?rest_route=\/wp\/v2\/posts"}],"about":[{"href":"https:\/\/willi-junker.de\/dachs\/index.php?rest_route=\/wp\/v2\/types\/post"}],"author":[{"embeddable":true,"href":"https:\/\/willi-junker.de\/dachs\/index.php?rest_route=\/wp\/v2\/users\/1"}],"replies":[{"embeddable":true,"href":"https:\/\/willi-junker.de\/dachs\/index.php?rest_route=%2Fwp%2Fv2%2Fcomments&post=1253"}],"version-history":[{"count":0,"href":"https:\/\/willi-junker.de\/dachs\/index.php?rest_route=\/wp\/v2\/posts\/1253\/revisions"}],"wp:attachment":[{"href":"https:\/\/willi-junker.de\/dachs\/index.php?rest_route=%2Fwp%2Fv2%2Fmedia&parent=1253"}],"wp:term":[{"taxonomy":"category","embeddable":true,"href":"https:\/\/willi-junker.de\/dachs\/index.php?rest_route=%2Fwp%2Fv2%2Fcategories&post=1253"},{"taxonomy":"post_tag","embeddable":true,"href":"https:\/\/willi-junker.de\/dachs\/index.php?rest_route=%2Fwp%2Fv2%2Ftags&post=1253"}],"curies":[{"name":"wp","href":"https:\/\/api.w.org\/{rel}","templated":true}]}}