{"id":1245,"date":"2013-07-15T06:38:48","date_gmt":"2013-07-15T04:38:48","guid":{"rendered":"http:\/\/willi-junker.de\/dachs\/?p=1245"},"modified":"2013-07-15T06:38:48","modified_gmt":"2013-07-15T04:38:48","slug":"alpenhauptkamm-uberschritten","status":"publish","type":"post","link":"https:\/\/willi-junker.de\/dachs\/?p=1245","title":{"rendered":"Alpenhauptkamm \u00fcberschritten"},"content":{"rendered":"<p><a href=\"https:\/\/i0.wp.com\/willi-junker.de\/dachs\/wp-content\/uploads\/2013\/07\/wpid-IMAG02091.jpg?ssl=1\"><img data-recalc-dims=\"1\" decoding=\"async\" title=\"\" class=\"alignnone size-full\" alt=\"image\" src=\"https:\/\/i0.wp.com\/willi-junker.de\/dachs\/wp-content\/uploads\/2013\/07\/wpid-IMAG0209.jpg?w=640&#038;ssl=1\" \/><\/a><\/p>\n<p>Um 14 Uhr stand ich im Schnee auf der Birnl\u00fccke. Der Abstieg ins Krimmler Tal gestaltete sich viel schwieriger als erwartet. Sehr steil und ausgesetzt. Zum kr\u00f6nenden Abschluss kamen dann noch 3 gr\u00f6\u00dfere Lawinen, die letzte hinab bis 1900 Meter.<\/p>\n<p>Eine Lawine wollte ich nicht \u00fcberqueren, da darunter ein munteres B\u00e4chlein am Sprudeln ist. Das Umsteigen hat mich einige Nerven gekostet.<\/p>\n<p>Die letzten beiden Stunden ging es dann locker hinab zum Krimmler Tauernhaus 17:15 Uhr. Tanja und die Zwillinge sind ca. 30 Minuten sp\u00e4ter da.<\/p>\n","protected":false},"excerpt":{"rendered":"<p>Um 14 Uhr stand ich im Schnee auf der Birnl\u00fccke. Der Abstieg ins Krimmler Tal gestaltete sich viel schwieriger als erwartet. Sehr steil und ausgesetzt. Zum kr\u00f6nenden Abschluss kamen dann noch 3 gr\u00f6\u00dfere Lawinen, die letzte hinab bis 1900 Meter. &hellip; <a href=\"https:\/\/willi-junker.de\/dachs\/?p=1245\">Weiterlesen <span class=\"meta-nav\">&rarr;<\/span><\/a><\/p>\n","protected":false},"author":1,"featured_media":0,"comment_status":"open","ping_status":"open","sticky":false,"template":"","format":"standard","meta":{"_crdt_document":"","jetpack_post_was_ever_published":false,"_jetpack_newsletter_access":"","_jetpack_dont_email_post_to_subs":false,"_jetpack_newsletter_tier_id":0,"_jetpack_memberships_contains_paywalled_content":false,"_jetpack_memberships_contains_paid_content":false,"footnotes":"","jetpack_publicize_message":"","jetpack_publicize_feature_enabled":true,"jetpack_social_post_already_shared":false,"jetpack_social_options":{"image_generator_settings":{"template":"highway","default_image_id":0,"font":"","enabled":false},"version":2}},"categories":[3],"tags":[],"class_list":["post-1245","post","type-post","status-publish","format-standard","hentry","category-touren"],"jetpack_publicize_connections":[],"jetpack_featured_media_url":"","jetpack_sharing_enabled":true,"jetpack_shortlink":"https:\/\/wp.me\/p73o9s-k5","jetpack-related-posts":[{"id":867,"url":"https:\/\/willi-junker.de\/dachs\/?p=867","url_meta":{"origin":1245,"position":0},"title":"09:15 Uhr &#8211; Abmarsch vom Gasthaus Rechtegg","author":"Willi","date":"27.06.2012","format":false,"excerpt":"Halte mich sch\u00f6n auf der n\u00f6rdlichen Talseite und mache dadurch H\u00f6henmeter ohne Ende. Erreiche Krimml erst um 12:00 Uhr nach 10 km und 500 H\u00f6henmetern. Jetzt sitze ich direkt unter den F\u00e4llen und hab mir vorsorglich schon mal ein Zimmer im Krimmler Tauernhaus gebucht. Das sind noch gut 10 km\u2026","rel":"","context":"In &quot;Touren&quot;","block_context":{"text":"Touren","link":"https:\/\/willi-junker.de\/dachs\/?cat=3"},"img":{"alt_text":"","src":"","width":0,"height":0},"classes":[]},{"id":880,"url":"https:\/\/willi-junker.de\/dachs\/?p=880","url_meta":{"origin":1245,"position":1},"title":"06:00 Wecken durch die Kapelle","author":"Willi","date":"28.06.2012","format":false,"excerpt":"Punkt 06:00 l\u00e4utet die Hauskapelle. Scheinbar interessiere aber nur ich mich daf\u00fcr, da ich als erstes im Speisesaal bin. Es ist f\u00fcr 29 Personen gedeckt. Gegen 07:45 verlasse ich dieses sehr gastliche Haus. Jetzt ist es auch etwas voller im Speiseraum. Ich wandere ziemlich einsam bis zum Abzeig ins Windbachtal.\u2026","rel":"","context":"In &quot;Touren&quot;","block_context":{"text":"Touren","link":"https:\/\/willi-junker.de\/dachs\/?cat=3"},"img":{"alt_text":"","src":"","width":0,"height":0},"classes":[]},{"id":4278,"url":"https:\/\/willi-junker.de\/dachs\/?p=4278","url_meta":{"origin":1245,"position":2},"title":"Tag 14 &#8211; \u00dcber den Rasch\u00f6tz zur Broglesh\u00fctte und weiter zur Seceda\u00a0","author":"Willi","date":"31.07.2017","format":false,"excerpt":"Der Tag heute beginnt auf jeden Fall entspannt. Lange gefr\u00fchst\u00fcckt. Dann zum Bus nach St. Ulrich und mit der Standseilbahn auf den Rasch\u00f6tz. Um zehn Uhr bin ich oben. Es geht locker \u00fcber die Hochalmen bei herrlichem Wetter. Kurz vor zw\u00f6lf Uhr bin ich auf der Broglesalm. Der Betrieb h\u00e4lt\u2026","rel":"","context":"In &quot;Touren&quot;","block_context":{"text":"Touren","link":"https:\/\/willi-junker.de\/dachs\/?cat=3"},"img":{"alt_text":"","src":"https:\/\/i0.wp.com\/willi-junker.de\/dachs\/wp-content\/uploads\/2017\/07\/wp-image-618154783.jpg?resize=350%2C200","width":350,"height":200,"srcset":"https:\/\/i0.wp.com\/willi-junker.de\/dachs\/wp-content\/uploads\/2017\/07\/wp-image-618154783.jpg?resize=350%2C200 1x, https:\/\/i0.wp.com\/willi-junker.de\/dachs\/wp-content\/uploads\/2017\/07\/wp-image-618154783.jpg?resize=525%2C300 1.5x, https:\/\/i0.wp.com\/willi-junker.de\/dachs\/wp-content\/uploads\/2017\/07\/wp-image-618154783.jpg?resize=700%2C400 2x, https:\/\/i0.wp.com\/willi-junker.de\/dachs\/wp-content\/uploads\/2017\/07\/wp-image-618154783.jpg?resize=1050%2C600 3x, https:\/\/i0.wp.com\/willi-junker.de\/dachs\/wp-content\/uploads\/2017\/07\/wp-image-618154783.jpg?resize=1400%2C800 4x"},"classes":[]},{"id":521,"url":"https:\/\/willi-junker.de\/dachs\/?p=521","url_meta":{"origin":1245,"position":3},"title":"18:00 Uhr. Runde fast geschafft.","author":"Willi","date":"03.09.2011","format":false,"excerpt":"Von der Schl\u00fcterhutte erfolgte ein langer Abstieg hinab ins Villn\u00f6ss. Ein kurzer Aufstieg erfolgt dann hinauf zur Gschmagenhardt Alm zum Fl\u00fcssigkeit auff\u00fcllen. Dann verliert man leider wieder 150 H\u00f6henmeter. Dann gehts von 1.900m rauf in die Mittagsscharte (2.600m). Leider sieht man von ganz unten schon das Ziel ganz oben. Der\u2026","rel":"","context":"In &quot;Touren&quot;","block_context":{"text":"Touren","link":"https:\/\/willi-junker.de\/dachs\/?cat=3"},"img":{"alt_text":"","src":"https:\/\/i0.wp.com\/willi-junker.de\/dachs\/wp-content\/uploads\/2011\/09\/wpid-IMAG07811-500x299.jpg?resize=350%2C200","width":350,"height":200},"classes":[]},{"id":1357,"url":"https:\/\/willi-junker.de\/dachs\/?p=1357","url_meta":{"origin":1245,"position":4},"title":"Tierser Alpl und Schlernh\u00e4user","author":"Willi","date":"27.07.2013","format":false,"excerpt":"Heute habe ich wohl meine l\u00e4ngste Alpenetappe gemacht. Ich bin heute Morgen um kurz nach 9 Uhr mit dem Bus zum Sellapass. Von dort geht es dann \u00fcber die Friedrich-August-H\u00fctte und den gleichnamigen Weg hinter dem Langkofel her. Dann weiter \u00fcber die Plattkofelh\u00fctte zur Tierser Alpl H\u00fctte. Hier bin ich\u2026","rel":"","context":"In &quot;Touren&quot;","block_context":{"text":"Touren","link":"https:\/\/willi-junker.de\/dachs\/?cat=3"},"img":{"alt_text":"","src":"","width":0,"height":0},"classes":[]},{"id":823,"url":"https:\/\/willi-junker.de\/dachs\/?p=823","url_meta":{"origin":1245,"position":5},"title":"17:15 Uhr &#8211; Waidring","author":"Willi","date":"22.06.2012","format":false,"excerpt":"Nach gut 34 Kilometern und \u00fcber 700 H\u00f6henmetern bin ich in Waidring angekommen. Um 14:30 Uhr war ich schon am geplanten Tagesziel auf der Winkelmoos Alm. Das war mir zu fr\u00fch zum Aufh\u00f6ren. Bin dann weiter \u00fcber die Steinplatte und dann den unangenehmen Abstieg \u00fcber die steile Hauptstra\u00dfe hinab nach\u2026","rel":"","context":"In &quot;Touren&quot;","block_context":{"text":"Touren","link":"https:\/\/willi-junker.de\/dachs\/?cat=3"},"img":{"alt_text":"","src":"","width":0,"height":0},"classes":[]}],"_links":{"self":[{"href":"https:\/\/willi-junker.de\/dachs\/index.php?rest_route=\/wp\/v2\/posts\/1245","targetHints":{"allow":["GET"]}}],"collection":[{"href":"https:\/\/willi-junker.de\/dachs\/index.php?rest_route=\/wp\/v2\/posts"}],"about":[{"href":"https:\/\/willi-junker.de\/dachs\/index.php?rest_route=\/wp\/v2\/types\/post"}],"author":[{"embeddable":true,"href":"https:\/\/willi-junker.de\/dachs\/index.php?rest_route=\/wp\/v2\/users\/1"}],"replies":[{"embeddable":true,"href":"https:\/\/willi-junker.de\/dachs\/index.php?rest_route=%2Fwp%2Fv2%2Fcomments&post=1245"}],"version-history":[{"count":0,"href":"https:\/\/willi-junker.de\/dachs\/index.php?rest_route=\/wp\/v2\/posts\/1245\/revisions"}],"wp:attachment":[{"href":"https:\/\/willi-junker.de\/dachs\/index.php?rest_route=%2Fwp%2Fv2%2Fmedia&parent=1245"}],"wp:term":[{"taxonomy":"category","embeddable":true,"href":"https:\/\/willi-junker.de\/dachs\/index.php?rest_route=%2Fwp%2Fv2%2Fcategories&post=1245"},{"taxonomy":"post_tag","embeddable":true,"href":"https:\/\/willi-junker.de\/dachs\/index.php?rest_route=%2Fwp%2Fv2%2Ftags&post=1245"}],"curies":[{"name":"wp","href":"https:\/\/api.w.org\/{rel}","templated":true}]}}