{"id":1239,"date":"2013-07-14T10:34:09","date_gmt":"2013-07-14T08:34:09","guid":{"rendered":"http:\/\/willi-junker.de\/dachs\/?p=1239"},"modified":"2013-07-14T10:34:09","modified_gmt":"2013-07-14T08:34:09","slug":"auf-dem-weg-zur-birnlucke","status":"publish","type":"post","link":"https:\/\/willi-junker.de\/dachs\/?p=1239","title":{"rendered":"Auf dem Weg zur Birnl\u00fccke"},"content":{"rendered":"<p><a href=\"https:\/\/i0.wp.com\/willi-junker.de\/dachs\/wp-content\/uploads\/2013\/07\/wpid-IMAG02071.jpg?ssl=1\"><img data-recalc-dims=\"1\" decoding=\"async\" title=\"\" class=\"alignnone size-full\" alt=\"image\" src=\"https:\/\/i0.wp.com\/willi-junker.de\/dachs\/wp-content\/uploads\/2013\/07\/wpid-IMAG0207.jpg?w=640&#038;ssl=1\" \/><\/a><\/p>\n<p>Die erste Steilstufe hab ich hinter mir. Jetzt geht es hoch in Richtung Schnee und zur Grenze nach \u00d6sterreich.<\/p>\n","protected":false},"excerpt":{"rendered":"<p>Die erste Steilstufe hab ich hinter mir. Jetzt geht es hoch in Richtung Schnee und zur Grenze nach \u00d6sterreich.<\/p>\n","protected":false},"author":1,"featured_media":0,"comment_status":"open","ping_status":"open","sticky":false,"template":"","format":"standard","meta":{"_crdt_document":"","jetpack_post_was_ever_published":false,"_jetpack_newsletter_access":"","_jetpack_dont_email_post_to_subs":false,"_jetpack_newsletter_tier_id":0,"_jetpack_memberships_contains_paywalled_content":false,"_jetpack_memberships_contains_paid_content":false,"footnotes":"","jetpack_publicize_message":"","jetpack_publicize_feature_enabled":true,"jetpack_social_post_already_shared":false,"jetpack_social_options":{"image_generator_settings":{"template":"highway","default_image_id":0,"font":"","enabled":false},"version":2}},"categories":[3],"tags":[],"class_list":["post-1239","post","type-post","status-publish","format-standard","hentry","category-touren"],"jetpack_publicize_connections":[],"jetpack_featured_media_url":"","jetpack_sharing_enabled":true,"jetpack_shortlink":"https:\/\/wp.me\/p73o9s-jZ","jetpack-related-posts":[{"id":4153,"url":"https:\/\/willi-junker.de\/dachs\/?p=4153","url_meta":{"origin":1239,"position":0},"title":"Tag 8 &#8211; Umrundung Langkofelstock","author":"Willi","date":"25.07.2017","format":false,"excerpt":"Heute gibt es um 07:15 Uhr Fr\u00fchst\u00fcck. Abmarsch ist um 08:10 Uhr. Um 08:26 Uhr steigen wir in den total \u00fcberf\u00fcllten Bus zum Sellapass. Beinahe waren auch nur 50% von uns in den Bus gekommen. Es ist saukalt, aber sonnig. Der Rest der Familie f\u00e4hrt vom Sella-Joch mit dem Lift\u2026","rel":"","context":"In &quot;Touren&quot;","block_context":{"text":"Touren","link":"https:\/\/willi-junker.de\/dachs\/?cat=3"},"img":{"alt_text":"","src":"https:\/\/i0.wp.com\/willi-junker.de\/dachs\/wp-content\/uploads\/2017\/07\/wp-image-1084737681.jpg?resize=350%2C200","width":350,"height":200,"srcset":"https:\/\/i0.wp.com\/willi-junker.de\/dachs\/wp-content\/uploads\/2017\/07\/wp-image-1084737681.jpg?resize=350%2C200 1x, https:\/\/i0.wp.com\/willi-junker.de\/dachs\/wp-content\/uploads\/2017\/07\/wp-image-1084737681.jpg?resize=525%2C300 1.5x, https:\/\/i0.wp.com\/willi-junker.de\/dachs\/wp-content\/uploads\/2017\/07\/wp-image-1084737681.jpg?resize=700%2C400 2x, https:\/\/i0.wp.com\/willi-junker.de\/dachs\/wp-content\/uploads\/2017\/07\/wp-image-1084737681.jpg?resize=1050%2C600 3x, https:\/\/i0.wp.com\/willi-junker.de\/dachs\/wp-content\/uploads\/2017\/07\/wp-image-1084737681.jpg?resize=1400%2C800 4x"},"classes":[]},{"id":4192,"url":"https:\/\/willi-junker.de\/dachs\/?p=4192","url_meta":{"origin":1239,"position":1},"title":"Tag 9 &#8211; Ein etwas verungl\u00fcckter Ruhetag","author":"Willi","date":"26.07.2017","format":false,"excerpt":"Nach der langen Tour gestern gehe ich es heute sehr ruhig an. Gegen halb zehn laufe ich in Richtung Bus und fahre hinab nach St. Ulrich. Von dort geht es dann zur Standseilbahn Rasch\u00f6tz. Beim Hinauflaufen wundere ich mich \u00fcber die mir entgegenkommenden Gruppen. F\u00fcr abends w\u00e4re das normal aber\u2026","rel":"","context":"In &quot;Touren&quot;","block_context":{"text":"Touren","link":"https:\/\/willi-junker.de\/dachs\/?cat=3"},"img":{"alt_text":"","src":"https:\/\/i0.wp.com\/willi-junker.de\/dachs\/wp-content\/uploads\/2017\/07\/wp-image-1614477091.jpg?resize=350%2C200","width":350,"height":200,"srcset":"https:\/\/i0.wp.com\/willi-junker.de\/dachs\/wp-content\/uploads\/2017\/07\/wp-image-1614477091.jpg?resize=350%2C200 1x, https:\/\/i0.wp.com\/willi-junker.de\/dachs\/wp-content\/uploads\/2017\/07\/wp-image-1614477091.jpg?resize=525%2C300 1.5x, https:\/\/i0.wp.com\/willi-junker.de\/dachs\/wp-content\/uploads\/2017\/07\/wp-image-1614477091.jpg?resize=700%2C400 2x, https:\/\/i0.wp.com\/willi-junker.de\/dachs\/wp-content\/uploads\/2017\/07\/wp-image-1614477091.jpg?resize=1050%2C600 3x, https:\/\/i0.wp.com\/willi-junker.de\/dachs\/wp-content\/uploads\/2017\/07\/wp-image-1614477091.jpg?resize=1400%2C800 4x"},"classes":[]},{"id":5592,"url":"https:\/\/willi-junker.de\/dachs\/?p=5592","url_meta":{"origin":1239,"position":2},"title":"Tour de Selz &#8211; etwas erweitert","author":"Willi","date":"23.07.2022","format":false,"excerpt":"Am heutigen Samstag starte ich um kurz nach sieben Uhr mit dem Fahrrad in Laubach. Es geht \u00fcber den Schinderhannesradweg in Alterk\u00fclz bis nach Tiefenbach. Dann auf die Landstra\u00dfe \u00fcber den Soonwald bis nach Waldb\u00f6ckelheim und weiter nach Boos und zur Nahe. Kurz darauf erreiche ich den Glan, den ich\u2026","rel":"","context":"In &quot;Touren&quot;","block_context":{"text":"Touren","link":"https:\/\/willi-junker.de\/dachs\/?cat=3"},"img":{"alt_text":"","src":"https:\/\/i0.wp.com\/willi-junker.de\/dachs\/wp-content\/uploads\/2022\/07\/img_20220723_101359_195388790826312818-scaled.jpg?resize=350%2C200&ssl=1","width":350,"height":200,"srcset":"https:\/\/i0.wp.com\/willi-junker.de\/dachs\/wp-content\/uploads\/2022\/07\/img_20220723_101359_195388790826312818-scaled.jpg?resize=350%2C200&ssl=1 1x, https:\/\/i0.wp.com\/willi-junker.de\/dachs\/wp-content\/uploads\/2022\/07\/img_20220723_101359_195388790826312818-scaled.jpg?resize=525%2C300&ssl=1 1.5x, https:\/\/i0.wp.com\/willi-junker.de\/dachs\/wp-content\/uploads\/2022\/07\/img_20220723_101359_195388790826312818-scaled.jpg?resize=700%2C400&ssl=1 2x, https:\/\/i0.wp.com\/willi-junker.de\/dachs\/wp-content\/uploads\/2022\/07\/img_20220723_101359_195388790826312818-scaled.jpg?resize=1050%2C600&ssl=1 3x, https:\/\/i0.wp.com\/willi-junker.de\/dachs\/wp-content\/uploads\/2022\/07\/img_20220723_101359_195388790826312818-scaled.jpg?resize=1400%2C800&ssl=1 4x"},"classes":[]},{"id":1415,"url":"https:\/\/willi-junker.de\/dachs\/?p=1415","url_meta":{"origin":1239,"position":3},"title":"Vogesenwanderung","author":"Willi","date":"10.10.2013","format":false,"excerpt":"Heute Nacht ist eine Kaltfront durchgerauscht. Letzer Regen f\u00e4llt noch bis 11 Uhr. Seit ein paar Minuten bin ich unterwegs, hinaus aus Riquewihr in westlicher Richtung. Es geht immer bergauf durch ein enges, dicht bewaldetes Tal. Kurz vor halb eins sehe ich erstmals au\u00dfer pitschnassen B\u00e4umen und Wegen \u00fcber ein\u2026","rel":"","context":"In &quot;Touren&quot;","block_context":{"text":"Touren","link":"https:\/\/willi-junker.de\/dachs\/?cat=3"},"img":{"alt_text":"","src":"","width":0,"height":0},"classes":[]},{"id":5470,"url":"https:\/\/willi-junker.de\/dachs\/?p=5470","url_meta":{"origin":1239,"position":4},"title":"Marathonwanderung auf dem Rheinsteig &#8211; Etappen 5 und 6 von R\u00fcdesheim bis Kaub","author":"Willi","date":"02.11.2021","format":false,"excerpt":"Heute Morgen bin ich im Dunklen mit dem Zug nach Bingen gefahren. Im ersten Morgenlicht verlasse ich den Bahnhof in Richtung F\u00e4hre nach R\u00fcdesheim. R\u00fcdesheim erreiche ich gegen 07\u00b3\u2070 Uhr. Obligatorisch laufe ich die v\u00f6llig leere Drosselgasse hinauf und dann \u00fcber Wingertswege hinauf in Richtung Niederwalddenkmal. Oben angekommen sehe ich\u2026","rel":"","context":"In &quot;Touren&quot;","block_context":{"text":"Touren","link":"https:\/\/willi-junker.de\/dachs\/?cat=3"},"img":{"alt_text":"","src":"https:\/\/i0.wp.com\/willi-junker.de\/dachs\/wp-content\/uploads\/2021\/11\/img_20211102_083350_1624050857507768282-scaled.jpg?resize=350%2C200&ssl=1","width":350,"height":200,"srcset":"https:\/\/i0.wp.com\/willi-junker.de\/dachs\/wp-content\/uploads\/2021\/11\/img_20211102_083350_1624050857507768282-scaled.jpg?resize=350%2C200&ssl=1 1x, https:\/\/i0.wp.com\/willi-junker.de\/dachs\/wp-content\/uploads\/2021\/11\/img_20211102_083350_1624050857507768282-scaled.jpg?resize=525%2C300&ssl=1 1.5x, https:\/\/i0.wp.com\/willi-junker.de\/dachs\/wp-content\/uploads\/2021\/11\/img_20211102_083350_1624050857507768282-scaled.jpg?resize=700%2C400&ssl=1 2x, https:\/\/i0.wp.com\/willi-junker.de\/dachs\/wp-content\/uploads\/2021\/11\/img_20211102_083350_1624050857507768282-scaled.jpg?resize=1050%2C600&ssl=1 3x, https:\/\/i0.wp.com\/willi-junker.de\/dachs\/wp-content\/uploads\/2021\/11\/img_20211102_083350_1624050857507768282-scaled.jpg?resize=1400%2C800&ssl=1 4x"},"classes":[]},{"id":4234,"url":"https:\/\/willi-junker.de\/dachs\/?p=4234","url_meta":{"origin":1239,"position":5},"title":"Tag 11 &#8211; Von Alta Badia nach Gr\u00f6den\u00a0","author":"Willi","date":"28.07.2017","format":false,"excerpt":"In den letzten Jahren habe ich schon drei Wege \u00fcber die Gherdenacia Hochfl\u00e4chen zur\u00fcck nach Gr\u00f6den ausprobiert. Jetzt fehlt mir eigentlich noch die Umrundung. Wobei das sich eigentlich leicht anh\u00f6rt. Es liegt halt nur das Puez-Joch im Weg. Von Norden kommend ist dies die einzige Schwachstelle in der massiven Felswand.\u2026","rel":"","context":"In &quot;Touren&quot;","block_context":{"text":"Touren","link":"https:\/\/willi-junker.de\/dachs\/?cat=3"},"img":{"alt_text":"","src":"https:\/\/i0.wp.com\/willi-junker.de\/dachs\/wp-content\/uploads\/2017\/07\/wp-image-655924760.jpg?resize=350%2C200","width":350,"height":200,"srcset":"https:\/\/i0.wp.com\/willi-junker.de\/dachs\/wp-content\/uploads\/2017\/07\/wp-image-655924760.jpg?resize=350%2C200 1x, https:\/\/i0.wp.com\/willi-junker.de\/dachs\/wp-content\/uploads\/2017\/07\/wp-image-655924760.jpg?resize=525%2C300 1.5x, https:\/\/i0.wp.com\/willi-junker.de\/dachs\/wp-content\/uploads\/2017\/07\/wp-image-655924760.jpg?resize=700%2C400 2x, https:\/\/i0.wp.com\/willi-junker.de\/dachs\/wp-content\/uploads\/2017\/07\/wp-image-655924760.jpg?resize=1050%2C600 3x, https:\/\/i0.wp.com\/willi-junker.de\/dachs\/wp-content\/uploads\/2017\/07\/wp-image-655924760.jpg?resize=1400%2C800 4x"},"classes":[]}],"_links":{"self":[{"href":"https:\/\/willi-junker.de\/dachs\/index.php?rest_route=\/wp\/v2\/posts\/1239","targetHints":{"allow":["GET"]}}],"collection":[{"href":"https:\/\/willi-junker.de\/dachs\/index.php?rest_route=\/wp\/v2\/posts"}],"about":[{"href":"https:\/\/willi-junker.de\/dachs\/index.php?rest_route=\/wp\/v2\/types\/post"}],"author":[{"embeddable":true,"href":"https:\/\/willi-junker.de\/dachs\/index.php?rest_route=\/wp\/v2\/users\/1"}],"replies":[{"embeddable":true,"href":"https:\/\/willi-junker.de\/dachs\/index.php?rest_route=%2Fwp%2Fv2%2Fcomments&post=1239"}],"version-history":[{"count":0,"href":"https:\/\/willi-junker.de\/dachs\/index.php?rest_route=\/wp\/v2\/posts\/1239\/revisions"}],"wp:attachment":[{"href":"https:\/\/willi-junker.de\/dachs\/index.php?rest_route=%2Fwp%2Fv2%2Fmedia&parent=1239"}],"wp:term":[{"taxonomy":"category","embeddable":true,"href":"https:\/\/willi-junker.de\/dachs\/index.php?rest_route=%2Fwp%2Fv2%2Fcategories&post=1239"},{"taxonomy":"post_tag","embeddable":true,"href":"https:\/\/willi-junker.de\/dachs\/index.php?rest_route=%2Fwp%2Fv2%2Ftags&post=1239"}],"curies":[{"name":"wp","href":"https:\/\/api.w.org\/{rel}","templated":true}]}}