{"id":1206,"date":"2013-07-11T23:17:22","date_gmt":"2013-07-11T21:17:22","guid":{"rendered":"http:\/\/willi-junker.de\/dachs\/?p=1206"},"modified":"2013-07-11T23:17:24","modified_gmt":"2013-07-11T21:17:24","slug":"die-nachste-tour-beginnt","status":"publish","type":"post","link":"https:\/\/willi-junker.de\/dachs\/?p=1206","title":{"rendered":"Die n\u00e4chste Tour beginnt"},"content":{"rendered":"<p>Bin gerade am Packen und morgen Nachmittag geht es in Richtung Dolomiten. Diesmal werde ich mich \u00fcberwiegend s\u00fcdlich des Alpenhauptkamms aufhalten. Zu Beginn m\u00f6chte ich den Hauptkamm zweimal \u00fcberschreiten (Birnl\u00fccke und Tauernpass).<\/p>\n<p><a href=\"https:\/\/i0.wp.com\/willi-junker.de\/dachs\/wp-content\/uploads\/2013\/07\/wpid-wp-13735771869791.jpg?ssl=1\"><img data-recalc-dims=\"1\" decoding=\"async\" title=\"wp-1373577186979.jpg\" class=\"alignnone size-full\" alt=\"image\" src=\"https:\/\/i0.wp.com\/willi-junker.de\/dachs\/wp-content\/uploads\/2013\/07\/wpid-wp-1373577186979.jpg?w=640&#038;ssl=1\" \/><\/a><\/p>\n<p>Momentan bin ich am Packen. Ca. 10 Etappen m\u00f6chte ich ab Kasern wandern und danach noch ein paar Tage rund um Wolkenstein laufen.<\/p>\n","protected":false},"excerpt":{"rendered":"<p>Bin gerade am Packen und morgen Nachmittag geht es in Richtung Dolomiten. Diesmal werde ich mich \u00fcberwiegend s\u00fcdlich des Alpenhauptkamms aufhalten. Zu Beginn m\u00f6chte ich den Hauptkamm zweimal \u00fcberschreiten (Birnl\u00fccke und Tauernpass). Momentan bin ich am Packen. Ca. 10 Etappen &hellip; <a href=\"https:\/\/willi-junker.de\/dachs\/?p=1206\">Weiterlesen <span class=\"meta-nav\">&rarr;<\/span><\/a><\/p>\n","protected":false},"author":1,"featured_media":0,"comment_status":"open","ping_status":"open","sticky":false,"template":"","format":"standard","meta":{"_crdt_document":"","jetpack_post_was_ever_published":false,"_jetpack_newsletter_access":"","_jetpack_dont_email_post_to_subs":false,"_jetpack_newsletter_tier_id":0,"_jetpack_memberships_contains_paywalled_content":false,"_jetpack_memberships_contains_paid_content":false,"footnotes":"","jetpack_publicize_message":"","jetpack_publicize_feature_enabled":true,"jetpack_social_post_already_shared":false,"jetpack_social_options":{"image_generator_settings":{"template":"highway","default_image_id":0,"font":"","enabled":false},"version":2}},"categories":[3],"tags":[],"class_list":["post-1206","post","type-post","status-publish","format-standard","hentry","category-touren"],"jetpack_publicize_connections":[],"jetpack_featured_media_url":"","jetpack_sharing_enabled":true,"jetpack_shortlink":"https:\/\/wp.me\/p73o9s-js","jetpack-related-posts":[{"id":4043,"url":"https:\/\/willi-junker.de\/dachs\/?p=4043","url_meta":{"origin":1206,"position":0},"title":"H\u00fcttenwanderung- Tag 3","author":"Willi","date":"20.07.2017","format":false,"excerpt":"Heute Morgen war ich schon um f\u00fcnf Uhr munter. Bewegen durfte ich mich aber nicht. Die Federn in meinem Bett veranstalten einen H\u00f6llenl\u00e4rm. In meinem Lager, Lager Nr. 1, waren noch drei Mitschl\u00e4fer von zehn m\u00f6glichen. Von daher schon einmal sehr angenehm. Um sechs bin ich dann trotzdem\u00a0raus. Ganz optimal\u2026","rel":"","context":"In &quot;Touren&quot;","block_context":{"text":"Touren","link":"https:\/\/willi-junker.de\/dachs\/?cat=3"},"img":{"alt_text":"","src":"https:\/\/i0.wp.com\/willi-junker.de\/dachs\/wp-content\/uploads\/2017\/07\/wp-image-1057376015.jpg?resize=350%2C200","width":350,"height":200,"srcset":"https:\/\/i0.wp.com\/willi-junker.de\/dachs\/wp-content\/uploads\/2017\/07\/wp-image-1057376015.jpg?resize=350%2C200 1x, https:\/\/i0.wp.com\/willi-junker.de\/dachs\/wp-content\/uploads\/2017\/07\/wp-image-1057376015.jpg?resize=525%2C300 1.5x, https:\/\/i0.wp.com\/willi-junker.de\/dachs\/wp-content\/uploads\/2017\/07\/wp-image-1057376015.jpg?resize=700%2C400 2x, https:\/\/i0.wp.com\/willi-junker.de\/dachs\/wp-content\/uploads\/2017\/07\/wp-image-1057376015.jpg?resize=1050%2C600 3x, https:\/\/i0.wp.com\/willi-junker.de\/dachs\/wp-content\/uploads\/2017\/07\/wp-image-1057376015.jpg?resize=1400%2C800 4x"},"classes":[]},{"id":850,"url":"https:\/\/willi-junker.de\/dachs\/?p=850","url_meta":{"origin":1206,"position":1},"title":"09:15 &#8211; Wandern ohne Gep\u00e4ck","author":"Willi","date":"25.06.2012","format":false,"excerpt":"Es regnet und die Sicht ist fast gleich null. So wandere ich nur mit der Regenjacke in Richtung Stangenjoch, immer der oberen Grundache entlang. Die macht nen H\u00f6llenl\u00e4rm. Knapp unterhalb der Rettensteinalpe beseitigt ein Bagger die Vermurung des Almweges. Hier hats in den letzten Tagen doch einige Sch\u00e4den gegeben. Oberhalb\u2026","rel":"","context":"In &quot;Touren&quot;","block_context":{"text":"Touren","link":"https:\/\/willi-junker.de\/dachs\/?cat=3"},"img":{"alt_text":"","src":"","width":0,"height":0},"classes":[]},{"id":5242,"url":"https:\/\/willi-junker.de\/dachs\/?p=5242","url_meta":{"origin":1206,"position":2},"title":"Radtour nach Bad Sch\u00f6nborn \/ Tag 3","author":"Willi Junker","date":"20.07.2019","format":false,"excerpt":"Heute habe ich nicht ganz so viel Zeit f\u00fcr eine ausf\u00fchrliche Radtour, da f\u00fcr den Nachmittag noch ein weiterer Programmpunkt angepeilt wird. Daher starte ich schon gegen 09:30 Uhr in Richtung Graben-Neudorf. Hierher m\u00f6chte ich den Weg ein wenig erkunden, da ich am Sonntagnachmittag von hier nach Hause fahren m\u00f6chte.\u2026","rel":"","context":"In &quot;Touren&quot;","block_context":{"text":"Touren","link":"https:\/\/willi-junker.de\/dachs\/?cat=3"},"img":{"alt_text":"","src":"https:\/\/i0.wp.com\/willi-junker.de\/dachs\/wp-content\/uploads\/2019\/07\/20190720_105258850339699.jpg?resize=350%2C200&ssl=1","width":350,"height":200,"srcset":"https:\/\/i0.wp.com\/willi-junker.de\/dachs\/wp-content\/uploads\/2019\/07\/20190720_105258850339699.jpg?resize=350%2C200&ssl=1 1x, https:\/\/i0.wp.com\/willi-junker.de\/dachs\/wp-content\/uploads\/2019\/07\/20190720_105258850339699.jpg?resize=525%2C300&ssl=1 1.5x, https:\/\/i0.wp.com\/willi-junker.de\/dachs\/wp-content\/uploads\/2019\/07\/20190720_105258850339699.jpg?resize=700%2C400&ssl=1 2x, https:\/\/i0.wp.com\/willi-junker.de\/dachs\/wp-content\/uploads\/2019\/07\/20190720_105258850339699.jpg?resize=1050%2C600&ssl=1 3x, https:\/\/i0.wp.com\/willi-junker.de\/dachs\/wp-content\/uploads\/2019\/07\/20190720_105258850339699.jpg?resize=1400%2C800&ssl=1 4x"},"classes":[]},{"id":4013,"url":"https:\/\/willi-junker.de\/dachs\/?p=4013","url_meta":{"origin":1206,"position":3},"title":"H\u00fcttenwanderung Tag 1","author":"Willi","date":"18.07.2017","format":false,"excerpt":"Nach einer ruhigen Nacht auf dem Hahntennjoch bin ich heute Morgen um f\u00fcnf Uhr in Wolkenstein angekommen. Nach ein paar herrlichen Sonnenaufgangsfotos habe ich noch eine Stunde auf dem Parkplatz der Dantercepi\u00ebs geschlafen. Um sieben Uhr ging es dann in die Morene und nach dem Verstauen meines Autos gab es\u2026","rel":"","context":"In &quot;Touren&quot;","block_context":{"text":"Touren","link":"https:\/\/willi-junker.de\/dachs\/?cat=3"},"img":{"alt_text":"","src":"https:\/\/i0.wp.com\/willi-junker.de\/dachs\/wp-content\/uploads\/2017\/07\/wp-image-534442104.jpg?resize=350%2C200","width":350,"height":200,"srcset":"https:\/\/i0.wp.com\/willi-junker.de\/dachs\/wp-content\/uploads\/2017\/07\/wp-image-534442104.jpg?resize=350%2C200 1x, https:\/\/i0.wp.com\/willi-junker.de\/dachs\/wp-content\/uploads\/2017\/07\/wp-image-534442104.jpg?resize=525%2C300 1.5x, https:\/\/i0.wp.com\/willi-junker.de\/dachs\/wp-content\/uploads\/2017\/07\/wp-image-534442104.jpg?resize=700%2C400 2x, https:\/\/i0.wp.com\/willi-junker.de\/dachs\/wp-content\/uploads\/2017\/07\/wp-image-534442104.jpg?resize=1050%2C600 3x, https:\/\/i0.wp.com\/willi-junker.de\/dachs\/wp-content\/uploads\/2017\/07\/wp-image-534442104.jpg?resize=1400%2C800 4x"},"classes":[]},{"id":1312,"url":"https:\/\/willi-junker.de\/dachs\/?p=1312","url_meta":{"origin":1206,"position":4},"title":"Dolomiten-Fernwanderweg 1","author":"Willi","date":"21.07.2013","format":false,"excerpt":"Seit gestern Abend bin ich endlich in den Dolomiten. Das Hotel Messner in Veit im Pragser Tal kann ich echt empfehlen. Habe mich nett mit den Wirtsleuten unterhalten. Um 9 Uhr geht es wieder los. Schon direkt nach dem Hotel geht der Anstieg los. Am Pragser Wildsee dann eine kurze\u2026","rel":"","context":"In &quot;Touren&quot;","block_context":{"text":"Touren","link":"https:\/\/willi-junker.de\/dachs\/?cat=3"},"img":{"alt_text":"","src":"","width":0,"height":0},"classes":[]},{"id":4126,"url":"https:\/\/willi-junker.de\/dachs\/?p=4126","url_meta":{"origin":1206,"position":5},"title":"Tag 7 &#8211; Eigentlich ein Regentag","author":"Willi","date":"24.07.2017","format":false,"excerpt":"Der Wetterbericht ist wirklich richtig mies. Die ganze Nacht regnet es und es waren einige Gewitter in der Front die uns \u00fcberquert hat. Wir wollten eigentlich um 8:15 Uhr mit dem Bus hoch zum Sellapass. Das hat sich erledigt. Also mit aller Ruhe Fr\u00fchst\u00fccken und dann mal weiter sehen. Die\u2026","rel":"","context":"In &quot;Touren&quot;","block_context":{"text":"Touren","link":"https:\/\/willi-junker.de\/dachs\/?cat=3"},"img":{"alt_text":"","src":"https:\/\/i0.wp.com\/willi-junker.de\/dachs\/wp-content\/uploads\/2017\/07\/wp-image-1346271640.jpg?resize=350%2C200","width":350,"height":200,"srcset":"https:\/\/i0.wp.com\/willi-junker.de\/dachs\/wp-content\/uploads\/2017\/07\/wp-image-1346271640.jpg?resize=350%2C200 1x, https:\/\/i0.wp.com\/willi-junker.de\/dachs\/wp-content\/uploads\/2017\/07\/wp-image-1346271640.jpg?resize=525%2C300 1.5x, https:\/\/i0.wp.com\/willi-junker.de\/dachs\/wp-content\/uploads\/2017\/07\/wp-image-1346271640.jpg?resize=700%2C400 2x, https:\/\/i0.wp.com\/willi-junker.de\/dachs\/wp-content\/uploads\/2017\/07\/wp-image-1346271640.jpg?resize=1050%2C600 3x, https:\/\/i0.wp.com\/willi-junker.de\/dachs\/wp-content\/uploads\/2017\/07\/wp-image-1346271640.jpg?resize=1400%2C800 4x"},"classes":[]}],"_links":{"self":[{"href":"https:\/\/willi-junker.de\/dachs\/index.php?rest_route=\/wp\/v2\/posts\/1206","targetHints":{"allow":["GET"]}}],"collection":[{"href":"https:\/\/willi-junker.de\/dachs\/index.php?rest_route=\/wp\/v2\/posts"}],"about":[{"href":"https:\/\/willi-junker.de\/dachs\/index.php?rest_route=\/wp\/v2\/types\/post"}],"author":[{"embeddable":true,"href":"https:\/\/willi-junker.de\/dachs\/index.php?rest_route=\/wp\/v2\/users\/1"}],"replies":[{"embeddable":true,"href":"https:\/\/willi-junker.de\/dachs\/index.php?rest_route=%2Fwp%2Fv2%2Fcomments&post=1206"}],"version-history":[{"count":0,"href":"https:\/\/willi-junker.de\/dachs\/index.php?rest_route=\/wp\/v2\/posts\/1206\/revisions"}],"wp:attachment":[{"href":"https:\/\/willi-junker.de\/dachs\/index.php?rest_route=%2Fwp%2Fv2%2Fmedia&parent=1206"}],"wp:term":[{"taxonomy":"category","embeddable":true,"href":"https:\/\/willi-junker.de\/dachs\/index.php?rest_route=%2Fwp%2Fv2%2Fcategories&post=1206"},{"taxonomy":"post_tag","embeddable":true,"href":"https:\/\/willi-junker.de\/dachs\/index.php?rest_route=%2Fwp%2Fv2%2Ftags&post=1206"}],"curies":[{"name":"wp","href":"https:\/\/api.w.org\/{rel}","templated":true}]}}