{"id":1200,"date":"2013-04-07T12:51:07","date_gmt":"2013-04-07T11:51:07","guid":{"rendered":"http:\/\/willi-junker.de\/dachs\/?p=1200"},"modified":"2013-04-07T23:34:06","modified_gmt":"2013-04-07T22:34:06","slug":"letzter-skitag-2013","status":"publish","type":"post","link":"https:\/\/willi-junker.de\/dachs\/?p=1200","title":{"rendered":"Letzter Skitag Saison 2012\/2013"},"content":{"rendered":"<p>Bin heute wieder im Idar- und Hochwald unterwegs. Nach 29 km sitze ich an der Talstation vom Erbeskopf. Hab jetzt noch 20 km bis zum Auto.<\/p>\n<p><a href=\"https:\/\/i0.wp.com\/willi-junker.de\/dachs\/wp-content\/uploads\/2013\/04\/wpid-IMAG01431.jpg?ssl=1\"><img data-recalc-dims=\"1\" decoding=\"async\" title=\"IMAG0143.jpg\" class=\"alignnone size-full\" alt=\"image\" src=\"https:\/\/i0.wp.com\/willi-junker.de\/dachs\/wp-content\/uploads\/2013\/04\/wpid-IMAG0143.jpg?w=640&#038;ssl=1\" \/><\/a><\/p>\n","protected":false},"excerpt":{"rendered":"<p>Bin heute wieder im Idar- und Hochwald unterwegs. Nach 29 km sitze ich an der Talstation vom Erbeskopf. Hab jetzt noch 20 km bis zum Auto.<\/p>\n","protected":false},"author":1,"featured_media":0,"comment_status":"open","ping_status":"open","sticky":false,"template":"","format":"standard","meta":{"_crdt_document":"","jetpack_post_was_ever_published":false,"_jetpack_newsletter_access":"","_jetpack_dont_email_post_to_subs":false,"_jetpack_newsletter_tier_id":0,"_jetpack_memberships_contains_paywalled_content":false,"_jetpack_memberships_contains_paid_content":false,"footnotes":"","jetpack_publicize_message":"","jetpack_publicize_feature_enabled":true,"jetpack_social_post_already_shared":false,"jetpack_social_options":{"image_generator_settings":{"template":"highway","default_image_id":0,"font":"","enabled":false},"version":2}},"categories":[3],"tags":[],"class_list":["post-1200","post","type-post","status-publish","format-standard","hentry","category-touren"],"jetpack_publicize_connections":[],"jetpack_featured_media_url":"","jetpack_sharing_enabled":true,"jetpack_shortlink":"https:\/\/wp.me\/p73o9s-jm","jetpack-related-posts":[{"id":2527,"url":"https:\/\/willi-junker.de\/dachs\/?p=2527","url_meta":{"origin":1200,"position":0},"title":"Statistik zur Tour nach Laubach (Werra) und zur\u00fcck","author":"Willi","date":"01.07.2015","format":false,"excerpt":"Hinweg: 467,89 km, 1.803 H\u00f6henmeter und 40 Stunden Fahrzeit R\u00fcckweg: 465,99 km, 2.275 H\u00f6henmeter und 37,5 Stunden Fahrzeit Gesamt: 933,88 km, 4.078 H\u00f6henmeter und 77:47 Stunden Fahrzeit.","rel":"","context":"In &quot;Touren&quot;","block_context":{"text":"Touren","link":"https:\/\/willi-junker.de\/dachs\/?cat=3"},"img":{"alt_text":"","src":"","width":0,"height":0},"classes":[]},{"id":2151,"url":"https:\/\/willi-junker.de\/dachs\/?p=2151","url_meta":{"origin":1200,"position":1},"title":"Sulzbach &#8211; Mittagessen","author":"Willi","date":"13.06.2015","format":false,"excerpt":"Nach 16 km sitzen wir in Sulzbach in der Sonne. Juhu. Nur noch 56 km ;-))","rel":"","context":"In &quot;Touren&quot;","block_context":{"text":"Touren","link":"https:\/\/willi-junker.de\/dachs\/?cat=3"},"img":{"alt_text":"","src":"","width":0,"height":0},"classes":[]},{"id":1507,"url":"https:\/\/willi-junker.de\/dachs\/?p=1507","url_meta":{"origin":1200,"position":2},"title":"16:15 Uhr &#8211; 50,5 km &#8211; Ebschied","author":"Willi","date":"08.06.2014","format":false,"excerpt":"Nach langer Durststrecke sitze ich bei Hans in Ebschied. Noch gut 2 km und die Badewanne erwartet mich.","rel":"","context":"In &quot;Touren&quot;","block_context":{"text":"Touren","link":"https:\/\/willi-junker.de\/dachs\/?cat=3"},"img":{"alt_text":"","src":"","width":0,"height":0},"classes":[]},{"id":3059,"url":"https:\/\/willi-junker.de\/dachs\/?p=3059","url_meta":{"origin":1200,"position":3},"title":"Laubach nach 39 km erreicht","author":"Willi","date":"08.11.2015","format":false,"excerpt":"Nach 39 km sitze ich in der Laubacher Gesellschaftsm\u00fchle. War ne tolle Tour bei unglaublichem Wetter.","rel":"","context":"In &quot;Touren&quot;","block_context":{"text":"Touren","link":"https:\/\/willi-junker.de\/dachs\/?cat=3"},"img":{"alt_text":"","src":"","width":0,"height":0},"classes":[]},{"id":460,"url":"https:\/\/willi-junker.de\/dachs\/?p=460","url_meta":{"origin":1200,"position":4},"title":"Eine letzte Erfrischung","author":"Willi","date":"05.07.2011","format":false,"excerpt":"Kurz vor dem Ziel lege ich noch eine kurze Rast ein. In den letzten 6 Tagen bin ich 478 km Rad gefahren und 58 km gewandert.","rel":"","context":"In &quot;Touren&quot;","block_context":{"text":"Touren","link":"https:\/\/willi-junker.de\/dachs\/?cat=3"},"img":{"alt_text":"","src":"https:\/\/i0.wp.com\/willi-junker.de\/dachs\/wp-content\/uploads\/2011\/07\/P1020268-500x281.jpg?resize=350%2C200","width":350,"height":200},"classes":[]},{"id":350,"url":"https:\/\/willi-junker.de\/dachs\/?p=350","url_meta":{"origin":1200,"position":5},"title":"13:00 &#8211; Wolfstein an der Lauter","author":"Willi","date":"27.06.2011","format":false,"excerpt":"Nach 81 km und 800 H\u00f6henmetern war eine St\u00e4rkung dringend notwendig. Bin zuerst den Glan hoch und ab Lauterecken die Lauter. Bis zum Betze sind es jetzt noch 20 km, dann kommt der Pf\u00e4lzer Wald.","rel":"","context":"In &quot;Touren&quot;","block_context":{"text":"Touren","link":"https:\/\/willi-junker.de\/dachs\/?cat=3"},"img":{"alt_text":"","src":"","width":0,"height":0},"classes":[]}],"_links":{"self":[{"href":"https:\/\/willi-junker.de\/dachs\/index.php?rest_route=\/wp\/v2\/posts\/1200","targetHints":{"allow":["GET"]}}],"collection":[{"href":"https:\/\/willi-junker.de\/dachs\/index.php?rest_route=\/wp\/v2\/posts"}],"about":[{"href":"https:\/\/willi-junker.de\/dachs\/index.php?rest_route=\/wp\/v2\/types\/post"}],"author":[{"embeddable":true,"href":"https:\/\/willi-junker.de\/dachs\/index.php?rest_route=\/wp\/v2\/users\/1"}],"replies":[{"embeddable":true,"href":"https:\/\/willi-junker.de\/dachs\/index.php?rest_route=%2Fwp%2Fv2%2Fcomments&post=1200"}],"version-history":[{"count":1,"href":"https:\/\/willi-junker.de\/dachs\/index.php?rest_route=\/wp\/v2\/posts\/1200\/revisions"}],"predecessor-version":[{"id":1201,"href":"https:\/\/willi-junker.de\/dachs\/index.php?rest_route=\/wp\/v2\/posts\/1200\/revisions\/1201"}],"wp:attachment":[{"href":"https:\/\/willi-junker.de\/dachs\/index.php?rest_route=%2Fwp%2Fv2%2Fmedia&parent=1200"}],"wp:term":[{"taxonomy":"category","embeddable":true,"href":"https:\/\/willi-junker.de\/dachs\/index.php?rest_route=%2Fwp%2Fv2%2Fcategories&post=1200"},{"taxonomy":"post_tag","embeddable":true,"href":"https:\/\/willi-junker.de\/dachs\/index.php?rest_route=%2Fwp%2Fv2%2Ftags&post=1200"}],"curies":[{"name":"wp","href":"https:\/\/api.w.org\/{rel}","templated":true}]}}