{"id":1190,"date":"2013-03-29T13:50:10","date_gmt":"2013-03-29T12:50:10","guid":{"rendered":"http:\/\/willi-junker.de\/dachs\/?p=1190"},"modified":"2013-03-30T10:53:27","modified_gmt":"2013-03-30T09:53:27","slug":"ruckweg","status":"publish","type":"post","link":"https:\/\/willi-junker.de\/dachs\/?p=1190","title":{"rendered":"R\u00fcckweg"},"content":{"rendered":"<p>Gegen 12:30 Uhr geht es dann zur\u00fcck zum Parkplatz an der OK-H\u00fctte. Bis zum Einstieg in die Kahlheid-Loipe begegnet mir kein Mensch. So hab ich auch etwas Zeit um \u00f6sterliche Bilder zu machen. In Ermangelung von Ostereiern nehm ich ein paar M\u00fcsliriegel.<\/p>\n<div id=\"attachment_1184\" style=\"width: 510px\" class=\"wp-caption aligncenter\"><a href=\"https:\/\/i0.wp.com\/willi-junker.de\/dachs\/wp-content\/uploads\/2013\/03\/5.jpg?ssl=1\"><img data-recalc-dims=\"1\" loading=\"lazy\" decoding=\"async\" aria-describedby=\"caption-attachment-1184\" data-attachment-id=\"1184\" data-permalink=\"https:\/\/willi-junker.de\/dachs\/?attachment_id=1184\" data-orig-file=\"https:\/\/i0.wp.com\/willi-junker.de\/dachs\/wp-content\/uploads\/2013\/03\/5.jpg?fit=1600%2C901&amp;ssl=1\" data-orig-size=\"1600,901\" data-comments-opened=\"1\" data-image-meta=\"{&quot;aperture&quot;:&quot;3.3&quot;,&quot;credit&quot;:&quot;&quot;,&quot;camera&quot;:&quot;DMC-TZ10&quot;,&quot;caption&quot;:&quot;&quot;,&quot;created_timestamp&quot;:&quot;1364562403&quot;,&quot;copyright&quot;:&quot;&quot;,&quot;focal_length&quot;:&quot;4.1&quot;,&quot;iso&quot;:&quot;160&quot;,&quot;shutter_speed&quot;:&quot;0.002&quot;,&quot;title&quot;:&quot;&quot;}\" data-image-title=\"Frohe Ostern\" data-image-description=\"\" data-image-caption=\"&lt;p&gt;Frohe Ostern&lt;\/p&gt;\n\" data-large-file=\"https:\/\/i0.wp.com\/willi-junker.de\/dachs\/wp-content\/uploads\/2013\/03\/5.jpg?fit=500%2C281&amp;ssl=1\" class=\"size-large wp-image-1184\" alt=\"Frohe Ostern\" src=\"https:\/\/i0.wp.com\/willi-junker.de\/dachs\/wp-content\/uploads\/2013\/03\/5.jpg?resize=500%2C281&#038;ssl=1\" width=\"500\" height=\"281\" srcset=\"https:\/\/i0.wp.com\/willi-junker.de\/dachs\/wp-content\/uploads\/2013\/03\/5.jpg?resize=500%2C281&amp;ssl=1 500w, https:\/\/i0.wp.com\/willi-junker.de\/dachs\/wp-content\/uploads\/2013\/03\/5.jpg?resize=300%2C168&amp;ssl=1 300w, https:\/\/i0.wp.com\/willi-junker.de\/dachs\/wp-content\/uploads\/2013\/03\/5.jpg?w=1600&amp;ssl=1 1600w, https:\/\/i0.wp.com\/willi-junker.de\/dachs\/wp-content\/uploads\/2013\/03\/5.jpg?w=1280&amp;ssl=1 1280w\" sizes=\"auto, (max-width: 500px) 100vw, 500px\" \/><\/a><p id=\"caption-attachment-1184\" class=\"wp-caption-text\">Frohe Ostern<\/p><\/div>\n<p>Auf der Kahlheid-Loipe ist dann jetzt doch etwas Betrieb und so kann ich endlich auch mal auf gespurter Loipe laufen. Um 13:50 Uhr erreiche ich mein Auto nach 22 km. Es ist noch immer leicht am Schneien.<\/p>\n<div id=\"attachment_1185\" style=\"width: 510px\" class=\"wp-caption aligncenter\"><a href=\"https:\/\/i0.wp.com\/willi-junker.de\/dachs\/wp-content\/uploads\/2013\/03\/6.jpg?ssl=1\"><img data-recalc-dims=\"1\" loading=\"lazy\" decoding=\"async\" aria-describedby=\"caption-attachment-1185\" data-attachment-id=\"1185\" data-permalink=\"https:\/\/willi-junker.de\/dachs\/?attachment_id=1185\" data-orig-file=\"https:\/\/i0.wp.com\/willi-junker.de\/dachs\/wp-content\/uploads\/2013\/03\/6.jpg?fit=1600%2C901&amp;ssl=1\" data-orig-size=\"1600,901\" data-comments-opened=\"1\" data-image-meta=\"{&quot;aperture&quot;:&quot;3.3&quot;,&quot;credit&quot;:&quot;&quot;,&quot;camera&quot;:&quot;DMC-TZ10&quot;,&quot;caption&quot;:&quot;&quot;,&quot;created_timestamp&quot;:&quot;1364565105&quot;,&quot;copyright&quot;:&quot;&quot;,&quot;focal_length&quot;:&quot;4.1&quot;,&quot;iso&quot;:&quot;100&quot;,&quot;shutter_speed&quot;:&quot;0.0125&quot;,&quot;title&quot;:&quot;&quot;}\" data-image-title=\"Tagesbilanz\" data-image-description=\"\" data-image-caption=\"&lt;p&gt;Tagesbilanz&lt;\/p&gt;\n\" data-large-file=\"https:\/\/i0.wp.com\/willi-junker.de\/dachs\/wp-content\/uploads\/2013\/03\/6.jpg?fit=500%2C281&amp;ssl=1\" class=\"size-large wp-image-1185\" alt=\"Tagesbilanz\" src=\"https:\/\/i0.wp.com\/willi-junker.de\/dachs\/wp-content\/uploads\/2013\/03\/6.jpg?resize=500%2C281&#038;ssl=1\" width=\"500\" height=\"281\" srcset=\"https:\/\/i0.wp.com\/willi-junker.de\/dachs\/wp-content\/uploads\/2013\/03\/6.jpg?resize=500%2C281&amp;ssl=1 500w, https:\/\/i0.wp.com\/willi-junker.de\/dachs\/wp-content\/uploads\/2013\/03\/6.jpg?resize=300%2C168&amp;ssl=1 300w, https:\/\/i0.wp.com\/willi-junker.de\/dachs\/wp-content\/uploads\/2013\/03\/6.jpg?w=1600&amp;ssl=1 1600w, https:\/\/i0.wp.com\/willi-junker.de\/dachs\/wp-content\/uploads\/2013\/03\/6.jpg?w=1280&amp;ssl=1 1280w\" sizes=\"auto, (max-width: 500px) 100vw, 500px\" \/><\/a><p id=\"caption-attachment-1185\" class=\"wp-caption-text\">Tagesbilanz<\/p><\/div>\n","protected":false},"excerpt":{"rendered":"<p>Gegen 12:30 Uhr geht es dann zur\u00fcck zum Parkplatz an der OK-H\u00fctte. Bis zum Einstieg in die Kahlheid-Loipe begegnet mir kein Mensch. So hab ich auch etwas Zeit um \u00f6sterliche Bilder zu machen. In Ermangelung von Ostereiern nehm ich ein &hellip; <a href=\"https:\/\/willi-junker.de\/dachs\/?p=1190\">Weiterlesen <span class=\"meta-nav\">&rarr;<\/span><\/a><\/p>\n","protected":false},"author":1,"featured_media":0,"comment_status":"open","ping_status":"open","sticky":false,"template":"","format":"standard","meta":{"_crdt_document":"","jetpack_post_was_ever_published":false,"_jetpack_newsletter_access":"","_jetpack_dont_email_post_to_subs":false,"_jetpack_newsletter_tier_id":0,"_jetpack_memberships_contains_paywalled_content":false,"_jetpack_memberships_contains_paid_content":false,"footnotes":"","jetpack_publicize_message":"","jetpack_publicize_feature_enabled":true,"jetpack_social_post_already_shared":false,"jetpack_social_options":{"image_generator_settings":{"template":"highway","default_image_id":0,"font":"","enabled":false},"version":2}},"categories":[3],"tags":[],"class_list":["post-1190","post","type-post","status-publish","format-standard","hentry","category-touren"],"jetpack_publicize_connections":[],"jetpack_featured_media_url":"","jetpack_sharing_enabled":true,"jetpack_shortlink":"https:\/\/wp.me\/s73o9s-ruckweg","jetpack-related-posts":[{"id":1143,"url":"https:\/\/willi-junker.de\/dachs\/?p=1143","url_meta":{"origin":1190,"position":0},"title":"Wieder Erbeskopf","author":"Willi","date":"23.02.2013","format":false,"excerpt":"Bin heute Morgen um 08:30 Uhr vom Parkplatz am Idarkopf losgelaufen. Nach 20 km bin ich um 12 Uhr am Pilz zum Pils am Erbeskopf eingekehrt. Es schneit best\u00e4ndig und ist recht kalt. Der Schnee ist sehr stumpf und ich musste die Graue Kreuz wie auch die Schinderhannes-Loipe komplett selbst\u2026","rel":"","context":"In &quot;Touren&quot;","block_context":{"text":"Touren","link":"https:\/\/willi-junker.de\/dachs\/?cat=3"},"img":{"alt_text":"P1070544","src":"https:\/\/i0.wp.com\/willi-junker.de\/dachs\/wp-content\/uploads\/2013\/02\/P1070544-500x281.jpg?resize=350%2C200","width":350,"height":200},"classes":[]},{"id":1130,"url":"https:\/\/willi-junker.de\/dachs\/?p=1130","url_meta":{"origin":1190,"position":1},"title":"R\u00fcckweg bis zur Dunkelheit","author":"Willi","date":"26.01.2013","format":false,"excerpt":"Der R\u00fcckweg zieht sich ganz sch\u00f6n. Teilweise muss ich auch hier noch etwas spuren. Eigentlich sind nur auf der Kahlheid-Loipe Langl\u00e4ufer unterwegs. Auf der Schinderhannes-Loipe ist's schon sehr ruhig und auf der grauen Kreuz-Loipe bin ich wieder allein unterwegs. Mit Einbruch der Dunkelheit stehe ich wieder am Auto.","rel":"","context":"In &quot;Touren&quot;","block_context":{"text":"Touren","link":"https:\/\/willi-junker.de\/dachs\/?cat=3"},"img":{"alt_text":"","src":"","width":0,"height":0},"classes":[]},{"id":174,"url":"https:\/\/willi-junker.de\/dachs\/?p=174","url_meta":{"origin":1190,"position":2},"title":"Skiwanderung Hochwald-Idarwald am 29.01.2011","author":"Willi","date":"29.01.2011","format":false,"excerpt":"Der Tag beginnt um 06.00 Uhr. Kurz nach 07.30 Uhr verlasse ich das Haus und um 08:30 Uhr stehe ich am kleinen Parkplatz zwischen Hochscheid und Stipshausen. Erst in der Kammlage liegt gerade gen\u00fcgend Schnee zum Skilanglauf. Hier beginnt die \"Graue Kreuz Loipe\" Die Loipe ist nicht pr\u00e4pariert und so\u2026","rel":"","context":"In &quot;Touren&quot;","block_context":{"text":"Touren","link":"https:\/\/willi-junker.de\/dachs\/?cat=3"},"img":{"alt_text":"kurze Pause","src":"https:\/\/i0.wp.com\/willi-junker.de\/dachs\/wp-content\/uploads\/2011\/01\/1.jpg?resize=350%2C200","width":350,"height":200,"srcset":"https:\/\/i0.wp.com\/willi-junker.de\/dachs\/wp-content\/uploads\/2011\/01\/1.jpg?resize=350%2C200 1x, https:\/\/i0.wp.com\/willi-junker.de\/dachs\/wp-content\/uploads\/2011\/01\/1.jpg?resize=525%2C300 1.5x"},"classes":[]},{"id":1187,"url":"https:\/\/willi-junker.de\/dachs\/?p=1187","url_meta":{"origin":1190,"position":3},"title":"Erbeskopf","author":"Willi","date":"29.03.2013","format":false,"excerpt":"Um ca. 11:30 Uhr erreiche ich \u00fcber die 8,4 km lange Hochwaldloipe den Fu\u00df des Erbeskopfes. Gleichzeitig kommt Familie Redfern an. Sie wollen heute den Hunsr\u00fccker Schnee genie\u00dfen. Ich versorge mich erstmal mit kalten und hei\u00dfen Getr\u00e4nken und einem kleinen Imbiss. Danach geht es zu Fu\u00df die Piste 2 hoch\u2026","rel":"","context":"In &quot;Touren&quot;","block_context":{"text":"Touren","link":"https:\/\/willi-junker.de\/dachs\/?cat=3"},"img":{"alt_text":"Piste 1 - Erbeskopf","src":"https:\/\/i0.wp.com\/willi-junker.de\/dachs\/wp-content\/uploads\/2013\/03\/3-500x281.jpg?resize=350%2C200","width":350,"height":200},"classes":[]},{"id":1112,"url":"https:\/\/willi-junker.de\/dachs\/?p=1112","url_meta":{"origin":1190,"position":4},"title":"Skilanglauf &#8211; Nach 20 km ist der Erbeskopf erreicht","author":"Willi","date":"26.01.2013","format":false,"excerpt":"Bin heute Morgen um 8:30 Uhr am Idarkopf losgelaufen. Auf teils ungespurter Loipe bei gerade ausreichender Schneeh\u00f6he ging es recht anspruchsvoll immer der Kammlage entlang zum Erbeskopf. Unversch\u00e4mt ist, da\u00df auf ca 1 km B\u00e4ume frisch gef\u00e4llt wurden. Das hat mich bestimmt eine halbe Stunde gekostet. Au\u00dferdem wurden viele Schilder\u2026","rel":"","context":"In &quot;Touren&quot;","block_context":{"text":"Touren","link":"https:\/\/willi-junker.de\/dachs\/?cat=3"},"img":{"alt_text":"","src":"","width":0,"height":0},"classes":[]},{"id":1149,"url":"https:\/\/willi-junker.de\/dachs\/?p=1149","url_meta":{"origin":1190,"position":5},"title":"17:30 Uhr &#8211; wieder am Ausgangspunkt","author":"Willi","date":"23.02.2013","format":false,"excerpt":"Der R\u00fcckweg ist noch um einiges beschwerlicher als der Hinweg. Auf der Schinderhannesloipe hat der Prozessor ganze Arbeit geleistet. Ein ganzes St\u00fcck des Weges ist unbefarbar. Auf den Teilstrecken, die doppelt gelaufen werden, ist kaum noch was von meiner morgentlichen Spur zu erkennen. Der Schneefall h\u00e4lt an und auf Freifl\u00e4chen\u2026","rel":"","context":"In &quot;Touren&quot;","block_context":{"text":"Touren","link":"https:\/\/willi-junker.de\/dachs\/?cat=3"},"img":{"alt_text":"P1070551","src":"https:\/\/i0.wp.com\/willi-junker.de\/dachs\/wp-content\/uploads\/2013\/02\/P1070551-500x281.jpg?resize=350%2C200","width":350,"height":200},"classes":[]}],"_links":{"self":[{"href":"https:\/\/willi-junker.de\/dachs\/index.php?rest_route=\/wp\/v2\/posts\/1190","targetHints":{"allow":["GET"]}}],"collection":[{"href":"https:\/\/willi-junker.de\/dachs\/index.php?rest_route=\/wp\/v2\/posts"}],"about":[{"href":"https:\/\/willi-junker.de\/dachs\/index.php?rest_route=\/wp\/v2\/types\/post"}],"author":[{"embeddable":true,"href":"https:\/\/willi-junker.de\/dachs\/index.php?rest_route=\/wp\/v2\/users\/1"}],"replies":[{"embeddable":true,"href":"https:\/\/willi-junker.de\/dachs\/index.php?rest_route=%2Fwp%2Fv2%2Fcomments&post=1190"}],"version-history":[{"count":3,"href":"https:\/\/willi-junker.de\/dachs\/index.php?rest_route=\/wp\/v2\/posts\/1190\/revisions"}],"predecessor-version":[{"id":1192,"href":"https:\/\/willi-junker.de\/dachs\/index.php?rest_route=\/wp\/v2\/posts\/1190\/revisions\/1192"}],"wp:attachment":[{"href":"https:\/\/willi-junker.de\/dachs\/index.php?rest_route=%2Fwp%2Fv2%2Fmedia&parent=1190"}],"wp:term":[{"taxonomy":"category","embeddable":true,"href":"https:\/\/willi-junker.de\/dachs\/index.php?rest_route=%2Fwp%2Fv2%2Fcategories&post=1190"},{"taxonomy":"post_tag","embeddable":true,"href":"https:\/\/willi-junker.de\/dachs\/index.php?rest_route=%2Fwp%2Fv2%2Ftags&post=1190"}],"curies":[{"name":"wp","href":"https:\/\/api.w.org\/{rel}","templated":true}]}}