{"id":1170,"date":"2013-03-01T19:12:04","date_gmt":"2013-03-01T18:12:04","guid":{"rendered":"http:\/\/willi-junker.de\/dachs\/?p=1170"},"modified":"2013-03-01T19:12:04","modified_gmt":"2013-03-01T18:12:04","slug":"skigebiet-cortina","status":"publish","type":"post","link":"https:\/\/willi-junker.de\/dachs\/?p=1170","title":{"rendered":"Skigebiet Cortina"},"content":{"rendered":"<p>Heute sind wir rund um den Lagazoi unterwegs am Falzaregopass. Das Wetter ist toll und die Stimmung gut. Am Abend treffen wir uns in Pedraces. Von dort geht es dann mit Nobis zur\u00fcck zum Hotel Weiher.<\/p>\n<p><a href=\"https:\/\/i0.wp.com\/willi-junker.de\/dachs\/wp-content\/uploads\/2013\/03\/wpid-IMAG01201.jpg?ssl=1\"><img data-recalc-dims=\"1\" decoding=\"async\" title=\"IMAG0120.jpg\" class=\"alignnone size-full\" alt=\"image\" src=\"https:\/\/i0.wp.com\/willi-junker.de\/dachs\/wp-content\/uploads\/2013\/03\/wpid-IMAG0120.jpg?w=640&#038;ssl=1\" \/><\/a><\/p>\n<p><a href=\"https:\/\/i0.wp.com\/willi-junker.de\/dachs\/wp-content\/uploads\/2013\/03\/wpid-IMAG01211.jpg?ssl=1\"><img data-recalc-dims=\"1\" decoding=\"async\" title=\"IMAG0121.jpg\" class=\"alignnone size-full\" alt=\"image\" src=\"https:\/\/i0.wp.com\/willi-junker.de\/dachs\/wp-content\/uploads\/2013\/03\/wpid-IMAG0121.jpg?w=640&#038;ssl=1\" \/><\/a><\/p>\n","protected":false},"excerpt":{"rendered":"<p>Heute sind wir rund um den Lagazoi unterwegs am Falzaregopass. Das Wetter ist toll und die Stimmung gut. Am Abend treffen wir uns in Pedraces. Von dort geht es dann mit Nobis zur\u00fcck zum Hotel Weiher.<\/p>\n","protected":false},"author":1,"featured_media":0,"comment_status":"open","ping_status":"open","sticky":false,"template":"","format":"standard","meta":{"_crdt_document":"","jetpack_post_was_ever_published":false,"_jetpack_newsletter_access":"","_jetpack_dont_email_post_to_subs":false,"_jetpack_newsletter_tier_id":0,"_jetpack_memberships_contains_paywalled_content":false,"_jetpack_memberships_contains_paid_content":false,"footnotes":"","jetpack_publicize_message":"","jetpack_publicize_feature_enabled":true,"jetpack_social_post_already_shared":false,"jetpack_social_options":{"image_generator_settings":{"template":"highway","default_image_id":0,"font":"","enabled":false},"version":2}},"categories":[3],"tags":[],"class_list":["post-1170","post","type-post","status-publish","format-standard","hentry","category-touren"],"jetpack_publicize_connections":[],"jetpack_featured_media_url":"","jetpack_sharing_enabled":true,"jetpack_shortlink":"https:\/\/wp.me\/p73o9s-iS","jetpack-related-posts":[{"id":4497,"url":"https:\/\/willi-junker.de\/dachs\/?p=4497","url_meta":{"origin":1170,"position":0},"title":"Tag 2 &#8211; Radtour zum Laubachtreffen im Elsass","author":"Willi","date":"26.06.2018","format":false,"excerpt":"Heute k\u00f6nnen wir es entspannt angehen. Wir haben gestern unser Tagessoll mehr als erf\u00fcllt. Gute 100 km reichen heute definitiv. Also radeln wir im tollen Sonnenschein um 9 Uhr p\u00fcnktlich los. Das Fr\u00fchst\u00fcck im Hotel Anker hat unsere Erwartungen mehr als erf\u00fcllt. Absolut empfehlenswert. Kurz vor Mittag erreichen wir Trier.\u2026","rel":"","context":"In &quot;Touren&quot;","block_context":{"text":"Touren","link":"https:\/\/willi-junker.de\/dachs\/?cat=3"},"img":{"alt_text":"","src":"","width":0,"height":0},"classes":[]},{"id":4600,"url":"https:\/\/willi-junker.de\/dachs\/?p=4600","url_meta":{"origin":1170,"position":1},"title":"Tag 6 &#8211; &#8222;Ruhetag&#8220;","author":"Willi","date":"30.06.2018","format":false,"excerpt":"Heute haben wir die R\u00e4der nicht anger\u00fchrt. Sie stehen im Verschlag des Ibis-Hotels von Haguenau. Wir werden heute Morgen von einem Bus abgeholt und nach Kutzenhausen gefahren. Dort besuchen wir einen Museumsbauernhof. Der Vortrag und die F\u00fchrung sind recht interessant. Kurz vor 12 Uhr sind wir schon wieder im Hotel.\u2026","rel":"","context":"In &quot;Touren&quot;","block_context":{"text":"Touren","link":"https:\/\/willi-junker.de\/dachs\/?cat=3"},"img":{"alt_text":"","src":"https:\/\/i0.wp.com\/willi-junker.de\/dachs\/wp-content\/uploads\/2018\/07\/20180630_10554859798003.jpg?resize=350%2C200","width":350,"height":200,"srcset":"https:\/\/i0.wp.com\/willi-junker.de\/dachs\/wp-content\/uploads\/2018\/07\/20180630_10554859798003.jpg?resize=350%2C200 1x, https:\/\/i0.wp.com\/willi-junker.de\/dachs\/wp-content\/uploads\/2018\/07\/20180630_10554859798003.jpg?resize=525%2C300 1.5x, https:\/\/i0.wp.com\/willi-junker.de\/dachs\/wp-content\/uploads\/2018\/07\/20180630_10554859798003.jpg?resize=700%2C400 2x, https:\/\/i0.wp.com\/willi-junker.de\/dachs\/wp-content\/uploads\/2018\/07\/20180630_10554859798003.jpg?resize=1050%2C600 3x"},"classes":[]},{"id":4527,"url":"https:\/\/willi-junker.de\/dachs\/?p=4527","url_meta":{"origin":1170,"position":2},"title":"Tag 3 &#8211; Radtour zum Laubachtreffen im Elsass","author":"Willi","date":"27.06.2018","format":false,"excerpt":"Nach ruhiger Nacht und gutem Fr\u00fchst\u00fcck sind wir wieder auf Tour seit kurz nach 9 Uhr. Gegen 10:15 Uhr sind wir schon an der Kathedrale in Metz. Von Metz geht es weiter nach Nancy. Der Weg ist nicht immer so leicht zu finden. Zwischendurch nehmen wir noch das Mittagessen ein.\u2026","rel":"","context":"In &quot;Touren&quot;","block_context":{"text":"Touren","link":"https:\/\/willi-junker.de\/dachs\/?cat=3"},"img":{"alt_text":"","src":"https:\/\/i0.wp.com\/willi-junker.de\/dachs\/wp-content\/uploads\/2018\/06\/20180627_102233860068205.jpg?resize=350%2C200","width":350,"height":200,"srcset":"https:\/\/i0.wp.com\/willi-junker.de\/dachs\/wp-content\/uploads\/2018\/06\/20180627_102233860068205.jpg?resize=350%2C200 1x, https:\/\/i0.wp.com\/willi-junker.de\/dachs\/wp-content\/uploads\/2018\/06\/20180627_102233860068205.jpg?resize=525%2C300 1.5x, https:\/\/i0.wp.com\/willi-junker.de\/dachs\/wp-content\/uploads\/2018\/06\/20180627_102233860068205.jpg?resize=700%2C400 2x, https:\/\/i0.wp.com\/willi-junker.de\/dachs\/wp-content\/uploads\/2018\/06\/20180627_102233860068205.jpg?resize=1050%2C600 3x, https:\/\/i0.wp.com\/willi-junker.de\/dachs\/wp-content\/uploads\/2018\/06\/20180627_102233860068205.jpg?resize=1400%2C800 4x"},"classes":[]},{"id":4749,"url":"https:\/\/willi-junker.de\/dachs\/?p=4749","url_meta":{"origin":1170,"position":3},"title":"Tag 1 &#8211; Radtour Radteam TuS Laubach","author":"Willi","date":"01.09.2018","format":false,"excerpt":"Heute Morgen sind wir um 9 Uhr am Gemeindehaus los geradelt. \u00dcber Laudert, Perscheid und Langscheid geht es hinab nach Oberwesel. Am Marktplatz, an der B\u00e4ckerei, gibt es Fr\u00fchst\u00fcck. Dann geht es weiter zur Kauber F\u00e4hre und auf rechtsrheiniger Seite bis nach Lorch. In Lorch endet das Wispertal. Diesem folgen\u2026","rel":"","context":"In &quot;Touren&quot;","block_context":{"text":"Touren","link":"https:\/\/willi-junker.de\/dachs\/?cat=3"},"img":{"alt_text":"","src":"https:\/\/i0.wp.com\/willi-junker.de\/dachs\/wp-content\/uploads\/2018\/09\/20180901_191148.jpg?fit=1200%2C675&ssl=1&resize=350%2C200","width":350,"height":200,"srcset":"https:\/\/i0.wp.com\/willi-junker.de\/dachs\/wp-content\/uploads\/2018\/09\/20180901_191148.jpg?fit=1200%2C675&ssl=1&resize=350%2C200 1x, https:\/\/i0.wp.com\/willi-junker.de\/dachs\/wp-content\/uploads\/2018\/09\/20180901_191148.jpg?fit=1200%2C675&ssl=1&resize=525%2C300 1.5x, https:\/\/i0.wp.com\/willi-junker.de\/dachs\/wp-content\/uploads\/2018\/09\/20180901_191148.jpg?fit=1200%2C675&ssl=1&resize=700%2C400 2x, https:\/\/i0.wp.com\/willi-junker.de\/dachs\/wp-content\/uploads\/2018\/09\/20180901_191148.jpg?fit=1200%2C675&ssl=1&resize=1050%2C600 3x"},"classes":[]},{"id":968,"url":"https:\/\/willi-junker.de\/dachs\/?p=968","url_meta":{"origin":1170,"position":4},"title":"Tagesabschluss auf der Sangon-H\u00fctte","author":"Willi","date":"06.07.2012","format":false,"excerpt":"Nach dem Besuch der Seiser Alm fahren wir mit dem Lift zur\u00fcck nach St. Ulrich, mit dem Bus nach St. Christina und laufen dann hoch zur Talstation der Col Raiser-Bahn. An der Bergstation kommen wir gegen 17:10 Uhr an. Dann geht es im Laufschritt abw\u00e4rts zur Sangon-H\u00fctte. Es beginnt wieder\u2026","rel":"","context":"In &quot;Touren&quot;","block_context":{"text":"Touren","link":"https:\/\/willi-junker.de\/dachs\/?cat=3"},"img":{"alt_text":"","src":"","width":0,"height":0},"classes":[]},{"id":1587,"url":"https:\/\/willi-junker.de\/dachs\/?p=1587","url_meta":{"origin":1170,"position":5},"title":"22:15 Uhr &#8211; Hunsr\u00fcck","author":"Willi","date":"22.06.2014","format":false,"excerpt":"In ein paar Minuten verlassen wir die Autobahn. Viele Staus haben wir umfahren und einige neue Landstra\u00dfen haben wir kennengelernt. Wir haben 2 tolle Tage auf R\u00fcgen erlebt und hatten viel Spa\u00df.","rel":"","context":"In &quot;Touren&quot;","block_context":{"text":"Touren","link":"https:\/\/willi-junker.de\/dachs\/?cat=3"},"img":{"alt_text":"","src":"","width":0,"height":0},"classes":[]}],"_links":{"self":[{"href":"https:\/\/willi-junker.de\/dachs\/index.php?rest_route=\/wp\/v2\/posts\/1170","targetHints":{"allow":["GET"]}}],"collection":[{"href":"https:\/\/willi-junker.de\/dachs\/index.php?rest_route=\/wp\/v2\/posts"}],"about":[{"href":"https:\/\/willi-junker.de\/dachs\/index.php?rest_route=\/wp\/v2\/types\/post"}],"author":[{"embeddable":true,"href":"https:\/\/willi-junker.de\/dachs\/index.php?rest_route=\/wp\/v2\/users\/1"}],"replies":[{"embeddable":true,"href":"https:\/\/willi-junker.de\/dachs\/index.php?rest_route=%2Fwp%2Fv2%2Fcomments&post=1170"}],"version-history":[{"count":0,"href":"https:\/\/willi-junker.de\/dachs\/index.php?rest_route=\/wp\/v2\/posts\/1170\/revisions"}],"wp:attachment":[{"href":"https:\/\/willi-junker.de\/dachs\/index.php?rest_route=%2Fwp%2Fv2%2Fmedia&parent=1170"}],"wp:term":[{"taxonomy":"category","embeddable":true,"href":"https:\/\/willi-junker.de\/dachs\/index.php?rest_route=%2Fwp%2Fv2%2Fcategories&post=1170"},{"taxonomy":"post_tag","embeddable":true,"href":"https:\/\/willi-junker.de\/dachs\/index.php?rest_route=%2Fwp%2Fv2%2Ftags&post=1170"}],"curies":[{"name":"wp","href":"https:\/\/api.w.org\/{rel}","templated":true}]}}