{"id":1159,"date":"2013-02-28T12:41:32","date_gmt":"2013-02-28T11:41:32","guid":{"rendered":"http:\/\/willi-junker.de\/dachs\/?p=1159"},"modified":"2013-02-28T20:05:43","modified_gmt":"2013-02-28T19:05:43","slug":"sella-ronda","status":"publish","type":"post","link":"https:\/\/willi-junker.de\/dachs\/?p=1159","title":{"rendered":"Sella-Ronda"},"content":{"rendered":"<p>Heute Morgen sind wir nach Colfuschg gefahren, direkt an die Sella-Ronda. Danach sind die einzelnen Gruppen in verschiedene Richtungen losgefahren. Heute ist es bedeckt und um 0 Grad.<\/p>\n<p><a href=\"https:\/\/i0.wp.com\/willi-junker.de\/dachs\/wp-content\/uploads\/2013\/02\/wpid-IMAG01121.jpg?ssl=1\"><img data-recalc-dims=\"1\" decoding=\"async\" title=\"IMAG0112.jpg\" class=\"alignnone size-full\" alt=\"image\" src=\"https:\/\/i0.wp.com\/willi-junker.de\/dachs\/wp-content\/uploads\/2013\/02\/wpid-IMAG0112.jpg?w=640&#038;ssl=1\" \/><\/a><\/p>\n","protected":false},"excerpt":{"rendered":"<p>Heute Morgen sind wir nach Colfuschg gefahren, direkt an die Sella-Ronda. Danach sind die einzelnen Gruppen in verschiedene Richtungen losgefahren. Heute ist es bedeckt und um 0 Grad.<\/p>\n","protected":false},"author":1,"featured_media":0,"comment_status":"open","ping_status":"open","sticky":false,"template":"","format":"standard","meta":{"_crdt_document":"","jetpack_post_was_ever_published":false,"_jetpack_newsletter_access":"","_jetpack_dont_email_post_to_subs":false,"_jetpack_newsletter_tier_id":0,"_jetpack_memberships_contains_paywalled_content":false,"_jetpack_memberships_contains_paid_content":false,"footnotes":"","jetpack_publicize_message":"","jetpack_publicize_feature_enabled":true,"jetpack_social_post_already_shared":false,"jetpack_social_options":{"image_generator_settings":{"template":"highway","default_image_id":0,"font":"","enabled":false},"version":2}},"categories":[3],"tags":[],"class_list":["post-1159","post","type-post","status-publish","format-standard","hentry","category-touren"],"jetpack_publicize_connections":[],"jetpack_featured_media_url":"","jetpack_sharing_enabled":true,"jetpack_shortlink":"https:\/\/wp.me\/p73o9s-iH","jetpack-related-posts":[{"id":3877,"url":"https:\/\/willi-junker.de\/dachs\/?p=3877","url_meta":{"origin":1159,"position":0},"title":"7. Skitag &#8211; Das n\u00e4chste Extrem","author":"Willi","date":"10.03.2017","format":false,"excerpt":"Heute fliegt alles weg, was nicht niet- und nagelfest ist. Toller Sonnenschein und Orkan.Die gro\u00dfen Lifte laufen nur eingeschr\u00e4nkt, die Sella-Ronda ist geschlossen. Hab mich ins Val (Langental) verkr\u00fcmelt. Knallharte Pisten. Selbst auf schwarzen Pisten muss man aufpassen, dass man nicht den Berg hoch geschoben wird \ud83d\ude01. Hab mich dann\u2026","rel":"","context":"In &quot;Touren&quot;","block_context":{"text":"Touren","link":"https:\/\/willi-junker.de\/dachs\/?cat=3"},"img":{"alt_text":"","src":"https:\/\/i0.wp.com\/willi-junker.de\/dachs\/wp-content\/uploads\/2017\/03\/wp-image-1082581161jpg.jpg?resize=350%2C200","width":350,"height":200,"srcset":"https:\/\/i0.wp.com\/willi-junker.de\/dachs\/wp-content\/uploads\/2017\/03\/wp-image-1082581161jpg.jpg?resize=350%2C200 1x, https:\/\/i0.wp.com\/willi-junker.de\/dachs\/wp-content\/uploads\/2017\/03\/wp-image-1082581161jpg.jpg?resize=525%2C300 1.5x, https:\/\/i0.wp.com\/willi-junker.de\/dachs\/wp-content\/uploads\/2017\/03\/wp-image-1082581161jpg.jpg?resize=700%2C400 2x"},"classes":[]},{"id":2009,"url":"https:\/\/willi-junker.de\/dachs\/?p=2009","url_meta":{"origin":1159,"position":1},"title":"2. Skitag \/ Corvara &#8211; Sella","author":"Willi","date":"25.02.2015","format":false,"excerpt":"Heute sind wir um 09:30 Uhr von Corvara aus gestartet. Die einzelnen Gruppen sind in diverse Richtungen gestartet, links und rechts herum um die Sella, zur Seceda und nach Alta Badia. Das Wetter ist noch ausbauf\u00e4hig.","rel":"","context":"In &quot;Touren&quot;","block_context":{"text":"Touren","link":"https:\/\/willi-junker.de\/dachs\/?cat=3"},"img":{"alt_text":"","src":"","width":0,"height":0},"classes":[]},{"id":5440,"url":"https:\/\/willi-junker.de\/dachs\/?p=5440","url_meta":{"origin":1159,"position":2},"title":"Skitag 4 &#8211; Sella","author":"Willi","date":"06.03.2020","format":false,"excerpt":"Heute Morgen sind wir nach Colfuschg gefahren. Unsere Mitfahrer verteilen sich in alle Himmelsrichtungen, rund um die Sella.","rel":"","context":"In &quot;Touren&quot;","block_context":{"text":"Touren","link":"https:\/\/willi-junker.de\/dachs\/?cat=3"},"img":{"alt_text":"","src":"https:\/\/i0.wp.com\/willi-junker.de\/dachs\/wp-content\/uploads\/2020\/03\/IMG_20200306_102430_1-scaled.jpg?resize=350%2C200&ssl=1","width":350,"height":200,"srcset":"https:\/\/i0.wp.com\/willi-junker.de\/dachs\/wp-content\/uploads\/2020\/03\/IMG_20200306_102430_1-scaled.jpg?resize=350%2C200&ssl=1 1x, https:\/\/i0.wp.com\/willi-junker.de\/dachs\/wp-content\/uploads\/2020\/03\/IMG_20200306_102430_1-scaled.jpg?resize=525%2C300&ssl=1 1.5x, https:\/\/i0.wp.com\/willi-junker.de\/dachs\/wp-content\/uploads\/2020\/03\/IMG_20200306_102430_1-scaled.jpg?resize=700%2C400&ssl=1 2x, https:\/\/i0.wp.com\/willi-junker.de\/dachs\/wp-content\/uploads\/2020\/03\/IMG_20200306_102430_1-scaled.jpg?resize=1050%2C600&ssl=1 3x, https:\/\/i0.wp.com\/willi-junker.de\/dachs\/wp-content\/uploads\/2020\/03\/IMG_20200306_102430_1-scaled.jpg?resize=1400%2C800&ssl=1 4x"},"classes":[]},{"id":3839,"url":"https:\/\/willi-junker.de\/dachs\/?p=3839","url_meta":{"origin":1159,"position":3},"title":"5. Skitag &#8211; Heute die Val Gardena Ronda","author":"Willi","date":"08.03.2017","format":false,"excerpt":"Herrliches Wetter, tolle Fernsicht, phantastischer Abfahrten. Ein Traum. Habe heute jeden Lift und jede Piste mitgenommen, die ich finden kann. Begonnen habe ich am Ciampinoi. Dann geht es in die Steinerne Stadt und von dort \u00fcber den Piz Sella nach Monte Pana. Oben auf dem Monte S\u00ebura genie\u00dfe ich die\u2026","rel":"","context":"In &quot;Touren&quot;","block_context":{"text":"Touren","link":"https:\/\/willi-junker.de\/dachs\/?cat=3"},"img":{"alt_text":"","src":"https:\/\/i0.wp.com\/willi-junker.de\/dachs\/wp-content\/uploads\/2017\/03\/wp-image-747463392jpg.jpg?resize=350%2C200","width":350,"height":200,"srcset":"https:\/\/i0.wp.com\/willi-junker.de\/dachs\/wp-content\/uploads\/2017\/03\/wp-image-747463392jpg.jpg?resize=350%2C200 1x, https:\/\/i0.wp.com\/willi-junker.de\/dachs\/wp-content\/uploads\/2017\/03\/wp-image-747463392jpg.jpg?resize=525%2C300 1.5x, https:\/\/i0.wp.com\/willi-junker.de\/dachs\/wp-content\/uploads\/2017\/03\/wp-image-747463392jpg.jpg?resize=700%2C400 2x"},"classes":[]},{"id":3517,"url":"https:\/\/willi-junker.de\/dachs\/?p=3517","url_meta":{"origin":1159,"position":4},"title":"11:10 Uhr &#8211; heute nur ne lockere Tour","author":"Willi","date":"11.09.2016","format":false,"excerpt":"Ich sitze schon auf der ersten H\u00fctte. Laut Wetterbericht wird es wie gestern auch nach Mittag regnen. Bin vom Ciampinoi durch die Steinerne Stadt zum Sella Sella-Joch und dann ein paar Meter abw\u00e4rts zu einer kleinen H\u00fctte.","rel":"","context":"In &quot;Touren&quot;","block_context":{"text":"Touren","link":"https:\/\/willi-junker.de\/dachs\/?cat=3"},"img":{"alt_text":"","src":"https:\/\/i0.wp.com\/willi-junker.de\/dachs\/wp-content\/uploads\/2016\/09\/wp-image-1957775294jpg.jpg?resize=350%2C200","width":350,"height":200,"srcset":"https:\/\/i0.wp.com\/willi-junker.de\/dachs\/wp-content\/uploads\/2016\/09\/wp-image-1957775294jpg.jpg?resize=350%2C200 1x, https:\/\/i0.wp.com\/willi-junker.de\/dachs\/wp-content\/uploads\/2016\/09\/wp-image-1957775294jpg.jpg?resize=525%2C300 1.5x, https:\/\/i0.wp.com\/willi-junker.de\/dachs\/wp-content\/uploads\/2016\/09\/wp-image-1957775294jpg.jpg?resize=700%2C400 2x"},"classes":[]},{"id":986,"url":"https:\/\/willi-junker.de\/dachs\/?p=986","url_meta":{"origin":1159,"position":5},"title":"Ein phantastischer letzter Wandertag geht zu Ende","author":"Willi","date":"08.07.2012","format":false,"excerpt":"Den Abschluss des Urlaubs begehen wir auf der Sangon-H\u00fctte und wandern mit dem letzten Tageslicht hinab ins Tal. Heute hat es erstmals seit letztem Mittwoch hier in Wolkenstein nicht geregnet. Es sind traumhafte Verh\u00e4ltnisse um im letzten Abendlicht Bilder von Sella und Langkofel zu machen.","rel":"","context":"In &quot;Touren&quot;","block_context":{"text":"Touren","link":"https:\/\/willi-junker.de\/dachs\/?cat=3"},"img":{"alt_text":"","src":"","width":0,"height":0},"classes":[]}],"_links":{"self":[{"href":"https:\/\/willi-junker.de\/dachs\/index.php?rest_route=\/wp\/v2\/posts\/1159","targetHints":{"allow":["GET"]}}],"collection":[{"href":"https:\/\/willi-junker.de\/dachs\/index.php?rest_route=\/wp\/v2\/posts"}],"about":[{"href":"https:\/\/willi-junker.de\/dachs\/index.php?rest_route=\/wp\/v2\/types\/post"}],"author":[{"embeddable":true,"href":"https:\/\/willi-junker.de\/dachs\/index.php?rest_route=\/wp\/v2\/users\/1"}],"replies":[{"embeddable":true,"href":"https:\/\/willi-junker.de\/dachs\/index.php?rest_route=%2Fwp%2Fv2%2Fcomments&post=1159"}],"version-history":[{"count":1,"href":"https:\/\/willi-junker.de\/dachs\/index.php?rest_route=\/wp\/v2\/posts\/1159\/revisions"}],"predecessor-version":[{"id":1162,"href":"https:\/\/willi-junker.de\/dachs\/index.php?rest_route=\/wp\/v2\/posts\/1159\/revisions\/1162"}],"wp:attachment":[{"href":"https:\/\/willi-junker.de\/dachs\/index.php?rest_route=%2Fwp%2Fv2%2Fmedia&parent=1159"}],"wp:term":[{"taxonomy":"category","embeddable":true,"href":"https:\/\/willi-junker.de\/dachs\/index.php?rest_route=%2Fwp%2Fv2%2Fcategories&post=1159"},{"taxonomy":"post_tag","embeddable":true,"href":"https:\/\/willi-junker.de\/dachs\/index.php?rest_route=%2Fwp%2Fv2%2Ftags&post=1159"}],"curies":[{"name":"wp","href":"https:\/\/api.w.org\/{rel}","templated":true}]}}