{"id":1155,"date":"2013-02-27T00:00:00","date_gmt":"2013-02-26T23:00:00","guid":{"rendered":"http:\/\/willi-junker.de\/dachs\/?p=1155"},"modified":"2013-02-28T20:08:16","modified_gmt":"2013-02-28T19:08:16","slug":"alta-badia","status":"publish","type":"post","link":"https:\/\/willi-junker.de\/dachs\/?p=1155","title":{"rendered":"Alta Badia"},"content":{"rendered":"<p>Heute sind wir in Pedraces, im Skigebiet Alta Badia. Letzte Nacht hat es geschneit und die Pisten sind echt toll. Die Sonne l\u00e4sst sich auch sehen.<\/p>\n<p><a href=\"https:\/\/i0.wp.com\/willi-junker.de\/dachs\/wp-content\/uploads\/2013\/02\/wpid-IMAG01041.jpg?ssl=1\"><img data-recalc-dims=\"1\" decoding=\"async\" title=\"IMAG0104.jpg\" class=\"alignnone size-full\" alt=\"image\" src=\"https:\/\/i0.wp.com\/willi-junker.de\/dachs\/wp-content\/uploads\/2013\/02\/wpid-IMAG0104.jpg?w=640&#038;ssl=1\" \/><\/a><\/p>\n","protected":false},"excerpt":{"rendered":"<p>Heute sind wir in Pedraces, im Skigebiet Alta Badia. Letzte Nacht hat es geschneit und die Pisten sind echt toll. Die Sonne l\u00e4sst sich auch sehen.<\/p>\n","protected":false},"author":1,"featured_media":0,"comment_status":"open","ping_status":"open","sticky":false,"template":"","format":"standard","meta":{"_crdt_document":"","jetpack_post_was_ever_published":false,"_jetpack_newsletter_access":"","_jetpack_dont_email_post_to_subs":false,"_jetpack_newsletter_tier_id":0,"_jetpack_memberships_contains_paywalled_content":false,"_jetpack_memberships_contains_paid_content":false,"footnotes":"","jetpack_publicize_message":"","jetpack_publicize_feature_enabled":true,"jetpack_social_post_already_shared":false,"jetpack_social_options":{"image_generator_settings":{"template":"highway","default_image_id":0,"font":"","enabled":false},"version":2}},"categories":[3],"tags":[],"class_list":["post-1155","post","type-post","status-publish","format-standard","hentry","category-touren"],"jetpack_publicize_connections":[],"jetpack_featured_media_url":"","jetpack_sharing_enabled":true,"jetpack_shortlink":"https:\/\/wp.me\/p73o9s-iD","jetpack-related-posts":[{"id":2009,"url":"https:\/\/willi-junker.de\/dachs\/?p=2009","url_meta":{"origin":1155,"position":0},"title":"2. Skitag \/ Corvara &#8211; Sella","author":"Willi","date":"25.02.2015","format":false,"excerpt":"Heute sind wir um 09:30 Uhr von Corvara aus gestartet. Die einzelnen Gruppen sind in diverse Richtungen gestartet, links und rechts herum um die Sella, zur Seceda und nach Alta Badia. Das Wetter ist noch ausbauf\u00e4hig.","rel":"","context":"In &quot;Touren&quot;","block_context":{"text":"Touren","link":"https:\/\/willi-junker.de\/dachs\/?cat=3"},"img":{"alt_text":"","src":"","width":0,"height":0},"classes":[]},{"id":5106,"url":"https:\/\/willi-junker.de\/dachs\/?p=5106","url_meta":{"origin":1155,"position":1},"title":"Skitag 2 &#8211; 20. Wintertour des TuS Laubach eV","author":"Willi","date":"06.02.2019","format":false,"excerpt":"Heute geht es in die Provinz Belluno, zum Falzaregopass. Nach einer Runde oberhalb von Cortina geht es zur\u00fcck nach Alta Badia.Auch heute ist wieder traumhafter Sonnenschein und die Pisten sind ziemlich leer.Auch am Nachmittag sind die Pisten im besten Zustand. Einfach toll.","rel":"","context":"In &quot;Touren&quot;","block_context":{"text":"Touren","link":"https:\/\/willi-junker.de\/dachs\/?cat=3"},"img":{"alt_text":"","src":"","width":0,"height":0},"classes":[]},{"id":3773,"url":"https:\/\/willi-junker.de\/dachs\/?p=3773","url_meta":{"origin":1155,"position":2},"title":"Kronplatz &#8211; Letzter Skitag Wintertour TuS Laubach 2017","author":"Willi","date":"18.02.2017","format":false,"excerpt":"Heute sind wir nochmals auf dem Kronplatz unterwegs. Es ist wieder sch\u00f6n sonnig und endlich etwas k\u00fchler.\u00a0","rel":"","context":"In &quot;Touren&quot;","block_context":{"text":"Touren","link":"https:\/\/willi-junker.de\/dachs\/?cat=3"},"img":{"alt_text":"","src":"https:\/\/i0.wp.com\/willi-junker.de\/dachs\/wp-content\/uploads\/2017\/02\/wp-image-1618028169jpg.jpg?resize=350%2C200","width":350,"height":200,"srcset":"https:\/\/i0.wp.com\/willi-junker.de\/dachs\/wp-content\/uploads\/2017\/02\/wp-image-1618028169jpg.jpg?resize=350%2C200 1x, https:\/\/i0.wp.com\/willi-junker.de\/dachs\/wp-content\/uploads\/2017\/02\/wp-image-1618028169jpg.jpg?resize=525%2C300 1.5x, https:\/\/i0.wp.com\/willi-junker.de\/dachs\/wp-content\/uploads\/2017\/02\/wp-image-1618028169jpg.jpg?resize=700%2C400 2x"},"classes":[]},{"id":5153,"url":"https:\/\/willi-junker.de\/dachs\/?p=5153","url_meta":{"origin":1155,"position":3},"title":"Skitag 5 &#8211; Wintertour des TuS Laubach eV","author":"Willi","date":"09.02.2019","format":false,"excerpt":"Am letzten Skitag sind wir wieder am Kronplatz. Die Koffer sind gepackt und die Zimmer verlassen. Die Sonne scheint auch heuer wieder. Auf zur letzten Runde. So ganz konnte ich es mir dann doch nicht verkneifen und habe das Skigebiet verlassen. Hab noch eine ordentliche Runde in Alta Badia gedreht.\u2026","rel":"","context":"In &quot;Touren&quot;","block_context":{"text":"Touren","link":"https:\/\/willi-junker.de\/dachs\/?cat=3"},"img":{"alt_text":"","src":"","width":0,"height":0},"classes":[]},{"id":1457,"url":"https:\/\/willi-junker.de\/dachs\/?p=1457","url_meta":{"origin":1155,"position":4},"title":"Lagazoi und Alta Badia","author":"Willi","date":"29.01.2014","format":false,"excerpt":"Heute Morgen haben wir unsere Runden oberhalb von Cortina gedreht und jetzt sind wir auf dem Weg nach La Villa. Sitze gerade auf der La Fraina H\u00fctte oberhalb von Corvara.","rel":"","context":"In &quot;Touren&quot;","block_context":{"text":"Touren","link":"https:\/\/willi-junker.de\/dachs\/?cat=3"},"img":{"alt_text":"","src":"","width":0,"height":0},"classes":[]},{"id":1318,"url":"https:\/\/willi-junker.de\/dachs\/?p=1318","url_meta":{"origin":1155,"position":5},"title":"Alta Badia, ich komme","author":"Willi","date":"21.07.2013","format":false,"excerpt":"Morgen geht es in Richtung Heimat. Es fehlen zuerst aber mal 1000 H\u00f6henmeter. Von der Peder\u00fc-H\u00fctte geht es erstmal steil bergauf zur Fanes-Alm und von dort weiter zu Forcula de Medesc. Das sind wieder gut 1000 H\u00f6henmeter. Ab nachmittags ist mit heftigen Gewittern zu rechnen. Von daher sollte ich zusehen,\u2026","rel":"","context":"In &quot;Touren&quot;","block_context":{"text":"Touren","link":"https:\/\/willi-junker.de\/dachs\/?cat=3"},"img":{"alt_text":"","src":"","width":0,"height":0},"classes":[]}],"_links":{"self":[{"href":"https:\/\/willi-junker.de\/dachs\/index.php?rest_route=\/wp\/v2\/posts\/1155","targetHints":{"allow":["GET"]}}],"collection":[{"href":"https:\/\/willi-junker.de\/dachs\/index.php?rest_route=\/wp\/v2\/posts"}],"about":[{"href":"https:\/\/willi-junker.de\/dachs\/index.php?rest_route=\/wp\/v2\/types\/post"}],"author":[{"embeddable":true,"href":"https:\/\/willi-junker.de\/dachs\/index.php?rest_route=\/wp\/v2\/users\/1"}],"replies":[{"embeddable":true,"href":"https:\/\/willi-junker.de\/dachs\/index.php?rest_route=%2Fwp%2Fv2%2Fcomments&post=1155"}],"version-history":[{"count":2,"href":"https:\/\/willi-junker.de\/dachs\/index.php?rest_route=\/wp\/v2\/posts\/1155\/revisions"}],"predecessor-version":[{"id":1165,"href":"https:\/\/willi-junker.de\/dachs\/index.php?rest_route=\/wp\/v2\/posts\/1155\/revisions\/1165"}],"wp:attachment":[{"href":"https:\/\/willi-junker.de\/dachs\/index.php?rest_route=%2Fwp%2Fv2%2Fmedia&parent=1155"}],"wp:term":[{"taxonomy":"category","embeddable":true,"href":"https:\/\/willi-junker.de\/dachs\/index.php?rest_route=%2Fwp%2Fv2%2Fcategories&post=1155"},{"taxonomy":"post_tag","embeddable":true,"href":"https:\/\/willi-junker.de\/dachs\/index.php?rest_route=%2Fwp%2Fv2%2Ftags&post=1155"}],"curies":[{"name":"wp","href":"https:\/\/api.w.org\/{rel}","templated":true}]}}