{"id":1154,"date":"2013-02-26T00:00:00","date_gmt":"2013-02-25T23:00:00","guid":{"rendered":"http:\/\/willi-junker.de\/dachs\/?p=1154"},"modified":"2013-02-27T19:26:33","modified_gmt":"2013-02-27T18:26:33","slug":"14-wintertour-des-tus-laubach","status":"publish","type":"post","link":"https:\/\/willi-junker.de\/dachs\/?p=1154","title":{"rendered":"14. Wintertour des TuS Laubach"},"content":{"rendered":"<p>Heute Morgen sind wir gegen 06:30 Uhr am Issinger Weiher angekommen. Die Berge sind toll verschneit. Ab 07:00 Uhr gibt es Fr\u00fchst\u00fcck und seit 09:00 Uhr sind wir am Kronplatz unterwegs.<\/p>\n","protected":false},"excerpt":{"rendered":"<p>Heute Morgen sind wir gegen 06:30 Uhr am Issinger Weiher angekommen. Die Berge sind toll verschneit. Ab 07:00 Uhr gibt es Fr\u00fchst\u00fcck und seit 09:00 Uhr sind wir am Kronplatz unterwegs.<\/p>\n","protected":false},"author":1,"featured_media":0,"comment_status":"open","ping_status":"open","sticky":false,"template":"","format":"standard","meta":{"_crdt_document":"","jetpack_post_was_ever_published":false,"_jetpack_newsletter_access":"","_jetpack_dont_email_post_to_subs":false,"_jetpack_newsletter_tier_id":0,"_jetpack_memberships_contains_paywalled_content":false,"_jetpack_memberships_contains_paid_content":false,"footnotes":"","jetpack_publicize_message":"","jetpack_publicize_feature_enabled":true,"jetpack_social_post_already_shared":false,"jetpack_social_options":{"image_generator_settings":{"template":"highway","default_image_id":0,"font":"","enabled":false},"version":2}},"categories":[3],"tags":[],"class_list":["post-1154","post","type-post","status-publish","format-standard","hentry","category-touren"],"jetpack_publicize_connections":[],"jetpack_featured_media_url":"","jetpack_sharing_enabled":true,"jetpack_shortlink":"https:\/\/wp.me\/p73o9s-iC","jetpack-related-posts":[{"id":2183,"url":"https:\/\/willi-junker.de\/dachs\/?p=2183","url_meta":{"origin":1154,"position":0},"title":"01:00 Uhr &#8211; Wir sind in der Dunkelheit unterwegs","author":"Willi","date":"14.06.2015","format":false,"excerpt":"Wir sind wieder unterwegs. Habe bis 0:30 Uhr im Auto geschlafen. Um 0:45 Uhr sind wir abmarschbereit und verschwinden so ziemlich als letzte vom Wandermarktplatz. Die ersten Wanderer sind schon gegen 23:00 Uhr losmarschiert, die gef\u00fchrte Gruppe um 0:00 Uhr und wir gut 45 Minuten sp\u00e4ter. So sollten wir ziemlich\u2026","rel":"","context":"In &quot;Touren&quot;","block_context":{"text":"Touren","link":"https:\/\/willi-junker.de\/dachs\/?cat=3"},"img":{"alt_text":"1. Pause in Woppenroth","src":"https:\/\/i0.wp.com\/willi-junker.de\/dachs\/wp-content\/uploads\/2015\/06\/2015_24h_rlp_140-500x299.jpg?resize=350%2C200","width":350,"height":200},"classes":[]},{"id":1385,"url":"https:\/\/willi-junker.de\/dachs\/?p=1385","url_meta":{"origin":1154,"position":1},"title":"Radtour Radteam 2013","author":"Willi","date":"07.09.2013","format":false,"excerpt":"Heute Morgen haben wir uns um 08:00 Uhr zum gemeinsamen Fr\u00fchst\u00fcck getroffen. P\u00fcnktlich um 09:00 h\u00f6rt der Regen auf und um 09:30 Uhr machen wir uns auf den Weg. Gegen 11:30 Uhr sind wir in St. Aldegund und beginnen mit dem Aufstieg in die Eifel. Um 13:30 Uhr gibt es\u2026","rel":"","context":"In &quot;Touren&quot;","block_context":{"text":"Touren","link":"https:\/\/willi-junker.de\/dachs\/?cat=3"},"img":{"alt_text":"","src":"","width":0,"height":0},"classes":[]},{"id":1445,"url":"https:\/\/willi-junker.de\/dachs\/?p=1445","url_meta":{"origin":1154,"position":2},"title":"Wir sind auf dem Heimweg","author":"Willi","date":"08.12.2013","format":false,"excerpt":"Ab 15:00 Uhr treffen wir uns am Bus. Kurz nach 16:00 Uhr sind wir abreisebereit und treten den Heimweg an. Wir hatten 2 sch\u00f6ne Skitage und heute zum Abschluss strahlenden Sonnenschein. Au\u00dferdem kamen alle wieder wohlbehalten an den Bus.","rel":"","context":"In &quot;Touren&quot;","block_context":{"text":"Touren","link":"https:\/\/willi-junker.de\/dachs\/?cat=3"},"img":{"alt_text":"","src":"","width":0,"height":0},"classes":[]},{"id":975,"url":"https:\/\/willi-junker.de\/dachs\/?p=975","url_meta":{"origin":1154,"position":3},"title":"Puezh\u00fctte und \u00dcbersteigung Col de la Pieres","author":"Willi","date":"07.07.2012","format":false,"excerpt":"Heute haben wir nochmals eine richtig gro\u00dfe Runde gemacht. Mit dem Lift ging es hoch auf das Gr\u00f6dner Joch. Ab dann den Rest zu Fu\u00df. Kurz nach 10:00 Uhr sind wir an der Jimmy-H\u00fctte. Kurz dahinter ist der Einstieg in den Fernwanderweg 2. Es geht hoch zum Cirjoch und weiter\u2026","rel":"","context":"In &quot;Touren&quot;","block_context":{"text":"Touren","link":"https:\/\/willi-junker.de\/dachs\/?cat=3"},"img":{"alt_text":"","src":"","width":0,"height":0},"classes":[]},{"id":4527,"url":"https:\/\/willi-junker.de\/dachs\/?p=4527","url_meta":{"origin":1154,"position":4},"title":"Tag 3 &#8211; Radtour zum Laubachtreffen im Elsass","author":"Willi","date":"27.06.2018","format":false,"excerpt":"Nach ruhiger Nacht und gutem Fr\u00fchst\u00fcck sind wir wieder auf Tour seit kurz nach 9 Uhr. Gegen 10:15 Uhr sind wir schon an der Kathedrale in Metz. Von Metz geht es weiter nach Nancy. Der Weg ist nicht immer so leicht zu finden. Zwischendurch nehmen wir noch das Mittagessen ein.\u2026","rel":"","context":"In &quot;Touren&quot;","block_context":{"text":"Touren","link":"https:\/\/willi-junker.de\/dachs\/?cat=3"},"img":{"alt_text":"","src":"https:\/\/i0.wp.com\/willi-junker.de\/dachs\/wp-content\/uploads\/2018\/06\/20180627_102233860068205.jpg?resize=350%2C200","width":350,"height":200,"srcset":"https:\/\/i0.wp.com\/willi-junker.de\/dachs\/wp-content\/uploads\/2018\/06\/20180627_102233860068205.jpg?resize=350%2C200 1x, https:\/\/i0.wp.com\/willi-junker.de\/dachs\/wp-content\/uploads\/2018\/06\/20180627_102233860068205.jpg?resize=525%2C300 1.5x, https:\/\/i0.wp.com\/willi-junker.de\/dachs\/wp-content\/uploads\/2018\/06\/20180627_102233860068205.jpg?resize=700%2C400 2x, https:\/\/i0.wp.com\/willi-junker.de\/dachs\/wp-content\/uploads\/2018\/06\/20180627_102233860068205.jpg?resize=1050%2C600 3x, https:\/\/i0.wp.com\/willi-junker.de\/dachs\/wp-content\/uploads\/2018\/06\/20180627_102233860068205.jpg?resize=1400%2C800 4x"},"classes":[]},{"id":2393,"url":"https:\/\/willi-junker.de\/dachs\/?p=2393","url_meta":{"origin":1154,"position":5},"title":"10:15 Uhr &#8211; Wir sind alle Laubacher","author":"Willi","date":"26.06.2015","format":false,"excerpt":"Wir sind am Ziel, eigentlich. Sind aber \u00fcber das Ziel hinausgeschossen und sitzen in Witzenhausen im Biergarten.","rel":"","context":"In &quot;Touren&quot;","block_context":{"text":"Touren","link":"https:\/\/willi-junker.de\/dachs\/?cat=3"},"img":{"alt_text":"","src":"","width":0,"height":0},"classes":[]}],"_links":{"self":[{"href":"https:\/\/willi-junker.de\/dachs\/index.php?rest_route=\/wp\/v2\/posts\/1154","targetHints":{"allow":["GET"]}}],"collection":[{"href":"https:\/\/willi-junker.de\/dachs\/index.php?rest_route=\/wp\/v2\/posts"}],"about":[{"href":"https:\/\/willi-junker.de\/dachs\/index.php?rest_route=\/wp\/v2\/types\/post"}],"author":[{"embeddable":true,"href":"https:\/\/willi-junker.de\/dachs\/index.php?rest_route=\/wp\/v2\/users\/1"}],"replies":[{"embeddable":true,"href":"https:\/\/willi-junker.de\/dachs\/index.php?rest_route=%2Fwp%2Fv2%2Fcomments&post=1154"}],"version-history":[{"count":2,"href":"https:\/\/willi-junker.de\/dachs\/index.php?rest_route=\/wp\/v2\/posts\/1154\/revisions"}],"predecessor-version":[{"id":1158,"href":"https:\/\/willi-junker.de\/dachs\/index.php?rest_route=\/wp\/v2\/posts\/1154\/revisions\/1158"}],"wp:attachment":[{"href":"https:\/\/willi-junker.de\/dachs\/index.php?rest_route=%2Fwp%2Fv2%2Fmedia&parent=1154"}],"wp:term":[{"taxonomy":"category","embeddable":true,"href":"https:\/\/willi-junker.de\/dachs\/index.php?rest_route=%2Fwp%2Fv2%2Fcategories&post=1154"},{"taxonomy":"post_tag","embeddable":true,"href":"https:\/\/willi-junker.de\/dachs\/index.php?rest_route=%2Fwp%2Fv2%2Ftags&post=1154"}],"curies":[{"name":"wp","href":"https:\/\/api.w.org\/{rel}","templated":true}]}}