{"id":1143,"date":"2013-02-23T12:28:24","date_gmt":"2013-02-23T11:28:24","guid":{"rendered":"http:\/\/willi-junker.de\/dachs\/?p=1143"},"modified":"2013-02-24T22:23:08","modified_gmt":"2013-02-24T21:23:08","slug":"wieder-erbeskopf","status":"publish","type":"post","link":"https:\/\/willi-junker.de\/dachs\/?p=1143","title":{"rendered":"Wieder Erbeskopf"},"content":{"rendered":"<p>Bin heute Morgen um 08:30 Uhr vom Parkplatz am Idarkopf losgelaufen. Nach 20 km bin ich um 12 Uhr am Pilz zum Pils am Erbeskopf eingekehrt. Es schneit best\u00e4ndig und ist recht kalt. Der Schnee ist sehr stumpf und ich musste die Graue Kreuz wie auch die Schinderhannes-Loipe komplett selbst spuren.<\/p>\n<p>Die Kahlheid wurde heute Morgen maschinell gespurt. Nach der Qu\u00e4lerei lasse ich die Hochwaldloipe aus. Erschwerend kommt heute hinzu, dass auf der Schinderhannes-Loipe ein Prozessor unterwegs ist. Sie geben sich alle M\u00fche, die Skilangl\u00e4ufer aus den W\u00e4ldern zu vertreiben.<\/p>\n<p><a href=\"https:\/\/i0.wp.com\/willi-junker.de\/dachs\/wp-content\/uploads\/2013\/02\/P1070544.jpg?ssl=1\"><img data-recalc-dims=\"1\" loading=\"lazy\" decoding=\"async\" data-attachment-id=\"1146\" data-permalink=\"https:\/\/willi-junker.de\/dachs\/?attachment_id=1146\" data-orig-file=\"https:\/\/i0.wp.com\/willi-junker.de\/dachs\/wp-content\/uploads\/2013\/02\/P1070544.jpg?fit=1600%2C901&amp;ssl=1\" data-orig-size=\"1600,901\" data-comments-opened=\"1\" data-image-meta=\"{&quot;aperture&quot;:&quot;4&quot;,&quot;credit&quot;:&quot;&quot;,&quot;camera&quot;:&quot;DMC-TZ10&quot;,&quot;caption&quot;:&quot;&quot;,&quot;created_timestamp&quot;:&quot;1361636945&quot;,&quot;copyright&quot;:&quot;&quot;,&quot;focal_length&quot;:&quot;4.1&quot;,&quot;iso&quot;:&quot;125&quot;,&quot;shutter_speed&quot;:&quot;0.00625&quot;,&quot;title&quot;:&quot;&quot;}\" data-image-title=\"P1070544\" data-image-description=\"\" data-image-caption=\"\" data-large-file=\"https:\/\/i0.wp.com\/willi-junker.de\/dachs\/wp-content\/uploads\/2013\/02\/P1070544.jpg?fit=500%2C281&amp;ssl=1\" class=\"aligncenter size-large wp-image-1146\" alt=\"P1070544\" src=\"https:\/\/i0.wp.com\/willi-junker.de\/dachs\/wp-content\/uploads\/2013\/02\/P1070544.jpg?resize=500%2C281&#038;ssl=1\" width=\"500\" height=\"281\" srcset=\"https:\/\/i0.wp.com\/willi-junker.de\/dachs\/wp-content\/uploads\/2013\/02\/P1070544.jpg?resize=500%2C281&amp;ssl=1 500w, https:\/\/i0.wp.com\/willi-junker.de\/dachs\/wp-content\/uploads\/2013\/02\/P1070544.jpg?resize=300%2C168&amp;ssl=1 300w, https:\/\/i0.wp.com\/willi-junker.de\/dachs\/wp-content\/uploads\/2013\/02\/P1070544.jpg?w=1600&amp;ssl=1 1600w, https:\/\/i0.wp.com\/willi-junker.de\/dachs\/wp-content\/uploads\/2013\/02\/P1070544.jpg?w=1280&amp;ssl=1 1280w\" sizes=\"auto, (max-width: 500px) 100vw, 500px\" \/><\/a>Durch den vielen Neuschnee ist von der Spur vom Vortag kaum noch etwas zu sehen<\/p>\n","protected":false},"excerpt":{"rendered":"<p>Bin heute Morgen um 08:30 Uhr vom Parkplatz am Idarkopf losgelaufen. Nach 20 km bin ich um 12 Uhr am Pilz zum Pils am Erbeskopf eingekehrt. Es schneit best\u00e4ndig und ist recht kalt. Der Schnee ist sehr stumpf und ich &hellip; <a href=\"https:\/\/willi-junker.de\/dachs\/?p=1143\">Weiterlesen <span class=\"meta-nav\">&rarr;<\/span><\/a><\/p>\n","protected":false},"author":1,"featured_media":0,"comment_status":"open","ping_status":"open","sticky":false,"template":"","format":"standard","meta":{"_crdt_document":"","jetpack_post_was_ever_published":false,"_jetpack_newsletter_access":"","_jetpack_dont_email_post_to_subs":false,"_jetpack_newsletter_tier_id":0,"_jetpack_memberships_contains_paywalled_content":false,"_jetpack_memberships_contains_paid_content":false,"footnotes":"","jetpack_publicize_message":"","jetpack_publicize_feature_enabled":true,"jetpack_social_post_already_shared":false,"jetpack_social_options":{"image_generator_settings":{"template":"highway","default_image_id":0,"font":"","enabled":false},"version":2}},"categories":[3],"tags":[],"class_list":["post-1143","post","type-post","status-publish","format-standard","hentry","category-touren"],"jetpack_publicize_connections":[],"jetpack_featured_media_url":"","jetpack_sharing_enabled":true,"jetpack_shortlink":"https:\/\/wp.me\/p73o9s-ir","jetpack-related-posts":[{"id":1112,"url":"https:\/\/willi-junker.de\/dachs\/?p=1112","url_meta":{"origin":1143,"position":0},"title":"Skilanglauf &#8211; Nach 20 km ist der Erbeskopf erreicht","author":"Willi","date":"26.01.2013","format":false,"excerpt":"Bin heute Morgen um 8:30 Uhr am Idarkopf losgelaufen. Auf teils ungespurter Loipe bei gerade ausreichender Schneeh\u00f6he ging es recht anspruchsvoll immer der Kammlage entlang zum Erbeskopf. Unversch\u00e4mt ist, da\u00df auf ca 1 km B\u00e4ume frisch gef\u00e4llt wurden. Das hat mich bestimmt eine halbe Stunde gekostet. Au\u00dferdem wurden viele Schilder\u2026","rel":"","context":"In &quot;Touren&quot;","block_context":{"text":"Touren","link":"https:\/\/willi-junker.de\/dachs\/?cat=3"},"img":{"alt_text":"","src":"","width":0,"height":0},"classes":[]},{"id":174,"url":"https:\/\/willi-junker.de\/dachs\/?p=174","url_meta":{"origin":1143,"position":1},"title":"Skiwanderung Hochwald-Idarwald am 29.01.2011","author":"Willi","date":"29.01.2011","format":false,"excerpt":"Der Tag beginnt um 06.00 Uhr. Kurz nach 07.30 Uhr verlasse ich das Haus und um 08:30 Uhr stehe ich am kleinen Parkplatz zwischen Hochscheid und Stipshausen. Erst in der Kammlage liegt gerade gen\u00fcgend Schnee zum Skilanglauf. Hier beginnt die \"Graue Kreuz Loipe\" Die Loipe ist nicht pr\u00e4pariert und so\u2026","rel":"","context":"In &quot;Touren&quot;","block_context":{"text":"Touren","link":"https:\/\/willi-junker.de\/dachs\/?cat=3"},"img":{"alt_text":"kurze Pause","src":"https:\/\/i0.wp.com\/willi-junker.de\/dachs\/wp-content\/uploads\/2011\/01\/1.jpg?resize=350%2C200","width":350,"height":200,"srcset":"https:\/\/i0.wp.com\/willi-junker.de\/dachs\/wp-content\/uploads\/2011\/01\/1.jpg?resize=350%2C200 1x, https:\/\/i0.wp.com\/willi-junker.de\/dachs\/wp-content\/uploads\/2011\/01\/1.jpg?resize=525%2C300 1.5x"},"classes":[]},{"id":1187,"url":"https:\/\/willi-junker.de\/dachs\/?p=1187","url_meta":{"origin":1143,"position":2},"title":"Erbeskopf","author":"Willi","date":"29.03.2013","format":false,"excerpt":"Um ca. 11:30 Uhr erreiche ich \u00fcber die 8,4 km lange Hochwaldloipe den Fu\u00df des Erbeskopfes. Gleichzeitig kommt Familie Redfern an. Sie wollen heute den Hunsr\u00fccker Schnee genie\u00dfen. Ich versorge mich erstmal mit kalten und hei\u00dfen Getr\u00e4nken und einem kleinen Imbiss. Danach geht es zu Fu\u00df die Piste 2 hoch\u2026","rel":"","context":"In &quot;Touren&quot;","block_context":{"text":"Touren","link":"https:\/\/willi-junker.de\/dachs\/?cat=3"},"img":{"alt_text":"Piste 1 - Erbeskopf","src":"https:\/\/i0.wp.com\/willi-junker.de\/dachs\/wp-content\/uploads\/2013\/03\/3-500x281.jpg?resize=350%2C200","width":350,"height":200},"classes":[]},{"id":1175,"url":"https:\/\/willi-junker.de\/dachs\/?p=1175","url_meta":{"origin":1143,"position":3},"title":"Parkplatz OK-H\u00fctte Morbach","author":"Willi","date":"29.03.2013","format":false,"excerpt":"Bin heute Morgen um 07:45 Uhr, bei leichtem Schneefall, zum Parkplatz oberhalb von Morbach unterweg. Hier lasse ich das Auto stehen und laufe in Richtung S\u00fcden auf der Kahlheidloipe los. Wie fast immer bin ich auch heute der Erste in der Spur und darf mal wieder spuren. Seit gestern hat\u2026","rel":"","context":"In &quot;Touren&quot;","block_context":{"text":"Touren","link":"https:\/\/willi-junker.de\/dachs\/?cat=3"},"img":{"alt_text":"Hochwaldloipe","src":"https:\/\/i0.wp.com\/willi-junker.de\/dachs\/wp-content\/uploads\/2013\/03\/1-500x299.jpg?resize=350%2C200","width":350,"height":200},"classes":[]},{"id":3941,"url":"https:\/\/willi-junker.de\/dachs\/?p=3941","url_meta":{"origin":1143,"position":4},"title":"Oster-Wandertour 2017","author":"Willi","date":"16.04.2017","format":false,"excerpt":"Bin heute am 1. Ostertag schon fr\u00fch losgefahren und treffe gegen 08:50 Uhr am Parkplatz am Hunsr\u00fcckhaus am Erbeskopf ein. Es ist noch ganz sch\u00f6n k\u00fchl, die Grashalme teilweise gefroren. Zuerst folge ich der Traumschleife Gipfelrauschen gegen den Uhrzeigersinn. Er f\u00fchrt mich bis \u00fcber den Gipfelkamm. Dort biege ich dann\u2026","rel":"","context":"In &quot;Touren&quot;","block_context":{"text":"Touren","link":"https:\/\/willi-junker.de\/dachs\/?cat=3"},"img":{"alt_text":"","src":"https:\/\/i0.wp.com\/willi-junker.de\/dachs\/wp-content\/uploads\/2017\/04\/2017_03_16_001-500x281.jpg?resize=350%2C200","width":350,"height":200},"classes":[]},{"id":1357,"url":"https:\/\/willi-junker.de\/dachs\/?p=1357","url_meta":{"origin":1143,"position":5},"title":"Tierser Alpl und Schlernh\u00e4user","author":"Willi","date":"27.07.2013","format":false,"excerpt":"Heute habe ich wohl meine l\u00e4ngste Alpenetappe gemacht. Ich bin heute Morgen um kurz nach 9 Uhr mit dem Bus zum Sellapass. Von dort geht es dann \u00fcber die Friedrich-August-H\u00fctte und den gleichnamigen Weg hinter dem Langkofel her. Dann weiter \u00fcber die Plattkofelh\u00fctte zur Tierser Alpl H\u00fctte. Hier bin ich\u2026","rel":"","context":"In &quot;Touren&quot;","block_context":{"text":"Touren","link":"https:\/\/willi-junker.de\/dachs\/?cat=3"},"img":{"alt_text":"","src":"","width":0,"height":0},"classes":[]}],"_links":{"self":[{"href":"https:\/\/willi-junker.de\/dachs\/index.php?rest_route=\/wp\/v2\/posts\/1143","targetHints":{"allow":["GET"]}}],"collection":[{"href":"https:\/\/willi-junker.de\/dachs\/index.php?rest_route=\/wp\/v2\/posts"}],"about":[{"href":"https:\/\/willi-junker.de\/dachs\/index.php?rest_route=\/wp\/v2\/types\/post"}],"author":[{"embeddable":true,"href":"https:\/\/willi-junker.de\/dachs\/index.php?rest_route=\/wp\/v2\/users\/1"}],"replies":[{"embeddable":true,"href":"https:\/\/willi-junker.de\/dachs\/index.php?rest_route=%2Fwp%2Fv2%2Fcomments&post=1143"}],"version-history":[{"count":3,"href":"https:\/\/willi-junker.de\/dachs\/index.php?rest_route=\/wp\/v2\/posts\/1143\/revisions"}],"predecessor-version":[{"id":1144,"href":"https:\/\/willi-junker.de\/dachs\/index.php?rest_route=\/wp\/v2\/posts\/1143\/revisions\/1144"}],"wp:attachment":[{"href":"https:\/\/willi-junker.de\/dachs\/index.php?rest_route=%2Fwp%2Fv2%2Fmedia&parent=1143"}],"wp:term":[{"taxonomy":"category","embeddable":true,"href":"https:\/\/willi-junker.de\/dachs\/index.php?rest_route=%2Fwp%2Fv2%2Fcategories&post=1143"},{"taxonomy":"post_tag","embeddable":true,"href":"https:\/\/willi-junker.de\/dachs\/index.php?rest_route=%2Fwp%2Fv2%2Ftags&post=1143"}],"curies":[{"name":"wp","href":"https:\/\/api.w.org\/{rel}","templated":true}]}}