{"id":1000,"date":"2012-09-07T09:49:28","date_gmt":"2012-09-07T08:49:28","guid":{"rendered":"http:\/\/willi-junker.de\/dachs\/?p=1000"},"modified":"2012-10-07T09:47:44","modified_gmt":"2012-10-07T08:47:44","slug":"am-glan","status":"publish","type":"post","link":"https:\/\/willi-junker.de\/dachs\/?p=1000","title":{"rendered":"Am Glan"},"content":{"rendered":"<p><a href=\"https:\/\/i0.wp.com\/willi-junker.de\/dachs\/wp-content\/uploads\/2012\/09\/wpid-IMAG12381.jpg?ssl=1\"><img data-recalc-dims=\"1\" decoding=\"async\" class=\"alignnone\" title=\"\" src=\"https:\/\/i0.wp.com\/willi-junker.de\/dachs\/wp-content\/uploads\/2012\/09\/wpid-IMAG1238.jpg?w=640&#038;ssl=1\" alt=\"image\" \/><\/a><\/p>\n<p>Nach 2:45 Stunden und 51 km bin ich am Glan. Die n\u00e4chsten Stunden geht es nun immer leicht aufw\u00e4rts.<\/p>\n","protected":false},"excerpt":{"rendered":"<p>Nach 2:45 Stunden und 51 km bin ich am Glan. Die n\u00e4chsten Stunden geht es nun immer leicht aufw\u00e4rts.<\/p>\n","protected":false},"author":1,"featured_media":0,"comment_status":"open","ping_status":"open","sticky":false,"template":"","format":"standard","meta":{"_crdt_document":"","jetpack_post_was_ever_published":false,"_jetpack_newsletter_access":"","_jetpack_dont_email_post_to_subs":false,"_jetpack_newsletter_tier_id":0,"_jetpack_memberships_contains_paywalled_content":false,"_jetpack_memberships_contains_paid_content":false,"footnotes":"","jetpack_publicize_message":"","jetpack_publicize_feature_enabled":true,"jetpack_social_post_already_shared":false,"jetpack_social_options":{"image_generator_settings":{"template":"highway","default_image_id":0,"font":"","enabled":false},"version":2}},"categories":[3],"tags":[],"class_list":["post-1000","post","type-post","status-publish","format-standard","hentry","category-touren"],"jetpack_publicize_connections":[],"jetpack_featured_media_url":"","jetpack_sharing_enabled":true,"jetpack_shortlink":"https:\/\/wp.me\/p73o9s-g8","jetpack-related-posts":[{"id":5217,"url":"https:\/\/willi-junker.de\/dachs\/?p=5217","url_meta":{"origin":1000,"position":0},"title":"Radtour nach Bad Sch\u00f6nborn \/ Tag 1 (K\u00f6nigsetappe)","author":"Willi","date":"18.07.2019","format":false,"excerpt":"Heute Morgen bin ich gegen vier Uhr aus den Federn gesprungen und um halb sechs hab ich das Rad abfahrbereit gemacht. Dann geht es im Morgengrauen los. \u00dcber Alterk\u00fclz geht es auf den Schinderhannesradweg und nach Simmern. Dann hinauf nach Holzbach und wieder hinab nach Tiefenbach. Hier werden die 10\u2026","rel":"","context":"In &quot;Touren&quot;","block_context":{"text":"Touren","link":"https:\/\/willi-junker.de\/dachs\/?cat=3"},"img":{"alt_text":"","src":"https:\/\/i0.wp.com\/willi-junker.de\/dachs\/wp-content\/uploads\/2019\/07\/20190718_0753291178164395.jpg?resize=350%2C200","width":350,"height":200,"srcset":"https:\/\/i0.wp.com\/willi-junker.de\/dachs\/wp-content\/uploads\/2019\/07\/20190718_0753291178164395.jpg?resize=350%2C200 1x, https:\/\/i0.wp.com\/willi-junker.de\/dachs\/wp-content\/uploads\/2019\/07\/20190718_0753291178164395.jpg?resize=525%2C300 1.5x, https:\/\/i0.wp.com\/willi-junker.de\/dachs\/wp-content\/uploads\/2019\/07\/20190718_0753291178164395.jpg?resize=700%2C400 2x, https:\/\/i0.wp.com\/willi-junker.de\/dachs\/wp-content\/uploads\/2019\/07\/20190718_0753291178164395.jpg?resize=1050%2C600 3x, https:\/\/i0.wp.com\/willi-junker.de\/dachs\/wp-content\/uploads\/2019\/07\/20190718_0753291178164395.jpg?resize=1400%2C800 4x"},"classes":[]},{"id":2624,"url":"https:\/\/willi-junker.de\/dachs\/?p=2624","url_meta":{"origin":1000,"position":1},"title":"Hochalppass &#8211; Hochtannenberg","author":"Willi","date":"22.08.2015","format":false,"excerpt":"Jetzt kommen die richtigen Berge. Bin heute Morgen um 09:00 Uhr los. So ohne Fernseher und sonstige Technik ist man morgens auch fit. Nachdem ich hinunter nach Baad abgestiegen bin ging es ins B\u00e4rguntal. Hier geht es stetig bergauf und nach 3 Stunden stehe ich am Hochalppass. Bis hierher hatte\u2026","rel":"","context":"In &quot;Touren&quot;","block_context":{"text":"Touren","link":"https:\/\/willi-junker.de\/dachs\/?cat=3"},"img":{"alt_text":"","src":"","width":0,"height":0},"classes":[]},{"id":4839,"url":"https:\/\/willi-junker.de\/dachs\/?p=4839","url_meta":{"origin":1000,"position":2},"title":"Saar-Hunsr\u00fcck-Steig r\u00fcckw\u00e4rts &#8211; Tag 2 &#8211; Etappe 22 und 21","author":"Willi","date":"10.10.2018","format":false,"excerpt":"Kurz nach halb neun starte ich im nebligen Brodenbach. Die Mosel ist nicht zu sehen. Nach ca. 1,5 km bin ich wieder auf dem Saar-Hunsr\u00fcck-Steig. Es geht steil hinauf nach Morshausen. Am Ehrenburgblick stehe ich leider noch immer im Nebel. Der Nebel rundum gibt der Landschaft einen mystischen Hauch. Richtig\u2026","rel":"","context":"In &quot;Touren&quot;","block_context":{"text":"Touren","link":"https:\/\/willi-junker.de\/dachs\/?cat=3"},"img":{"alt_text":"","src":"https:\/\/i0.wp.com\/willi-junker.de\/dachs\/wp-content\/uploads\/2018\/10\/20181010_0918091479369735.jpg?resize=350%2C200","width":350,"height":200,"srcset":"https:\/\/i0.wp.com\/willi-junker.de\/dachs\/wp-content\/uploads\/2018\/10\/20181010_0918091479369735.jpg?resize=350%2C200 1x, https:\/\/i0.wp.com\/willi-junker.de\/dachs\/wp-content\/uploads\/2018\/10\/20181010_0918091479369735.jpg?resize=525%2C300 1.5x, https:\/\/i0.wp.com\/willi-junker.de\/dachs\/wp-content\/uploads\/2018\/10\/20181010_0918091479369735.jpg?resize=700%2C400 2x, https:\/\/i0.wp.com\/willi-junker.de\/dachs\/wp-content\/uploads\/2018\/10\/20181010_0918091479369735.jpg?resize=1050%2C600 3x, https:\/\/i0.wp.com\/willi-junker.de\/dachs\/wp-content\/uploads\/2018\/10\/20181010_0918091479369735.jpg?resize=1400%2C800 4x"},"classes":[]},{"id":2431,"url":"https:\/\/willi-junker.de\/dachs\/?p=2431","url_meta":{"origin":1000,"position":3},"title":"13:45 Uhr &#8211; Abreise","author":"Willi","date":"28.06.2015","format":false,"excerpt":"Nach und nach verlassen alle Laubacher den Ort. Ab 13:45 Uhr bin auch ich dabei. Noch ein letzter Blick auf's Ortsschild und es geht steil hinab an die Werra. Ihr folge ich nun aufw\u00e4rts in Richtung Eisenach. Bis dorthin d\u00fcrften es in etwa 100 km sein. Kurz nach Witzenhausen fahre\u2026","rel":"","context":"In &quot;Touren&quot;","block_context":{"text":"Touren","link":"https:\/\/willi-junker.de\/dachs\/?cat=3"},"img":{"alt_text":"","src":"","width":0,"height":0},"classes":[]},{"id":5230,"url":"https:\/\/willi-junker.de\/dachs\/?p=5230","url_meta":{"origin":1000,"position":4},"title":"Radtour nach Bad Sch\u00f6nborn \/ Tag 2","author":"Willi Junker","date":"19.07.2019","format":false,"excerpt":"Auch heute sitze ich wieder auf dem Rad, aber bei Weitem nich so fr\u00fch als gestern. Nach einem ausf\u00fchrlichen Fr\u00fchst\u00fcck starte ich gegen 10:15 Uhr. Mein Weg f\u00fchrt mich zuerst ins Fremdenverkehrsamt. Danach will ich weiter in Richtung Schwetzingen. Schwetzingen lockt mit einer gro\u00dfen Schlo\u00dfanlage und liegt ca. 30 Kilometer\u2026","rel":"","context":"In &quot;Touren&quot;","block_context":{"text":"Touren","link":"https:\/\/willi-junker.de\/dachs\/?cat=3"},"img":{"alt_text":"","src":"https:\/\/i0.wp.com\/willi-junker.de\/dachs\/wp-content\/uploads\/2019\/07\/20190719_1129171132900057.jpg?resize=350%2C200&ssl=1","width":350,"height":200,"srcset":"https:\/\/i0.wp.com\/willi-junker.de\/dachs\/wp-content\/uploads\/2019\/07\/20190719_1129171132900057.jpg?resize=350%2C200&ssl=1 1x, https:\/\/i0.wp.com\/willi-junker.de\/dachs\/wp-content\/uploads\/2019\/07\/20190719_1129171132900057.jpg?resize=525%2C300&ssl=1 1.5x, https:\/\/i0.wp.com\/willi-junker.de\/dachs\/wp-content\/uploads\/2019\/07\/20190719_1129171132900057.jpg?resize=700%2C400&ssl=1 2x, https:\/\/i0.wp.com\/willi-junker.de\/dachs\/wp-content\/uploads\/2019\/07\/20190719_1129171132900057.jpg?resize=1050%2C600&ssl=1 3x"},"classes":[]},{"id":895,"url":"https:\/\/willi-junker.de\/dachs\/?p=895","url_meta":{"origin":1000,"position":5},"title":"Aufstieg zur Wei\u00dfen Wand","author":"Willi","date":"29.06.2012","format":false,"excerpt":"Diesen Tag hab ich wohl etwas untersch\u00e4tzt. Um 09:30 Uhr verlasse ich Kasern. Letzte Nacht war ich wohl der einzige Deutschlandfan im Gasthof. Das lie\u00df mich Igor, der Chef, beim Abmarsch deutlich sp\u00fcren ;-) Direkt nach Kasern sind erstmals 500 H\u00f6henmeter zu erklimmen, die sehr steil sind. Dann zieht sich\u2026","rel":"","context":"In &quot;Touren&quot;","block_context":{"text":"Touren","link":"https:\/\/willi-junker.de\/dachs\/?cat=3"},"img":{"alt_text":"","src":"","width":0,"height":0},"classes":[]}],"_links":{"self":[{"href":"https:\/\/willi-junker.de\/dachs\/index.php?rest_route=\/wp\/v2\/posts\/1000","targetHints":{"allow":["GET"]}}],"collection":[{"href":"https:\/\/willi-junker.de\/dachs\/index.php?rest_route=\/wp\/v2\/posts"}],"about":[{"href":"https:\/\/willi-junker.de\/dachs\/index.php?rest_route=\/wp\/v2\/types\/post"}],"author":[{"embeddable":true,"href":"https:\/\/willi-junker.de\/dachs\/index.php?rest_route=\/wp\/v2\/users\/1"}],"replies":[{"embeddable":true,"href":"https:\/\/willi-junker.de\/dachs\/index.php?rest_route=%2Fwp%2Fv2%2Fcomments&post=1000"}],"version-history":[{"count":2,"href":"https:\/\/willi-junker.de\/dachs\/index.php?rest_route=\/wp\/v2\/posts\/1000\/revisions"}],"predecessor-version":[{"id":1034,"href":"https:\/\/willi-junker.de\/dachs\/index.php?rest_route=\/wp\/v2\/posts\/1000\/revisions\/1034"}],"wp:attachment":[{"href":"https:\/\/willi-junker.de\/dachs\/index.php?rest_route=%2Fwp%2Fv2%2Fmedia&parent=1000"}],"wp:term":[{"taxonomy":"category","embeddable":true,"href":"https:\/\/willi-junker.de\/dachs\/index.php?rest_route=%2Fwp%2Fv2%2Fcategories&post=1000"},{"taxonomy":"post_tag","embeddable":true,"href":"https:\/\/willi-junker.de\/dachs\/index.php?rest_route=%2Fwp%2Fv2%2Ftags&post=1000"}],"curies":[{"name":"wp","href":"https:\/\/api.w.org\/{rel}","templated":true}]}}